{"id":9743,"date":"2018-10-21T16:18:56","date_gmt":"2018-10-21T15:18:56","guid":{"rendered":"https:\/\/valenciasjb.salesianos.edu\/colegio\/?p=9743"},"modified":"2018-10-21T16:18:56","modified_gmt":"2018-10-21T15:18:56","slug":"neus-ferri-finalista-de-la-primera-edicion-del-programa-la-voz-en-2012-cuenta-su-historia-en-la-semana-de-orientacion-vocacional","status":"publish","type":"post","link":"https:\/\/valenciasjb.salesianos.edu\/colegio\/neus-ferri-finalista-de-la-primera-edicion-del-programa-la-voz-en-2012-cuenta-su-historia-en-la-semana-de-orientacion-vocacional\/","title":{"rendered":"Neus Ferri, finalista de la primera edici\u00f3n del programa \u201cLa Voz\u201d en 2012, cuenta su historia en la Semana de Orientaci\u00f3n Vocacional"},"content":{"rendered":"<div id=\"fb-root\"><\/div>\n<p>[et_pb_section bb_built=\u00bb1&#8243; admin_label=\u00bbsection\u00bb][et_pb_row admin_label=\u00bbrow\u00bb background_position=\u00bbtop_left\u00bb background_repeat=\u00bbrepeat\u00bb background_size=\u00bbinitial\u00bb][et_pb_column type=\u00bb4_4&#8243;][et_pb_text admin_label=\u00bbEntradilla (Texto)\u00bb _builder_version=\u00bb3.0.105&#8243; background_layout=\u00bblight\u00bb text_orientation=\u00bbjustified\u00bb text_font=\u00bb|on|||\u00bb module_alignment=\u00bbleft\u00bb]<\/p>\n<div id=\"resumen\">\n<p><em>Una de las m\u00e1s grandes voces valencianas y espa\u00f1olas actuales cuenta su experiencia en la m\u00fasica y en la vida a alumnado de 1\u00ba y 2\u00ba de la ESO.<\/em><\/p>\n<\/div>\n<div><\/div>\n<p>[\/et_pb_text][et_pb_text admin_label=\u00bbAutor (Texto)\u00bb _builder_version=\u00bb3.0.85&#8243; background_layout=\u00bblight\u00bb text_font=\u00bb||on||\u00bb]<\/p>\n<p>Redacci\u00f3n<\/p>\n<p>[\/et_pb_text][et_pb_text admin_label=\u00bbDesarrollo (Texto)\u00bb _builder_version=\u00bb3.0.105&#8243; background_layout=\u00bblight\u00bb text_orientation=\u00bbjustified\u00bb module_alignment=\u00bbleft\u00bb]<\/p>\n<p>En el marco de la Semana de Orientaci\u00f3n Vocacional, dirigida a alumnos de todo el colegio, en una de las muchas actividades que tendr\u00e1n lugar en la etapa de Secundaria, la compositora, cantante e int\u00e9rprete, Neus Ferri, finalista de la primera edici\u00f3n del programa \u201cLa Voz\u201d en 2012, cuenta su historia y c\u00f3mo ha tenido que esforzarse para llegar hasta el lugar que ahora ocupa. Desde sus principios como acompa\u00f1ante hasta el lanzamiento de su carrera en soitario, Neus refleja el tes\u00f3n en conseguir sus sue\u00f1os art\u00edsticos. En esta charla, demuestra adem\u00e1s su gran humanidad y sencillez alternando sus consejos y experiencias con alguna de sus canciones m\u00e1s conocidas y que tambi\u00e9n reflejan ese sentimiento.<\/p>\n<p>La Semana de Orientaci\u00f3n Vocacional surge desde la necesidad de dotar a los j\u00f3venes de nuestro colegio de ciertos conocimientos, adem\u00e1s de los propiamente acad\u00e9micos, que van a ser fundamentales en sus vidas futuras, as\u00ed como experiencias de vida de personas no tan diferente de ellos, y de su propio entorno. Por ella van a pasar, padres y madres, antiguos alumnos, personas con reconocido prestigio en la sociedad y otros, que desde la entrega y la sencillez tendr\u00e1n mucho que compartir con ellos. Todos aportar\u00e1n su granito de arena en la b\u00fasqueda de la vocaci\u00f3n de nuestros j\u00f3venes y en ese camino, estamos seguros, en la construcci\u00f3n de una sociedad m\u00e1s justa y m\u00e1s fraterna para todas y todos.<\/p>\n<p>Neus Ferri:<\/p>\n<p>Neus Ferri (Alcoy, 1984) es una cantante y compositora que lleva toda la vida dedicada a la m\u00fasica. Ha trabajado en casi todos sus \u00e1mbitos desde la docencia hasta la composici\u00f3n, pasando por m\u00fasico de sesi\u00f3n, musicales y corista de otros artistas, y en tantos estilos musicales como le permite su versatilidad vocal, aplaudida por la cr\u00edtica y la audiencia.<\/p>\n<p>Se dio a conocer como int\u00e9rprete a nivel nacional a trav\u00e9s del programa \u201cLa Voz\u201d (2012) en su primera edici\u00f3n en Espa\u00f1a y del que fue finalista. Neus tom\u00f3 entonces las riendas de su carrera en solitario, empezando a escribir su historia bajo su propio nombre y presentando sus creaciones por todo el territorio nacional. Canciones como \u201cAguardiente\u201d le brindaron primeros premios en varios cert\u00e1menes de cantautores.<\/p>\n<p>Su primer trabajo discogr\u00e1fico \u201cAqu\u00ed me tienes\u201d, sali\u00f3 al mercado de la mano de Warner Music Spain con la producci\u00f3n musical de Jos\u00e9 de Castro (Mal\u00fa, Melendi, Pasted Rice\u2026). El disco contiene 11 canciones compuestas entre 2013 y 2015 y a trav\u00e9s de su escucha conocemos su lado m\u00e1s \u00edntimo y \u201cPersonal\u201d, como reza el primer sencillo que vio la luz en 2016, y el m\u00e1s positivo y en\u00e9rgico como la canci\u00f3n que da t\u00edtulo al disco. Neus ha llevado sus canciones por todo el territorio nacional confirm\u00e1ndose a trav\u00e9s del p\u00fablico que su cercan\u00eda, humanidad y canciones hacen vibrar al p\u00fablico en cada concierto en cualquier formato y que ha llegado al panorama musical para quedarse como voz y como rock-autora.<\/p>\n<p>Tras su reciente ruptura con dicho sello, Neus se dispone a afrontar en solitario la producci\u00f3n y edici\u00f3n de su segundo larga duraci\u00f3n, del que desvelar\u00e1 nombre y proceso en estos meses. C.A.O. (as\u00ed lucen las siglas del t\u00edtulo) contendr\u00e1 11 nuevas canciones compuestas en los \u00faltimos dos a\u00f1os y ver\u00e1 la luz a primeros de 2019.<\/p>\n<p><u>Fecha:<\/u><\/p>\n<p><strong>Charla de Neus Ferri: Lunes 22 de octubre, de 12.25 a 13:20 horas<\/strong><\/p>\n<p><u>Lugar:<\/u><\/p>\n<p><strong><em>Teatro del Colegio Salesiano San Juan Bosco de Valencia.<\/em><\/strong><\/p>\n<p>[\/et_pb_text][et_pb_text admin_label=\u00bbT\u00edtulo: Galer\u00eda de fotos (Texto)\u00bb _builder_version=\u00bb3.0.76&#8243; background_layout=\u00bblight\u00bb text_font=\u00bb|on|||\u00bb text_text_color=\u00bb#dc001b\u00bb border_style=\u00bbsolid\u00bb disabled=\u00bboff\u00bb disabled_on=\u00bboff|on|on\u00bb]<\/p>\n<p>Galer\u00eda de im\u00e1genes<\/p>\n<p>[\/et_pb_text][et_pb_gallery _builder_version=\u00bb3.0.105&#8243; posts_number=\u00bb8&#8243; show_title_and_caption=\u00bboff\u00bb show_pagination=\u00bbon\u00bb fullwidth=\u00bboff\u00bb orientation=\u00bblandscape\u00bb zoom_icon_color=\u00bb#dc001b\u00bb hover_overlay_color=\u00bbrgba(255,255,255,0.9)\u00bb hover_icon=\u00bb%%51%%\u00bb background_layout=\u00bblight\u00bb disabled=\u00bboff\u00bb disabled_on=\u00bboff|off|off\u00bb gallery_ids=\u00bb9744&#8243; pagination_font_size_tablet=\u00bb51&#8243; pagination_line_height_tablet=\u00bb2&#8243; \/][et_pb_video _builder_version=\u00bb3.0.51&#8243; disabled=\u00bbon\u00bb disabled_on=\u00bbon|on|on\u00bb \/][\/et_pb_column][\/et_pb_row][\/et_pb_section]<\/p>\n<!-- AddThis Advanced Settings generic via filter on the_content --><!-- AddThis Share Buttons generic via filter on the_content -->","protected":false},"excerpt":{"rendered":"<p>Una de las m\u00e1s grandes voces valencianas y espa\u00f1olas actuales cuenta su experiencia en la m\u00fasica y en la vida a alumnado de 1\u00ba y 2\u00ba de la ESO. Redacci\u00f3n En el marco de la Semana de Orientaci\u00f3n Vocacional, dirigida a alumnos de todo el colegio, en una de las muchas actividades que tendr\u00e1n lugar [&hellip;]<\/p>\n<p><!-- AddThis Advanced Settings generic via filter on get_the_excerpt --><!-- AddThis Share Buttons generic via filter on get_the_excerpt --><\/p>\n","protected":false},"author":6,"featured_media":9744,"comment_status":"closed","ping_status":"open","sticky":false,"template":"","format":"standard","meta":{"_et_pb_use_builder":"on","_et_pb_old_content":"","_et_gb_content_width":"","footnotes":""},"categories":[14],"tags":[],"class_list":["post-9743","post","type-post","status-publish","format-standard","has-post-thumbnail","hentry","category-noticia_colegio"],"yoast_head":"<!-- This site is optimized with the Yoast SEO plugin v28.4 - https:\/\/yoast.com\/product\/yoast-seo-wordpress\/ -->\n<title>Neus Ferri, finalista de la primera edici\u00f3n del programa \u201cLa Voz\u201d en 2012, cuenta su historia en la Semana de Orientaci\u00f3n Vocacional - Colegio San Juan Bosco Valencia<\/title>\n<meta name=\"robots\" content=\"index, follow, max-snippet:-1, max-image-preview:large, max-video-preview:-1\" \/>\n<link rel=\"canonical\" href=\"https:\/\/valenciasjb.salesianos.edu\/colegio\/neus-ferri-finalista-de-la-primera-edicion-del-programa-la-voz-en-2012-cuenta-su-historia-en-la-semana-de-orientacion-vocacional\/\" \/>\n<meta property=\"og:locale\" content=\"es_ES\" \/>\n<meta property=\"og:type\" content=\"article\" \/>\n<meta property=\"og:title\" content=\"Neus Ferri, finalista de la primera edici\u00f3n del programa \u201cLa Voz\u201d en 2012, cuenta su historia en la Semana de Orientaci\u00f3n Vocacional - Colegio San Juan Bosco Valencia\" \/>\n<meta property=\"og:description\" content=\"Una de las m\u00e1s grandes voces valencianas y espa\u00f1olas actuales cuenta su experiencia en la m\u00fasica y en la vida a alumnado de 1\u00ba y 2\u00ba de la ESO. Redacci\u00f3n En el marco de la Semana de Orientaci\u00f3n Vocacional, dirigida a alumnos de todo el colegio, en una de las muchas actividades que tendr\u00e1n lugar [&hellip;]\" \/>\n<meta property=\"og:url\" content=\"https:\/\/valenciasjb.salesianos.edu\/colegio\/neus-ferri-finalista-de-la-primera-edicion-del-programa-la-voz-en-2012-cuenta-su-historia-en-la-semana-de-orientacion-vocacional\/\" \/>\n<meta property=\"og:site_name\" content=\"Colegio San Juan Bosco Valencia\" \/>\n<meta property=\"article:publisher\" content=\"https:\/\/www.facebook.com\/ColegioSalesianoSanJuanBoscoValencia\" \/>\n<meta property=\"article:published_time\" content=\"2018-10-21T15:18:56+00:00\" \/>\n<meta property=\"og:image\" content=\"https:\/\/valenciasjb.salesianos.edu\/colegio\/wp-content\/uploads\/sites\/2\/2018\/10\/poster-sov-esobach-NEUS-FERRI-2018-724x1024.jpg\" \/>\n\t<meta property=\"og:image:width\" content=\"724\" \/>\n\t<meta property=\"og:image:height\" content=\"1024\" \/>\n\t<meta property=\"og:image:type\" content=\"image\/jpeg\" \/>\n<meta name=\"author\" content=\"veronicapastor\" \/>\n<meta name=\"twitter:card\" content=\"summary_large_image\" \/>\n<meta name=\"twitter:creator\" content=\"@SalesianosVSJB\" \/>\n<meta name=\"twitter:site\" content=\"@SalesianosVSJB\" \/>\n<meta name=\"twitter:label1\" content=\"Escrito por\" \/>\n\t<meta name=\"twitter:data1\" content=\"veronicapastor\" \/>\n\t<meta name=\"twitter:label2\" content=\"Tiempo de lectura\" \/>\n\t<meta name=\"twitter:data2\" content=\"4 minutos\" \/>\n<script type=\"application\/ld+json\" class=\"yoast-schema-graph\">{\"@context\":\"https:\\\/\\\/schema.org\",\"@graph\":[{\"@type\":\"Article\",\"@id\":\"https:\\\/\\\/valenciasjb.salesianos.edu\\\/colegio\\\/neus-ferri-finalista-de-la-primera-edicion-del-programa-la-voz-en-2012-cuenta-su-historia-en-la-semana-de-orientacion-vocacional\\\/#article\",\"isPartOf\":{\"@id\":\"https:\\\/\\\/valenciasjb.salesianos.edu\\\/colegio\\\/neus-ferri-finalista-de-la-primera-edicion-del-programa-la-voz-en-2012-cuenta-su-historia-en-la-semana-de-orientacion-vocacional\\\/\"},\"author\":{\"name\":\"veronicapastor\",\"@id\":\"https:\\\/\\\/valenciasjb.salesianos.edu\\\/colegio\\\/#\\\/schema\\\/person\\\/1f45b67e52b27da175190a574db6bed9\"},\"headline\":\"Neus Ferri, finalista de la primera edici\u00f3n del programa \u201cLa Voz\u201d en 2012, cuenta su historia en la Semana de Orientaci\u00f3n Vocacional\",\"datePublished\":\"2018-10-21T15:18:56+00:00\",\"mainEntityOfPage\":{\"@id\":\"https:\\\/\\\/valenciasjb.salesianos.edu\\\/colegio\\\/neus-ferri-finalista-de-la-primera-edicion-del-programa-la-voz-en-2012-cuenta-su-historia-en-la-semana-de-orientacion-vocacional\\\/\"},\"wordCount\":868,\"image\":{\"@id\":\"https:\\\/\\\/valenciasjb.salesianos.edu\\\/colegio\\\/neus-ferri-finalista-de-la-primera-edicion-del-programa-la-voz-en-2012-cuenta-su-historia-en-la-semana-de-orientacion-vocacional\\\/#primaryimage\"},\"thumbnailUrl\":\"https:\\\/\\\/valenciasjb.salesianos.edu\\\/colegio\\\/wp-content\\\/uploads\\\/sites\\\/2\\\/2018\\\/10\\\/poster-sov-esobach-NEUS-FERRI-2018.jpg\",\"articleSection\":[\"Noticia Colegio\"],\"inLanguage\":\"es\"},{\"@type\":\"WebPage\",\"@id\":\"https:\\\/\\\/valenciasjb.salesianos.edu\\\/colegio\\\/neus-ferri-finalista-de-la-primera-edicion-del-programa-la-voz-en-2012-cuenta-su-historia-en-la-semana-de-orientacion-vocacional\\\/\",\"url\":\"https:\\\/\\\/valenciasjb.salesianos.edu\\\/colegio\\\/neus-ferri-finalista-de-la-primera-edicion-del-programa-la-voz-en-2012-cuenta-su-historia-en-la-semana-de-orientacion-vocacional\\\/\",\"name\":\"Neus Ferri, finalista de la primera edici\u00f3n del programa \u201cLa Voz\u201d en 2012, cuenta su historia en la Semana de Orientaci\u00f3n Vocacional - Colegio San Juan Bosco Valencia\",\"isPartOf\":{\"@id\":\"https:\\\/\\\/valenciasjb.salesianos.edu\\\/colegio\\\/#website\"},\"primaryImageOfPage\":{\"@id\":\"https:\\\/\\\/valenciasjb.salesianos.edu\\\/colegio\\\/neus-ferri-finalista-de-la-primera-edicion-del-programa-la-voz-en-2012-cuenta-su-historia-en-la-semana-de-orientacion-vocacional\\\/#primaryimage\"},\"image\":{\"@id\":\"https:\\\/\\\/valenciasjb.salesianos.edu\\\/colegio\\\/neus-ferri-finalista-de-la-primera-edicion-del-programa-la-voz-en-2012-cuenta-su-historia-en-la-semana-de-orientacion-vocacional\\\/#primaryimage\"},\"thumbnailUrl\":\"https:\\\/\\\/valenciasjb.salesianos.edu\\\/colegio\\\/wp-content\\\/uploads\\\/sites\\\/2\\\/2018\\\/10\\\/poster-sov-esobach-NEUS-FERRI-2018.jpg\",\"datePublished\":\"2018-10-21T15:18:56+00:00\",\"author\":{\"@id\":\"https:\\\/\\\/valenciasjb.salesianos.edu\\\/colegio\\\/#\\\/schema\\\/person\\\/1f45b67e52b27da175190a574db6bed9\"},\"breadcrumb\":{\"@id\":\"https:\\\/\\\/valenciasjb.salesianos.edu\\\/colegio\\\/neus-ferri-finalista-de-la-primera-edicion-del-programa-la-voz-en-2012-cuenta-su-historia-en-la-semana-de-orientacion-vocacional\\\/#breadcrumb\"},\"inLanguage\":\"es\",\"potentialAction\":[{\"@type\":\"ReadAction\",\"target\":[\"https:\\\/\\\/valenciasjb.salesianos.edu\\\/colegio\\\/neus-ferri-finalista-de-la-primera-edicion-del-programa-la-voz-en-2012-cuenta-su-historia-en-la-semana-de-orientacion-vocacional\\\/\"]}]},{\"@type\":\"ImageObject\",\"inLanguage\":\"es\",\"@id\":\"https:\\\/\\\/valenciasjb.salesianos.edu\\\/colegio\\\/neus-ferri-finalista-de-la-primera-edicion-del-programa-la-voz-en-2012-cuenta-su-historia-en-la-semana-de-orientacion-vocacional\\\/#primaryimage\",\"url\":\"https:\\\/\\\/valenciasjb.salesianos.edu\\\/colegio\\\/wp-content\\\/uploads\\\/sites\\\/2\\\/2018\\\/10\\\/poster-sov-esobach-NEUS-FERRI-2018.jpg\",\"contentUrl\":\"https:\\\/\\\/valenciasjb.salesianos.edu\\\/colegio\\\/wp-content\\\/uploads\\\/sites\\\/2\\\/2018\\\/10\\\/poster-sov-esobach-NEUS-FERRI-2018.jpg\",\"width\":3508,\"height\":4961},{\"@type\":\"BreadcrumbList\",\"@id\":\"https:\\\/\\\/valenciasjb.salesianos.edu\\\/colegio\\\/neus-ferri-finalista-de-la-primera-edicion-del-programa-la-voz-en-2012-cuenta-su-historia-en-la-semana-de-orientacion-vocacional\\\/#breadcrumb\",\"itemListElement\":[{\"@type\":\"ListItem\",\"position\":1,\"name\":\"Portada\",\"item\":\"https:\\\/\\\/valenciasjb.salesianos.edu\\\/colegio\\\/\"},{\"@type\":\"ListItem\",\"position\":2,\"name\":\"Neus Ferri, finalista de la primera edici\u00f3n del programa \u201cLa Voz\u201d en 2012, cuenta su historia en la Semana de Orientaci\u00f3n Vocacional\"}]},{\"@type\":\"WebSite\",\"@id\":\"https:\\\/\\\/valenciasjb.salesianos.edu\\\/colegio\\\/#website\",\"url\":\"https:\\\/\\\/valenciasjb.salesianos.edu\\\/colegio\\\/\",\"name\":\"Colegio San Juan Bosco Valencia\",\"description\":\"P\u00e1gina oficial del Colegio Salesianos San Juan Bosco Valencia\",\"alternateName\":\"Salesianos.VSJB\",\"potentialAction\":[{\"@type\":\"SearchAction\",\"target\":{\"@type\":\"EntryPoint\",\"urlTemplate\":\"https:\\\/\\\/valenciasjb.salesianos.edu\\\/colegio\\\/?s={search_term_string}\"},\"query-input\":{\"@type\":\"PropertyValueSpecification\",\"valueRequired\":true,\"valueName\":\"search_term_string\"}}],\"inLanguage\":\"es\"},{\"@type\":\"Person\",\"@id\":\"https:\\\/\\\/valenciasjb.salesianos.edu\\\/colegio\\\/#\\\/schema\\\/person\\\/1f45b67e52b27da175190a574db6bed9\",\"name\":\"veronicapastor\",\"image\":{\"@type\":\"ImageObject\",\"inLanguage\":\"es\",\"@id\":\"https:\\\/\\\/secure.gravatar.com\\\/avatar\\\/e29bd40bace3fd935e1d6fdb7313ffc14628cc037c5e16f4c7369b20a2a6f7f0?s=96&d=mm&r=g\",\"url\":\"https:\\\/\\\/secure.gravatar.com\\\/avatar\\\/e29bd40bace3fd935e1d6fdb7313ffc14628cc037c5e16f4c7369b20a2a6f7f0?s=96&d=mm&r=g\",\"contentUrl\":\"https:\\\/\\\/secure.gravatar.com\\\/avatar\\\/e29bd40bace3fd935e1d6fdb7313ffc14628cc037c5e16f4c7369b20a2a6f7f0?s=96&d=mm&r=g\",\"caption\":\"veronicapastor\"}}]}<\/script>\n<!-- \/ Yoast SEO plugin. -->","yoast_head_json":{"title":"Neus Ferri, finalista de la primera edici\u00f3n del programa \u201cLa Voz\u201d en 2012, cuenta su historia en la Semana de Orientaci\u00f3n Vocacional - Colegio San Juan Bosco Valencia","robots":{"index":"index","follow":"follow","max-snippet":"max-snippet:-1","max-image-preview":"max-image-preview:large","max-video-preview":"max-video-preview:-1"},"canonical":"https:\/\/valenciasjb.salesianos.edu\/colegio\/neus-ferri-finalista-de-la-primera-edicion-del-programa-la-voz-en-2012-cuenta-su-historia-en-la-semana-de-orientacion-vocacional\/","og_locale":"es_ES","og_type":"article","og_title":"Neus Ferri, finalista de la primera edici\u00f3n del programa \u201cLa Voz\u201d en 2012, cuenta su historia en la Semana de Orientaci\u00f3n Vocacional - Colegio San Juan Bosco Valencia","og_description":"Una de las m\u00e1s grandes voces valencianas y espa\u00f1olas actuales cuenta su experiencia en la m\u00fasica y en la vida a alumnado de 1\u00ba y 2\u00ba de la ESO. Redacci\u00f3n En el marco de la Semana de Orientaci\u00f3n Vocacional, dirigida a alumnos de todo el colegio, en una de las muchas actividades que tendr\u00e1n lugar [&hellip;]","og_url":"https:\/\/valenciasjb.salesianos.edu\/colegio\/neus-ferri-finalista-de-la-primera-edicion-del-programa-la-voz-en-2012-cuenta-su-historia-en-la-semana-de-orientacion-vocacional\/","og_site_name":"Colegio San Juan Bosco Valencia","article_publisher":"https:\/\/www.facebook.com\/ColegioSalesianoSanJuanBoscoValencia","article_published_time":"2018-10-21T15:18:56+00:00","og_image":[{"width":724,"height":1024,"url":"https:\/\/valenciasjb.salesianos.edu\/colegio\/wp-content\/uploads\/sites\/2\/2018\/10\/poster-sov-esobach-NEUS-FERRI-2018-724x1024.jpg","type":"image\/jpeg"}],"author":"veronicapastor","twitter_card":"summary_large_image","twitter_creator":"@SalesianosVSJB","twitter_site":"@SalesianosVSJB","twitter_misc":{"Escrito por":"veronicapastor","Tiempo de lectura":"4 minutos"},"schema":{"@context":"https:\/\/schema.org","@graph":[{"@type":"Article","@id":"https:\/\/valenciasjb.salesianos.edu\/colegio\/neus-ferri-finalista-de-la-primera-edicion-del-programa-la-voz-en-2012-cuenta-su-historia-en-la-semana-de-orientacion-vocacional\/#article","isPartOf":{"@id":"https:\/\/valenciasjb.salesianos.edu\/colegio\/neus-ferri-finalista-de-la-primera-edicion-del-programa-la-voz-en-2012-cuenta-su-historia-en-la-semana-de-orientacion-vocacional\/"},"author":{"name":"veronicapastor","@id":"https:\/\/valenciasjb.salesianos.edu\/colegio\/#\/schema\/person\/1f45b67e52b27da175190a574db6bed9"},"headline":"Neus Ferri, finalista de la primera edici\u00f3n del programa \u201cLa Voz\u201d en 2012, cuenta su historia en la Semana de Orientaci\u00f3n Vocacional","datePublished":"2018-10-21T15:18:56+00:00","mainEntityOfPage":{"@id":"https:\/\/valenciasjb.salesianos.edu\/colegio\/neus-ferri-finalista-de-la-primera-edicion-del-programa-la-voz-en-2012-cuenta-su-historia-en-la-semana-de-orientacion-vocacional\/"},"wordCount":868,"image":{"@id":"https:\/\/valenciasjb.salesianos.edu\/colegio\/neus-ferri-finalista-de-la-primera-edicion-del-programa-la-voz-en-2012-cuenta-su-historia-en-la-semana-de-orientacion-vocacional\/#primaryimage"},"thumbnailUrl":"https:\/\/valenciasjb.salesianos.edu\/colegio\/wp-content\/uploads\/sites\/2\/2018\/10\/poster-sov-esobach-NEUS-FERRI-2018.jpg","articleSection":["Noticia Colegio"],"inLanguage":"es"},{"@type":"WebPage","@id":"https:\/\/valenciasjb.salesianos.edu\/colegio\/neus-ferri-finalista-de-la-primera-edicion-del-programa-la-voz-en-2012-cuenta-su-historia-en-la-semana-de-orientacion-vocacional\/","url":"https:\/\/valenciasjb.salesianos.edu\/colegio\/neus-ferri-finalista-de-la-primera-edicion-del-programa-la-voz-en-2012-cuenta-su-historia-en-la-semana-de-orientacion-vocacional\/","name":"Neus Ferri, finalista de la primera edici\u00f3n del programa \u201cLa Voz\u201d en 2012, cuenta su historia en la Semana de Orientaci\u00f3n Vocacional - Colegio San Juan Bosco Valencia","isPartOf":{"@id":"https:\/\/valenciasjb.salesianos.edu\/colegio\/#website"},"primaryImageOfPage":{"@id":"https:\/\/valenciasjb.salesianos.edu\/colegio\/neus-ferri-finalista-de-la-primera-edicion-del-programa-la-voz-en-2012-cuenta-su-historia-en-la-semana-de-orientacion-vocacional\/#primaryimage"},"image":{"@id":"https:\/\/valenciasjb.salesianos.edu\/colegio\/neus-ferri-finalista-de-la-primera-edicion-del-programa-la-voz-en-2012-cuenta-su-historia-en-la-semana-de-orientacion-vocacional\/#primaryimage"},"thumbnailUrl":"https:\/\/valenciasjb.salesianos.edu\/colegio\/wp-content\/uploads\/sites\/2\/2018\/10\/poster-sov-esobach-NEUS-FERRI-2018.jpg","datePublished":"2018-10-21T15:18:56+00:00","author":{"@id":"https:\/\/valenciasjb.salesianos.edu\/colegio\/#\/schema\/person\/1f45b67e52b27da175190a574db6bed9"},"breadcrumb":{"@id":"https:\/\/valenciasjb.salesianos.edu\/colegio\/neus-ferri-finalista-de-la-primera-edicion-del-programa-la-voz-en-2012-cuenta-su-historia-en-la-semana-de-orientacion-vocacional\/#breadcrumb"},"inLanguage":"es","potentialAction":[{"@type":"ReadAction","target":["https:\/\/valenciasjb.salesianos.edu\/colegio\/neus-ferri-finalista-de-la-primera-edicion-del-programa-la-voz-en-2012-cuenta-su-historia-en-la-semana-de-orientacion-vocacional\/"]}]},{"@type":"ImageObject","inLanguage":"es","@id":"https:\/\/valenciasjb.salesianos.edu\/colegio\/neus-ferri-finalista-de-la-primera-edicion-del-programa-la-voz-en-2012-cuenta-su-historia-en-la-semana-de-orientacion-vocacional\/#primaryimage","url":"https:\/\/valenciasjb.salesianos.edu\/colegio\/wp-content\/uploads\/sites\/2\/2018\/10\/poster-sov-esobach-NEUS-FERRI-2018.jpg","contentUrl":"https:\/\/valenciasjb.salesianos.edu\/colegio\/wp-content\/uploads\/sites\/2\/2018\/10\/poster-sov-esobach-NEUS-FERRI-2018.jpg","width":3508,"height":4961},{"@type":"BreadcrumbList","@id":"https:\/\/valenciasjb.salesianos.edu\/colegio\/neus-ferri-finalista-de-la-primera-edicion-del-programa-la-voz-en-2012-cuenta-su-historia-en-la-semana-de-orientacion-vocacional\/#breadcrumb","itemListElement":[{"@type":"ListItem","position":1,"name":"Portada","item":"https:\/\/valenciasjb.salesianos.edu\/colegio\/"},{"@type":"ListItem","position":2,"name":"Neus Ferri, finalista de la primera edici\u00f3n del programa \u201cLa Voz\u201d en 2012, cuenta su historia en la Semana de Orientaci\u00f3n Vocacional"}]},{"@type":"WebSite","@id":"https:\/\/valenciasjb.salesianos.edu\/colegio\/#website","url":"https:\/\/valenciasjb.salesianos.edu\/colegio\/","name":"Colegio San Juan Bosco Valencia","description":"P\u00e1gina oficial del Colegio Salesianos San Juan Bosco Valencia","alternateName":"Salesianos.VSJB","potentialAction":[{"@type":"SearchAction","target":{"@type":"EntryPoint","urlTemplate":"https:\/\/valenciasjb.salesianos.edu\/colegio\/?s={search_term_string}"},"query-input":{"@type":"PropertyValueSpecification","valueRequired":true,"valueName":"search_term_string"}}],"inLanguage":"es"},{"@type":"Person","@id":"https:\/\/valenciasjb.salesianos.edu\/colegio\/#\/schema\/person\/1f45b67e52b27da175190a574db6bed9","name":"veronicapastor","image":{"@type":"ImageObject","inLanguage":"es","@id":"https:\/\/secure.gravatar.com\/avatar\/e29bd40bace3fd935e1d6fdb7313ffc14628cc037c5e16f4c7369b20a2a6f7f0?s=96&d=mm&r=g","url":"https:\/\/secure.gravatar.com\/avatar\/e29bd40bace3fd935e1d6fdb7313ffc14628cc037c5e16f4c7369b20a2a6f7f0?s=96&d=mm&r=g","contentUrl":"https:\/\/secure.gravatar.com\/avatar\/e29bd40bace3fd935e1d6fdb7313ffc14628cc037c5e16f4c7369b20a2a6f7f0?s=96&d=mm&r=g","caption":"veronicapastor"}}]}},"_links":{"self":[{"href":"https:\/\/valenciasjb.salesianos.edu\/colegio\/wp-json\/wp\/v2\/posts\/9743","targetHints":{"allow":["GET"]}}],"collection":[{"href":"https:\/\/valenciasjb.salesianos.edu\/colegio\/wp-json\/wp\/v2\/posts"}],"about":[{"href":"https:\/\/valenciasjb.salesianos.edu\/colegio\/wp-json\/wp\/v2\/types\/post"}],"author":[{"embeddable":true,"href":"https:\/\/valenciasjb.salesianos.edu\/colegio\/wp-json\/wp\/v2\/users\/6"}],"replies":[{"embeddable":true,"href":"https:\/\/valenciasjb.salesianos.edu\/colegio\/wp-json\/wp\/v2\/comments?post=9743"}],"version-history":[{"count":1,"href":"https:\/\/valenciasjb.salesianos.edu\/colegio\/wp-json\/wp\/v2\/posts\/9743\/revisions"}],"predecessor-version":[{"id":9745,"href":"https:\/\/valenciasjb.salesianos.edu\/colegio\/wp-json\/wp\/v2\/posts\/9743\/revisions\/9745"}],"wp:featuredmedia":[{"embeddable":true,"href":"https:\/\/valenciasjb.salesianos.edu\/colegio\/wp-json\/wp\/v2\/media\/9744"}],"wp:attachment":[{"href":"https:\/\/valenciasjb.salesianos.edu\/colegio\/wp-json\/wp\/v2\/media?parent=9743"}],"wp:term":[{"taxonomy":"category","embeddable":true,"href":"https:\/\/valenciasjb.salesianos.edu\/colegio\/wp-json\/wp\/v2\/categories?post=9743"},{"taxonomy":"post_tag","embeddable":true,"href":"https:\/\/valenciasjb.salesianos.edu\/colegio\/wp-json\/wp\/v2\/tags?post=9743"}],"curies":[{"name":"wp","href":"https:\/\/api.w.org\/{rel}","templated":true}]}}