{"id":9747,"date":"2018-10-21T22:21:37","date_gmt":"2018-10-21T21:21:37","guid":{"rendered":"https:\/\/valenciasjb.salesianos.edu\/colegio\/?p=9747"},"modified":"2018-10-21T22:23:46","modified_gmt":"2018-10-21T21:23:46","slug":"primera-misa-en-familia-dedicada-al-domund-para-pedir-por-los-misioneros-de-todo-el-mundo","status":"publish","type":"post","link":"https:\/\/valenciasjb.salesianos.edu\/colegio\/primera-misa-en-familia-dedicada-al-domund-para-pedir-por-los-misioneros-de-todo-el-mundo\/","title":{"rendered":"Primera Misa en Familia dedicada al Domund para pedir por los misioneros de todo el mundo"},"content":{"rendered":"<div id=\"fb-root\"><\/div>\n<p>[et_pb_section bb_built=\u00bb1&#8243; admin_label=\u00bbsection\u00bb][et_pb_row admin_label=\u00bbrow\u00bb background_position=\u00bbtop_left\u00bb background_repeat=\u00bbrepeat\u00bb background_size=\u00bbinitial\u00bb][et_pb_column type=\u00bb4_4&#8243;][et_pb_text admin_label=\u00bbEntradilla (Texto)\u00bb _builder_version=\u00bb3.0.105&#8243; background_layout=\u00bblight\u00bb text_orientation=\u00bbjustified\u00bb text_font=\u00bb|on|||\u00bb module_alignment=\u00bbleft\u00bb]<\/p>\n<div id=\"resumen\">\n<p><span style=\"font-weight: 400\">En la Casa Salesiana San Juan Bosco de Valencia todos los educadores, profesores, catequistas, animadores, monitores, etc., tienen una misi\u00f3n de la que est\u00e1n convencidos y plenamente comprometidos. Su compromiso es con los j\u00f3venes para ser ejemplo y gu\u00eda en el camino en el que el Se\u00f1or les pide que sean transformadores de este mundo que los necesita. As\u00ed han querido mostrarlo, juntos, con el especial gesto del env\u00edo que ha tenido lugar en la primera Misa en Familia, que ha reunido a personas de todos los ambientes de esta casa salesiana para pedir a Dios por todas y todos los que hacen realidad la misi\u00f3n de Dios en la Tierra, y luchan d\u00eda a d\u00eda para en todo el mundo para que sea m\u00e1s justo y m\u00e1s fraterno, anteponiendo siempre las necesidades de los m\u00e1s necesitados.<\/span><\/p>\n<\/div>\n<div><\/div>\n<p>[\/et_pb_text][et_pb_text admin_label=\u00bbAutor (Texto)\u00bb _builder_version=\u00bb3.0.85&#8243; background_layout=\u00bblight\u00bb text_font=\u00bb||on||\u00bb]<\/p>\n<p>Redacci\u00f3n<\/p>\n<p>[\/et_pb_text][et_pb_text admin_label=\u00bbDesarrollo (Texto)\u00bb _builder_version=\u00bb3.0.105&#8243; background_layout=\u00bblight\u00bb text_orientation=\u00bbjustified\u00bb module_alignment=\u00bbleft\u00bb]<\/p>\n<p><span style=\"font-weight: 400\">El 21 de octubre es el Domingo Mundial de las Misiones, el DOMUND, y esta casa salesiana lo ha celebrado con una especial Misa en Familia, dedicada a este d\u00eda, en la que todos y todas han pedido por los misioneros en todo el mundo. Las ofrendas del p\u00f3ster con el lema del curso \u201cPrimero los \u00faltimos\u201d y el \u201cDomund\u201d, junto con el pan y el vino, han mostrado el compromiso de esta comunidad, para que nadie quede el \u00faltimo, sino que, por el contrario, todo el mundo tenga la oportunidad de ser el primero.<\/span><\/p>\n<p><span style=\"font-weight: 400\">La celebraci\u00f3n la ha amenizado un coro formado por miembros de toda la comunidad educativa-pastoral y uno de los momentos m\u00e1s emotivos, como viene siendo costumbre en las Misas en Familia, ha sido la oraci\u00f3n del Padre nuestro con todos los ni\u00f1os y ni\u00f1as rezando en el altar, seguido del gesto de la paz, para que los j\u00f3venes sean portadores de paz y armon\u00eda a sus familias.<\/span><\/p>\n<p><span style=\"font-weight: 400\">Los asistentes se han comprometido, a su vez, con los donativos para la Campa\u00f1a del Domund y la compra de pulseras para las Misiones, porque como dice el lema de este a\u00f1o del Domund, estamos convencidos de que con la ayuda de todos podemos \u201ccambiar el mundo\u201d.<\/span><\/p>\n<p>[\/et_pb_text][et_pb_text admin_label=\u00bbT\u00edtulo: Galer\u00eda de fotos (Texto)\u00bb _builder_version=\u00bb3.0.76&#8243; background_layout=\u00bblight\u00bb text_font=\u00bb|on|||\u00bb text_text_color=\u00bb#dc001b\u00bb border_style=\u00bbsolid\u00bb disabled=\u00bboff\u00bb disabled_on=\u00bboff|on|on\u00bb]<\/p>\n<p>Galer\u00eda de im\u00e1genes<\/p>\n<p>[\/et_pb_text][et_pb_gallery _builder_version=\u00bb3.0.105&#8243; posts_number=\u00bb8&#8243; show_title_and_caption=\u00bboff\u00bb show_pagination=\u00bbon\u00bb fullwidth=\u00bboff\u00bb orientation=\u00bblandscape\u00bb zoom_icon_color=\u00bb#dc001b\u00bb hover_overlay_color=\u00bbrgba(255,255,255,0.9)\u00bb hover_icon=\u00bb%%51%%\u00bb background_layout=\u00bblight\u00bb disabled=\u00bboff\u00bb disabled_on=\u00bboff|off|off\u00bb gallery_ids=\u00bb9755,9754,9753,9752,9751,9750,9749,9748&#8243; pagination_font_size_tablet=\u00bb51&#8243; pagination_line_height_tablet=\u00bb2&#8243; \/][et_pb_video _builder_version=\u00bb3.0.51&#8243; disabled=\u00bbon\u00bb disabled_on=\u00bbon|on|on\u00bb \/][\/et_pb_column][\/et_pb_row][\/et_pb_section]<\/p>\n<!-- AddThis Advanced Settings generic via filter on the_content --><!-- AddThis Share Buttons generic via filter on the_content -->","protected":false},"excerpt":{"rendered":"<p>En la Casa Salesiana San Juan Bosco de Valencia todos los educadores, profesores, catequistas, animadores, monitores, etc., tienen una misi\u00f3n de la que est\u00e1n convencidos y plenamente comprometidos. Su compromiso es con los j\u00f3venes para ser ejemplo y gu\u00eda en el camino en el que el Se\u00f1or les pide que sean transformadores de este mundo [&hellip;]<\/p>\n<p><!-- AddThis Advanced Settings generic via filter on get_the_excerpt --><!-- AddThis Share Buttons generic via filter on get_the_excerpt --><\/p>\n","protected":false},"author":6,"featured_media":9751,"comment_status":"closed","ping_status":"open","sticky":false,"template":"","format":"standard","meta":{"_et_pb_use_builder":"on","_et_pb_old_content":"","_et_gb_content_width":"","footnotes":""},"categories":[14],"tags":[],"class_list":["post-9747","post","type-post","status-publish","format-standard","has-post-thumbnail","hentry","category-noticia_colegio"],"yoast_head":"<!-- This site is optimized with the Yoast SEO plugin v28.4 - https:\/\/yoast.com\/product\/yoast-seo-wordpress\/ -->\n<title>Primera Misa en Familia dedicada al Domund para pedir por los misioneros de todo el mundo - Colegio San Juan Bosco Valencia<\/title>\n<meta name=\"robots\" content=\"index, follow, max-snippet:-1, max-image-preview:large, max-video-preview:-1\" \/>\n<link rel=\"canonical\" href=\"https:\/\/valenciasjb.salesianos.edu\/colegio\/primera-misa-en-familia-dedicada-al-domund-para-pedir-por-los-misioneros-de-todo-el-mundo\/\" \/>\n<meta property=\"og:locale\" content=\"es_ES\" \/>\n<meta property=\"og:type\" content=\"article\" \/>\n<meta property=\"og:title\" content=\"Primera Misa en Familia dedicada al Domund para pedir por los misioneros de todo el mundo - Colegio San Juan Bosco Valencia\" \/>\n<meta property=\"og:description\" content=\"En la Casa Salesiana San Juan Bosco de Valencia todos los educadores, profesores, catequistas, animadores, monitores, etc., tienen una misi\u00f3n de la que est\u00e1n convencidos y plenamente comprometidos. Su compromiso es con los j\u00f3venes para ser ejemplo y gu\u00eda en el camino en el que el Se\u00f1or les pide que sean transformadores de este mundo [&hellip;]\" \/>\n<meta property=\"og:url\" content=\"https:\/\/valenciasjb.salesianos.edu\/colegio\/primera-misa-en-familia-dedicada-al-domund-para-pedir-por-los-misioneros-de-todo-el-mundo\/\" \/>\n<meta property=\"og:site_name\" content=\"Colegio San Juan Bosco Valencia\" \/>\n<meta property=\"article:publisher\" content=\"https:\/\/www.facebook.com\/ColegioSalesianoSanJuanBoscoValencia\" \/>\n<meta property=\"article:published_time\" content=\"2018-10-21T21:21:37+00:00\" \/>\n<meta property=\"article:modified_time\" content=\"2018-10-21T21:23:46+00:00\" \/>\n<meta property=\"og:image\" content=\"https:\/\/valenciasjb.salesianos.edu\/colegio\/wp-content\/uploads\/sites\/2\/2018\/10\/20181021_124904-1024x768.jpg\" \/>\n\t<meta property=\"og:image:width\" content=\"1024\" \/>\n\t<meta property=\"og:image:height\" content=\"768\" \/>\n\t<meta property=\"og:image:type\" content=\"image\/jpeg\" \/>\n<meta name=\"author\" content=\"veronicapastor\" \/>\n<meta name=\"twitter:card\" content=\"summary_large_image\" \/>\n<meta name=\"twitter:creator\" content=\"@SalesianosVSJB\" \/>\n<meta name=\"twitter:site\" content=\"@SalesianosVSJB\" \/>\n<meta name=\"twitter:label1\" content=\"Escrito por\" \/>\n\t<meta name=\"twitter:data1\" content=\"veronicapastor\" \/>\n\t<meta name=\"twitter:label2\" content=\"Tiempo de lectura\" \/>\n\t<meta name=\"twitter:data2\" content=\"3 minutos\" \/>\n<script type=\"application\/ld+json\" class=\"yoast-schema-graph\">{\"@context\":\"https:\\\/\\\/schema.org\",\"@graph\":[{\"@type\":\"Article\",\"@id\":\"https:\\\/\\\/valenciasjb.salesianos.edu\\\/colegio\\\/primera-misa-en-familia-dedicada-al-domund-para-pedir-por-los-misioneros-de-todo-el-mundo\\\/#article\",\"isPartOf\":{\"@id\":\"https:\\\/\\\/valenciasjb.salesianos.edu\\\/colegio\\\/primera-misa-en-familia-dedicada-al-domund-para-pedir-por-los-misioneros-de-todo-el-mundo\\\/\"},\"author\":{\"name\":\"veronicapastor\",\"@id\":\"https:\\\/\\\/valenciasjb.salesianos.edu\\\/colegio\\\/#\\\/schema\\\/person\\\/1f45b67e52b27da175190a574db6bed9\"},\"headline\":\"Primera Misa en Familia dedicada al Domund para pedir por los misioneros de todo el mundo\",\"datePublished\":\"2018-10-21T21:21:37+00:00\",\"dateModified\":\"2018-10-21T21:23:46+00:00\",\"mainEntityOfPage\":{\"@id\":\"https:\\\/\\\/valenciasjb.salesianos.edu\\\/colegio\\\/primera-misa-en-familia-dedicada-al-domund-para-pedir-por-los-misioneros-de-todo-el-mundo\\\/\"},\"wordCount\":591,\"image\":{\"@id\":\"https:\\\/\\\/valenciasjb.salesianos.edu\\\/colegio\\\/primera-misa-en-familia-dedicada-al-domund-para-pedir-por-los-misioneros-de-todo-el-mundo\\\/#primaryimage\"},\"thumbnailUrl\":\"https:\\\/\\\/valenciasjb.salesianos.edu\\\/colegio\\\/wp-content\\\/uploads\\\/sites\\\/2\\\/2018\\\/10\\\/20181021_124904.jpg\",\"articleSection\":[\"Noticia Colegio\"],\"inLanguage\":\"es\"},{\"@type\":\"WebPage\",\"@id\":\"https:\\\/\\\/valenciasjb.salesianos.edu\\\/colegio\\\/primera-misa-en-familia-dedicada-al-domund-para-pedir-por-los-misioneros-de-todo-el-mundo\\\/\",\"url\":\"https:\\\/\\\/valenciasjb.salesianos.edu\\\/colegio\\\/primera-misa-en-familia-dedicada-al-domund-para-pedir-por-los-misioneros-de-todo-el-mundo\\\/\",\"name\":\"Primera Misa en Familia dedicada al Domund para pedir por los misioneros de todo el mundo - Colegio San Juan Bosco Valencia\",\"isPartOf\":{\"@id\":\"https:\\\/\\\/valenciasjb.salesianos.edu\\\/colegio\\\/#website\"},\"primaryImageOfPage\":{\"@id\":\"https:\\\/\\\/valenciasjb.salesianos.edu\\\/colegio\\\/primera-misa-en-familia-dedicada-al-domund-para-pedir-por-los-misioneros-de-todo-el-mundo\\\/#primaryimage\"},\"image\":{\"@id\":\"https:\\\/\\\/valenciasjb.salesianos.edu\\\/colegio\\\/primera-misa-en-familia-dedicada-al-domund-para-pedir-por-los-misioneros-de-todo-el-mundo\\\/#primaryimage\"},\"thumbnailUrl\":\"https:\\\/\\\/valenciasjb.salesianos.edu\\\/colegio\\\/wp-content\\\/uploads\\\/sites\\\/2\\\/2018\\\/10\\\/20181021_124904.jpg\",\"datePublished\":\"2018-10-21T21:21:37+00:00\",\"dateModified\":\"2018-10-21T21:23:46+00:00\",\"author\":{\"@id\":\"https:\\\/\\\/valenciasjb.salesianos.edu\\\/colegio\\\/#\\\/schema\\\/person\\\/1f45b67e52b27da175190a574db6bed9\"},\"breadcrumb\":{\"@id\":\"https:\\\/\\\/valenciasjb.salesianos.edu\\\/colegio\\\/primera-misa-en-familia-dedicada-al-domund-para-pedir-por-los-misioneros-de-todo-el-mundo\\\/#breadcrumb\"},\"inLanguage\":\"es\",\"potentialAction\":[{\"@type\":\"ReadAction\",\"target\":[\"https:\\\/\\\/valenciasjb.salesianos.edu\\\/colegio\\\/primera-misa-en-familia-dedicada-al-domund-para-pedir-por-los-misioneros-de-todo-el-mundo\\\/\"]}]},{\"@type\":\"ImageObject\",\"inLanguage\":\"es\",\"@id\":\"https:\\\/\\\/valenciasjb.salesianos.edu\\\/colegio\\\/primera-misa-en-familia-dedicada-al-domund-para-pedir-por-los-misioneros-de-todo-el-mundo\\\/#primaryimage\",\"url\":\"https:\\\/\\\/valenciasjb.salesianos.edu\\\/colegio\\\/wp-content\\\/uploads\\\/sites\\\/2\\\/2018\\\/10\\\/20181021_124904.jpg\",\"contentUrl\":\"https:\\\/\\\/valenciasjb.salesianos.edu\\\/colegio\\\/wp-content\\\/uploads\\\/sites\\\/2\\\/2018\\\/10\\\/20181021_124904.jpg\",\"width\":4128,\"height\":3096},{\"@type\":\"BreadcrumbList\",\"@id\":\"https:\\\/\\\/valenciasjb.salesianos.edu\\\/colegio\\\/primera-misa-en-familia-dedicada-al-domund-para-pedir-por-los-misioneros-de-todo-el-mundo\\\/#breadcrumb\",\"itemListElement\":[{\"@type\":\"ListItem\",\"position\":1,\"name\":\"Portada\",\"item\":\"https:\\\/\\\/valenciasjb.salesianos.edu\\\/colegio\\\/\"},{\"@type\":\"ListItem\",\"position\":2,\"name\":\"Primera Misa en Familia dedicada al Domund para pedir por los misioneros de todo el mundo\"}]},{\"@type\":\"WebSite\",\"@id\":\"https:\\\/\\\/valenciasjb.salesianos.edu\\\/colegio\\\/#website\",\"url\":\"https:\\\/\\\/valenciasjb.salesianos.edu\\\/colegio\\\/\",\"name\":\"Colegio San Juan Bosco Valencia\",\"description\":\"P\u00e1gina oficial del Colegio Salesianos San Juan Bosco Valencia\",\"alternateName\":\"Salesianos.VSJB\",\"potentialAction\":[{\"@type\":\"SearchAction\",\"target\":{\"@type\":\"EntryPoint\",\"urlTemplate\":\"https:\\\/\\\/valenciasjb.salesianos.edu\\\/colegio\\\/?s={search_term_string}\"},\"query-input\":{\"@type\":\"PropertyValueSpecification\",\"valueRequired\":true,\"valueName\":\"search_term_string\"}}],\"inLanguage\":\"es\"},{\"@type\":\"Person\",\"@id\":\"https:\\\/\\\/valenciasjb.salesianos.edu\\\/colegio\\\/#\\\/schema\\\/person\\\/1f45b67e52b27da175190a574db6bed9\",\"name\":\"veronicapastor\",\"image\":{\"@type\":\"ImageObject\",\"inLanguage\":\"es\",\"@id\":\"https:\\\/\\\/secure.gravatar.com\\\/avatar\\\/e29bd40bace3fd935e1d6fdb7313ffc14628cc037c5e16f4c7369b20a2a6f7f0?s=96&d=mm&r=g\",\"url\":\"https:\\\/\\\/secure.gravatar.com\\\/avatar\\\/e29bd40bace3fd935e1d6fdb7313ffc14628cc037c5e16f4c7369b20a2a6f7f0?s=96&d=mm&r=g\",\"contentUrl\":\"https:\\\/\\\/secure.gravatar.com\\\/avatar\\\/e29bd40bace3fd935e1d6fdb7313ffc14628cc037c5e16f4c7369b20a2a6f7f0?s=96&d=mm&r=g\",\"caption\":\"veronicapastor\"}}]}<\/script>\n<!-- \/ Yoast SEO plugin. -->","yoast_head_json":{"title":"Primera Misa en Familia dedicada al Domund para pedir por los misioneros de todo el mundo - Colegio San Juan Bosco Valencia","robots":{"index":"index","follow":"follow","max-snippet":"max-snippet:-1","max-image-preview":"max-image-preview:large","max-video-preview":"max-video-preview:-1"},"canonical":"https:\/\/valenciasjb.salesianos.edu\/colegio\/primera-misa-en-familia-dedicada-al-domund-para-pedir-por-los-misioneros-de-todo-el-mundo\/","og_locale":"es_ES","og_type":"article","og_title":"Primera Misa en Familia dedicada al Domund para pedir por los misioneros de todo el mundo - Colegio San Juan Bosco Valencia","og_description":"En la Casa Salesiana San Juan Bosco de Valencia todos los educadores, profesores, catequistas, animadores, monitores, etc., tienen una misi\u00f3n de la que est\u00e1n convencidos y plenamente comprometidos. Su compromiso es con los j\u00f3venes para ser ejemplo y gu\u00eda en el camino en el que el Se\u00f1or les pide que sean transformadores de este mundo [&hellip;]","og_url":"https:\/\/valenciasjb.salesianos.edu\/colegio\/primera-misa-en-familia-dedicada-al-domund-para-pedir-por-los-misioneros-de-todo-el-mundo\/","og_site_name":"Colegio San Juan Bosco Valencia","article_publisher":"https:\/\/www.facebook.com\/ColegioSalesianoSanJuanBoscoValencia","article_published_time":"2018-10-21T21:21:37+00:00","article_modified_time":"2018-10-21T21:23:46+00:00","og_image":[{"width":1024,"height":768,"url":"https:\/\/valenciasjb.salesianos.edu\/colegio\/wp-content\/uploads\/sites\/2\/2018\/10\/20181021_124904-1024x768.jpg","type":"image\/jpeg"}],"author":"veronicapastor","twitter_card":"summary_large_image","twitter_creator":"@SalesianosVSJB","twitter_site":"@SalesianosVSJB","twitter_misc":{"Escrito por":"veronicapastor","Tiempo de lectura":"3 minutos"},"schema":{"@context":"https:\/\/schema.org","@graph":[{"@type":"Article","@id":"https:\/\/valenciasjb.salesianos.edu\/colegio\/primera-misa-en-familia-dedicada-al-domund-para-pedir-por-los-misioneros-de-todo-el-mundo\/#article","isPartOf":{"@id":"https:\/\/valenciasjb.salesianos.edu\/colegio\/primera-misa-en-familia-dedicada-al-domund-para-pedir-por-los-misioneros-de-todo-el-mundo\/"},"author":{"name":"veronicapastor","@id":"https:\/\/valenciasjb.salesianos.edu\/colegio\/#\/schema\/person\/1f45b67e52b27da175190a574db6bed9"},"headline":"Primera Misa en Familia dedicada al Domund para pedir por los misioneros de todo el mundo","datePublished":"2018-10-21T21:21:37+00:00","dateModified":"2018-10-21T21:23:46+00:00","mainEntityOfPage":{"@id":"https:\/\/valenciasjb.salesianos.edu\/colegio\/primera-misa-en-familia-dedicada-al-domund-para-pedir-por-los-misioneros-de-todo-el-mundo\/"},"wordCount":591,"image":{"@id":"https:\/\/valenciasjb.salesianos.edu\/colegio\/primera-misa-en-familia-dedicada-al-domund-para-pedir-por-los-misioneros-de-todo-el-mundo\/#primaryimage"},"thumbnailUrl":"https:\/\/valenciasjb.salesianos.edu\/colegio\/wp-content\/uploads\/sites\/2\/2018\/10\/20181021_124904.jpg","articleSection":["Noticia Colegio"],"inLanguage":"es"},{"@type":"WebPage","@id":"https:\/\/valenciasjb.salesianos.edu\/colegio\/primera-misa-en-familia-dedicada-al-domund-para-pedir-por-los-misioneros-de-todo-el-mundo\/","url":"https:\/\/valenciasjb.salesianos.edu\/colegio\/primera-misa-en-familia-dedicada-al-domund-para-pedir-por-los-misioneros-de-todo-el-mundo\/","name":"Primera Misa en Familia dedicada al Domund para pedir por los misioneros de todo el mundo - Colegio San Juan Bosco Valencia","isPartOf":{"@id":"https:\/\/valenciasjb.salesianos.edu\/colegio\/#website"},"primaryImageOfPage":{"@id":"https:\/\/valenciasjb.salesianos.edu\/colegio\/primera-misa-en-familia-dedicada-al-domund-para-pedir-por-los-misioneros-de-todo-el-mundo\/#primaryimage"},"image":{"@id":"https:\/\/valenciasjb.salesianos.edu\/colegio\/primera-misa-en-familia-dedicada-al-domund-para-pedir-por-los-misioneros-de-todo-el-mundo\/#primaryimage"},"thumbnailUrl":"https:\/\/valenciasjb.salesianos.edu\/colegio\/wp-content\/uploads\/sites\/2\/2018\/10\/20181021_124904.jpg","datePublished":"2018-10-21T21:21:37+00:00","dateModified":"2018-10-21T21:23:46+00:00","author":{"@id":"https:\/\/valenciasjb.salesianos.edu\/colegio\/#\/schema\/person\/1f45b67e52b27da175190a574db6bed9"},"breadcrumb":{"@id":"https:\/\/valenciasjb.salesianos.edu\/colegio\/primera-misa-en-familia-dedicada-al-domund-para-pedir-por-los-misioneros-de-todo-el-mundo\/#breadcrumb"},"inLanguage":"es","potentialAction":[{"@type":"ReadAction","target":["https:\/\/valenciasjb.salesianos.edu\/colegio\/primera-misa-en-familia-dedicada-al-domund-para-pedir-por-los-misioneros-de-todo-el-mundo\/"]}]},{"@type":"ImageObject","inLanguage":"es","@id":"https:\/\/valenciasjb.salesianos.edu\/colegio\/primera-misa-en-familia-dedicada-al-domund-para-pedir-por-los-misioneros-de-todo-el-mundo\/#primaryimage","url":"https:\/\/valenciasjb.salesianos.edu\/colegio\/wp-content\/uploads\/sites\/2\/2018\/10\/20181021_124904.jpg","contentUrl":"https:\/\/valenciasjb.salesianos.edu\/colegio\/wp-content\/uploads\/sites\/2\/2018\/10\/20181021_124904.jpg","width":4128,"height":3096},{"@type":"BreadcrumbList","@id":"https:\/\/valenciasjb.salesianos.edu\/colegio\/primera-misa-en-familia-dedicada-al-domund-para-pedir-por-los-misioneros-de-todo-el-mundo\/#breadcrumb","itemListElement":[{"@type":"ListItem","position":1,"name":"Portada","item":"https:\/\/valenciasjb.salesianos.edu\/colegio\/"},{"@type":"ListItem","position":2,"name":"Primera Misa en Familia dedicada al Domund para pedir por los misioneros de todo el mundo"}]},{"@type":"WebSite","@id":"https:\/\/valenciasjb.salesianos.edu\/colegio\/#website","url":"https:\/\/valenciasjb.salesianos.edu\/colegio\/","name":"Colegio San Juan Bosco Valencia","description":"P\u00e1gina oficial del Colegio Salesianos San Juan Bosco Valencia","alternateName":"Salesianos.VSJB","potentialAction":[{"@type":"SearchAction","target":{"@type":"EntryPoint","urlTemplate":"https:\/\/valenciasjb.salesianos.edu\/colegio\/?s={search_term_string}"},"query-input":{"@type":"PropertyValueSpecification","valueRequired":true,"valueName":"search_term_string"}}],"inLanguage":"es"},{"@type":"Person","@id":"https:\/\/valenciasjb.salesianos.edu\/colegio\/#\/schema\/person\/1f45b67e52b27da175190a574db6bed9","name":"veronicapastor","image":{"@type":"ImageObject","inLanguage":"es","@id":"https:\/\/secure.gravatar.com\/avatar\/e29bd40bace3fd935e1d6fdb7313ffc14628cc037c5e16f4c7369b20a2a6f7f0?s=96&d=mm&r=g","url":"https:\/\/secure.gravatar.com\/avatar\/e29bd40bace3fd935e1d6fdb7313ffc14628cc037c5e16f4c7369b20a2a6f7f0?s=96&d=mm&r=g","contentUrl":"https:\/\/secure.gravatar.com\/avatar\/e29bd40bace3fd935e1d6fdb7313ffc14628cc037c5e16f4c7369b20a2a6f7f0?s=96&d=mm&r=g","caption":"veronicapastor"}}]}},"_links":{"self":[{"href":"https:\/\/valenciasjb.salesianos.edu\/colegio\/wp-json\/wp\/v2\/posts\/9747","targetHints":{"allow":["GET"]}}],"collection":[{"href":"https:\/\/valenciasjb.salesianos.edu\/colegio\/wp-json\/wp\/v2\/posts"}],"about":[{"href":"https:\/\/valenciasjb.salesianos.edu\/colegio\/wp-json\/wp\/v2\/types\/post"}],"author":[{"embeddable":true,"href":"https:\/\/valenciasjb.salesianos.edu\/colegio\/wp-json\/wp\/v2\/users\/6"}],"replies":[{"embeddable":true,"href":"https:\/\/valenciasjb.salesianos.edu\/colegio\/wp-json\/wp\/v2\/comments?post=9747"}],"version-history":[{"count":2,"href":"https:\/\/valenciasjb.salesianos.edu\/colegio\/wp-json\/wp\/v2\/posts\/9747\/revisions"}],"predecessor-version":[{"id":9757,"href":"https:\/\/valenciasjb.salesianos.edu\/colegio\/wp-json\/wp\/v2\/posts\/9747\/revisions\/9757"}],"wp:featuredmedia":[{"embeddable":true,"href":"https:\/\/valenciasjb.salesianos.edu\/colegio\/wp-json\/wp\/v2\/media\/9751"}],"wp:attachment":[{"href":"https:\/\/valenciasjb.salesianos.edu\/colegio\/wp-json\/wp\/v2\/media?parent=9747"}],"wp:term":[{"taxonomy":"category","embeddable":true,"href":"https:\/\/valenciasjb.salesianos.edu\/colegio\/wp-json\/wp\/v2\/categories?post=9747"},{"taxonomy":"post_tag","embeddable":true,"href":"https:\/\/valenciasjb.salesianos.edu\/colegio\/wp-json\/wp\/v2\/tags?post=9747"}],"curies":[{"name":"wp","href":"https:\/\/api.w.org\/{rel}","templated":true}]}}