{"id":9759,"date":"2018-10-22T16:21:04","date_gmt":"2018-10-22T15:21:04","guid":{"rendered":"https:\/\/valenciasjb.salesianos.edu\/colegio\/?p=9759"},"modified":"2018-10-22T16:26:13","modified_gmt":"2018-10-22T15:26:13","slug":"la-semana-de-orientacion-vocacional-arranca-con-grandes-actividades-y-muchas-sorpresas-por-venir","status":"publish","type":"post","link":"https:\/\/valenciasjb.salesianos.edu\/colegio\/la-semana-de-orientacion-vocacional-arranca-con-grandes-actividades-y-muchas-sorpresas-por-venir\/","title":{"rendered":"La Semana de Orientaci\u00f3n Vocacional arranca con grandes actividades y muchas sorpresas por venir"},"content":{"rendered":"<div id=\"fb-root\"><\/div>\n<p>[et_pb_section bb_built=\u00bb1&#8243; admin_label=\u00bbsection\u00bb][et_pb_row admin_label=\u00bbrow\u00bb background_position=\u00bbtop_left\u00bb background_repeat=\u00bbrepeat\u00bb background_size=\u00bbinitial\u00bb][et_pb_column type=\u00bb4_4&#8243;][et_pb_text admin_label=\u00bbEntradilla (Texto)\u00bb _builder_version=\u00bb3.0.105&#8243; background_layout=\u00bblight\u00bb text_orientation=\u00bbjustified\u00bb text_font=\u00bb|on|||\u00bb module_alignment=\u00bbleft\u00bb]<\/p>\n<div id=\"resumen\"><strong>La Semana de Orientaci\u00f3n Vocacional ha comenzado esta semana con dos interesantes actividades dirigidas a alumnado de ESO. Por un lado, los alumnos de 4\u00ba de ESO han recibido la visita, durante las dos primeras horas de la ma\u00f1ana, de un grupo de profesionales de distintas ramas que, curiosamente, eran padres y madres del colegio, algunos de ellos padres y madres de sus compa\u00f1eros de clase. Por otro lado, el alumnado de 1\u00ba y 2\u00ba de ESO ha asistido en el teatro a una interesante charla de la mano de Neus Ferri, compositora, cantante e int\u00e9rprete.<br \/>\n<\/strong><\/div>\n<div><\/div>\n<p>[\/et_pb_text][et_pb_text admin_label=\u00bbAutor (Texto)\u00bb _builder_version=\u00bb3.0.105&#8243; background_layout=\u00bblight\u00bb text_font=\u00bb||on||\u00bb]<\/p>\n<p>Redacci\u00f3n.<\/p>\n<p>[\/et_pb_text][et_pb_text admin_label=\u00bbDesarrollo (Texto)\u00bb _builder_version=\u00bb3.0.105&#8243; background_layout=\u00bblight\u00bb text_orientation=\u00bbjustified\u00bb module_alignment=\u00bbleft\u00bb]<\/p>\n<p>La actividad titulada \u00abLa profesi\u00f3n de mis familiares\u00bb para el alumnado de 4\u00ba de ESO ha contado con la presencia de unos invitados muy especiales, padres y madres del colegio, que han querido contar a los alumnos y alumnas su experiencia profesional en distintos \u00e1mbitos muy diversos: m\u00e9dico traumat\u00f3logo, farmac\u00e9utica y t\u00e9cnico de laboratorio en la universidad, dos periodistas, uno de prensa deportiva y una gestora de comunicaci\u00f3n empresarial que trabaja como freelance, psic\u00f3loga, polic\u00edas, \u00e1rbitro de f\u00fatbol y fisioterapeuta del Levante CF, jueza e ingeniera de caminos.<\/p>\n<p>Asimismo, en 1\u00ba y 2\u00ba de ESO, en la actividad \u00abAqu\u00ed me tienes\u00bb, han recibido a la cantante Neus Ferri,\u00a0finalista de la primera edici\u00f3n del programa \u201cLa Voz\u201d en 2012,\u00a0que les ha contado su historia y c\u00f3mo ha tenido que esforzarse para llegar hasta el lugar que ahora ocupa. Desde sus principios como acompa\u00f1ante hasta el lanzamiento de su carrera en soitario, Neus ha reflejado el tes\u00f3n en conseguir sus sue\u00f1os art\u00edsticos. En esta charla, ha mostrado adem\u00e1s su gran humanidad y sencillez alternando sus consejos y experiencias con alguna de sus canciones m\u00e1s conocidas y que tambi\u00e9n reflejan ese sentimiento. Neus ha destacado en su discurso valores como el esfuerzo y trabajo continuos, la superaci\u00f3n de los propios miedos, la importancia de dedicarte a algo por lo que sientas vocaci\u00f3n y que te haga feliz, la dignidad de cualquier profesi\u00f3n, que la fama no es sin\u00f3nimo de \u00e9xito, sino que el \u00e9xito y la satisfacci\u00f3n personal se alcanzan en tareas cotidianas si eres capaz de conseguir tus propias metas y hacer algo bueno por los dem\u00e1s.<\/p>\n<p>La Semana de Orientaci\u00f3n Vocacional surge desde la necesidad de dotar a los j\u00f3venes de nuestro colegio de ciertos conocimientos, adem\u00e1s de los propiamente acad\u00e9micos, que van a ser fundamentales en sus vidas futuras, as\u00ed como experiencias de vida de personas no tan diferente de ellos, y de su propio entorno.<\/p>\n<p>A\u00fan quedan muchas actividades y sorpresas por venir. Todos y todas aportar\u00e1n su granito de arena en la b\u00fasqueda de la vocaci\u00f3n de nuestros j\u00f3venes y en ese camino, estamos seguros, en la construcci\u00f3n de una sociedad m\u00e1s justa y m\u00e1s fraterna para todas y todos.<\/p>\n<p>[\/et_pb_text][et_pb_text admin_label=\u00bbT\u00edtulo: Galer\u00eda de fotos (Texto)\u00bb _builder_version=\u00bb3.0.76&#8243; background_layout=\u00bblight\u00bb text_font=\u00bb|on|||\u00bb text_text_color=\u00bb#dc001b\u00bb border_style=\u00bbsolid\u00bb disabled=\u00bboff\u00bb disabled_on=\u00bboff|on|on\u00bb]<\/p>\n<p>Galer\u00eda de im\u00e1genes<\/p>\n<p>[\/et_pb_text][et_pb_gallery _builder_version=\u00bb3.0.105&#8243; posts_number=\u00bb8&#8243; show_title_and_caption=\u00bboff\u00bb show_pagination=\u00bbon\u00bb fullwidth=\u00bboff\u00bb orientation=\u00bblandscape\u00bb zoom_icon_color=\u00bb#dc001b\u00bb hover_overlay_color=\u00bbrgba(255,255,255,0.9)\u00bb hover_icon=\u00bb%%51%%\u00bb background_layout=\u00bblight\u00bb disabled=\u00bboff\u00bb disabled_on=\u00bboff|off|off\u00bb gallery_ids=\u00bb9767,9764,9765,9763,9762,9761,9760&#8243; pagination_font_size_tablet=\u00bb51&#8243; pagination_line_height_tablet=\u00bb2&#8243; \/][et_pb_video _builder_version=\u00bb3.0.51&#8243; disabled=\u00bbon\u00bb disabled_on=\u00bbon|on|on\u00bb \/][\/et_pb_column][\/et_pb_row][\/et_pb_section]<\/p>\n<!-- AddThis Advanced Settings generic via filter on the_content --><!-- AddThis Share Buttons generic via filter on the_content -->","protected":false},"excerpt":{"rendered":"<p>La Semana de Orientaci\u00f3n Vocacional ha comenzado esta semana con dos interesantes actividades dirigidas a alumnado de ESO. Por un lado, los alumnos de 4\u00ba de ESO han recibido la visita, durante las dos primeras horas de la ma\u00f1ana, de un grupo de profesionales de distintas ramas que, curiosamente, eran padres y madres del colegio, [&hellip;]<\/p>\n<p><!-- AddThis Advanced Settings generic via filter on get_the_excerpt --><!-- AddThis Share Buttons generic via filter on get_the_excerpt --><\/p>\n","protected":false},"author":6,"featured_media":9760,"comment_status":"closed","ping_status":"open","sticky":false,"template":"","format":"standard","meta":{"_et_pb_use_builder":"on","_et_pb_old_content":"","_et_gb_content_width":"","footnotes":""},"categories":[14],"tags":[],"class_list":["post-9759","post","type-post","status-publish","format-standard","has-post-thumbnail","hentry","category-noticia_colegio"],"yoast_head":"<!-- This site is optimized with the Yoast SEO plugin v28.4 - https:\/\/yoast.com\/product\/yoast-seo-wordpress\/ -->\n<title>La Semana de Orientaci\u00f3n Vocacional arranca con grandes actividades y muchas sorpresas por venir - Colegio San Juan Bosco Valencia<\/title>\n<meta name=\"robots\" content=\"index, follow, max-snippet:-1, max-image-preview:large, max-video-preview:-1\" \/>\n<link rel=\"canonical\" href=\"https:\/\/valenciasjb.salesianos.edu\/colegio\/la-semana-de-orientacion-vocacional-arranca-con-grandes-actividades-y-muchas-sorpresas-por-venir\/\" \/>\n<meta property=\"og:locale\" content=\"es_ES\" \/>\n<meta property=\"og:type\" content=\"article\" \/>\n<meta property=\"og:title\" content=\"La Semana de Orientaci\u00f3n Vocacional arranca con grandes actividades y muchas sorpresas por venir - Colegio San Juan Bosco Valencia\" \/>\n<meta property=\"og:description\" content=\"La Semana de Orientaci\u00f3n Vocacional ha comenzado esta semana con dos interesantes actividades dirigidas a alumnado de ESO. Por un lado, los alumnos de 4\u00ba de ESO han recibido la visita, durante las dos primeras horas de la ma\u00f1ana, de un grupo de profesionales de distintas ramas que, curiosamente, eran padres y madres del colegio, [&hellip;]\" \/>\n<meta property=\"og:url\" content=\"https:\/\/valenciasjb.salesianos.edu\/colegio\/la-semana-de-orientacion-vocacional-arranca-con-grandes-actividades-y-muchas-sorpresas-por-venir\/\" \/>\n<meta property=\"og:site_name\" content=\"Colegio San Juan Bosco Valencia\" \/>\n<meta property=\"article:publisher\" content=\"https:\/\/www.facebook.com\/ColegioSalesianoSanJuanBoscoValencia\" \/>\n<meta property=\"article:published_time\" content=\"2018-10-22T15:21:04+00:00\" \/>\n<meta property=\"article:modified_time\" content=\"2018-10-22T15:26:13+00:00\" \/>\n<meta property=\"og:image\" content=\"https:\/\/valenciasjb.salesianos.edu\/colegio\/wp-content\/uploads\/sites\/2\/2018\/10\/IMG_6492-1024x683.jpg\" \/>\n\t<meta property=\"og:image:width\" content=\"1024\" \/>\n\t<meta property=\"og:image:height\" content=\"683\" \/>\n\t<meta property=\"og:image:type\" content=\"image\/jpeg\" \/>\n<meta name=\"author\" content=\"veronicapastor\" \/>\n<meta name=\"twitter:card\" content=\"summary_large_image\" \/>\n<meta name=\"twitter:creator\" content=\"@SalesianosVSJB\" \/>\n<meta name=\"twitter:site\" content=\"@SalesianosVSJB\" \/>\n<meta name=\"twitter:label1\" content=\"Escrito por\" \/>\n\t<meta name=\"twitter:data1\" content=\"veronicapastor\" \/>\n\t<meta name=\"twitter:label2\" content=\"Tiempo de lectura\" \/>\n\t<meta name=\"twitter:data2\" content=\"4 minutos\" \/>\n<script type=\"application\/ld+json\" class=\"yoast-schema-graph\">{\"@context\":\"https:\\\/\\\/schema.org\",\"@graph\":[{\"@type\":\"Article\",\"@id\":\"https:\\\/\\\/valenciasjb.salesianos.edu\\\/colegio\\\/la-semana-de-orientacion-vocacional-arranca-con-grandes-actividades-y-muchas-sorpresas-por-venir\\\/#article\",\"isPartOf\":{\"@id\":\"https:\\\/\\\/valenciasjb.salesianos.edu\\\/colegio\\\/la-semana-de-orientacion-vocacional-arranca-con-grandes-actividades-y-muchas-sorpresas-por-venir\\\/\"},\"author\":{\"name\":\"veronicapastor\",\"@id\":\"https:\\\/\\\/valenciasjb.salesianos.edu\\\/colegio\\\/#\\\/schema\\\/person\\\/1f45b67e52b27da175190a574db6bed9\"},\"headline\":\"La Semana de Orientaci\u00f3n Vocacional arranca con grandes actividades y muchas sorpresas por venir\",\"datePublished\":\"2018-10-22T15:21:04+00:00\",\"dateModified\":\"2018-10-22T15:26:13+00:00\",\"mainEntityOfPage\":{\"@id\":\"https:\\\/\\\/valenciasjb.salesianos.edu\\\/colegio\\\/la-semana-de-orientacion-vocacional-arranca-con-grandes-actividades-y-muchas-sorpresas-por-venir\\\/\"},\"wordCount\":715,\"image\":{\"@id\":\"https:\\\/\\\/valenciasjb.salesianos.edu\\\/colegio\\\/la-semana-de-orientacion-vocacional-arranca-con-grandes-actividades-y-muchas-sorpresas-por-venir\\\/#primaryimage\"},\"thumbnailUrl\":\"https:\\\/\\\/valenciasjb.salesianos.edu\\\/colegio\\\/wp-content\\\/uploads\\\/sites\\\/2\\\/2018\\\/10\\\/IMG_6492.jpg\",\"articleSection\":[\"Noticia Colegio\"],\"inLanguage\":\"es\"},{\"@type\":\"WebPage\",\"@id\":\"https:\\\/\\\/valenciasjb.salesianos.edu\\\/colegio\\\/la-semana-de-orientacion-vocacional-arranca-con-grandes-actividades-y-muchas-sorpresas-por-venir\\\/\",\"url\":\"https:\\\/\\\/valenciasjb.salesianos.edu\\\/colegio\\\/la-semana-de-orientacion-vocacional-arranca-con-grandes-actividades-y-muchas-sorpresas-por-venir\\\/\",\"name\":\"La Semana de Orientaci\u00f3n Vocacional arranca con grandes actividades y muchas sorpresas por venir - Colegio San Juan Bosco Valencia\",\"isPartOf\":{\"@id\":\"https:\\\/\\\/valenciasjb.salesianos.edu\\\/colegio\\\/#website\"},\"primaryImageOfPage\":{\"@id\":\"https:\\\/\\\/valenciasjb.salesianos.edu\\\/colegio\\\/la-semana-de-orientacion-vocacional-arranca-con-grandes-actividades-y-muchas-sorpresas-por-venir\\\/#primaryimage\"},\"image\":{\"@id\":\"https:\\\/\\\/valenciasjb.salesianos.edu\\\/colegio\\\/la-semana-de-orientacion-vocacional-arranca-con-grandes-actividades-y-muchas-sorpresas-por-venir\\\/#primaryimage\"},\"thumbnailUrl\":\"https:\\\/\\\/valenciasjb.salesianos.edu\\\/colegio\\\/wp-content\\\/uploads\\\/sites\\\/2\\\/2018\\\/10\\\/IMG_6492.jpg\",\"datePublished\":\"2018-10-22T15:21:04+00:00\",\"dateModified\":\"2018-10-22T15:26:13+00:00\",\"author\":{\"@id\":\"https:\\\/\\\/valenciasjb.salesianos.edu\\\/colegio\\\/#\\\/schema\\\/person\\\/1f45b67e52b27da175190a574db6bed9\"},\"breadcrumb\":{\"@id\":\"https:\\\/\\\/valenciasjb.salesianos.edu\\\/colegio\\\/la-semana-de-orientacion-vocacional-arranca-con-grandes-actividades-y-muchas-sorpresas-por-venir\\\/#breadcrumb\"},\"inLanguage\":\"es\",\"potentialAction\":[{\"@type\":\"ReadAction\",\"target\":[\"https:\\\/\\\/valenciasjb.salesianos.edu\\\/colegio\\\/la-semana-de-orientacion-vocacional-arranca-con-grandes-actividades-y-muchas-sorpresas-por-venir\\\/\"]}]},{\"@type\":\"ImageObject\",\"inLanguage\":\"es\",\"@id\":\"https:\\\/\\\/valenciasjb.salesianos.edu\\\/colegio\\\/la-semana-de-orientacion-vocacional-arranca-con-grandes-actividades-y-muchas-sorpresas-por-venir\\\/#primaryimage\",\"url\":\"https:\\\/\\\/valenciasjb.salesianos.edu\\\/colegio\\\/wp-content\\\/uploads\\\/sites\\\/2\\\/2018\\\/10\\\/IMG_6492.jpg\",\"contentUrl\":\"https:\\\/\\\/valenciasjb.salesianos.edu\\\/colegio\\\/wp-content\\\/uploads\\\/sites\\\/2\\\/2018\\\/10\\\/IMG_6492.jpg\",\"width\":3984,\"height\":2656},{\"@type\":\"BreadcrumbList\",\"@id\":\"https:\\\/\\\/valenciasjb.salesianos.edu\\\/colegio\\\/la-semana-de-orientacion-vocacional-arranca-con-grandes-actividades-y-muchas-sorpresas-por-venir\\\/#breadcrumb\",\"itemListElement\":[{\"@type\":\"ListItem\",\"position\":1,\"name\":\"Portada\",\"item\":\"https:\\\/\\\/valenciasjb.salesianos.edu\\\/colegio\\\/\"},{\"@type\":\"ListItem\",\"position\":2,\"name\":\"La Semana de Orientaci\u00f3n Vocacional arranca con grandes actividades y muchas sorpresas por venir\"}]},{\"@type\":\"WebSite\",\"@id\":\"https:\\\/\\\/valenciasjb.salesianos.edu\\\/colegio\\\/#website\",\"url\":\"https:\\\/\\\/valenciasjb.salesianos.edu\\\/colegio\\\/\",\"name\":\"Colegio San Juan Bosco Valencia\",\"description\":\"P\u00e1gina oficial del Colegio Salesianos San Juan Bosco Valencia\",\"alternateName\":\"Salesianos.VSJB\",\"potentialAction\":[{\"@type\":\"SearchAction\",\"target\":{\"@type\":\"EntryPoint\",\"urlTemplate\":\"https:\\\/\\\/valenciasjb.salesianos.edu\\\/colegio\\\/?s={search_term_string}\"},\"query-input\":{\"@type\":\"PropertyValueSpecification\",\"valueRequired\":true,\"valueName\":\"search_term_string\"}}],\"inLanguage\":\"es\"},{\"@type\":\"Person\",\"@id\":\"https:\\\/\\\/valenciasjb.salesianos.edu\\\/colegio\\\/#\\\/schema\\\/person\\\/1f45b67e52b27da175190a574db6bed9\",\"name\":\"veronicapastor\",\"image\":{\"@type\":\"ImageObject\",\"inLanguage\":\"es\",\"@id\":\"https:\\\/\\\/secure.gravatar.com\\\/avatar\\\/e29bd40bace3fd935e1d6fdb7313ffc14628cc037c5e16f4c7369b20a2a6f7f0?s=96&d=mm&r=g\",\"url\":\"https:\\\/\\\/secure.gravatar.com\\\/avatar\\\/e29bd40bace3fd935e1d6fdb7313ffc14628cc037c5e16f4c7369b20a2a6f7f0?s=96&d=mm&r=g\",\"contentUrl\":\"https:\\\/\\\/secure.gravatar.com\\\/avatar\\\/e29bd40bace3fd935e1d6fdb7313ffc14628cc037c5e16f4c7369b20a2a6f7f0?s=96&d=mm&r=g\",\"caption\":\"veronicapastor\"}}]}<\/script>\n<!-- \/ Yoast SEO plugin. -->","yoast_head_json":{"title":"La Semana de Orientaci\u00f3n Vocacional arranca con grandes actividades y muchas sorpresas por venir - Colegio San Juan Bosco Valencia","robots":{"index":"index","follow":"follow","max-snippet":"max-snippet:-1","max-image-preview":"max-image-preview:large","max-video-preview":"max-video-preview:-1"},"canonical":"https:\/\/valenciasjb.salesianos.edu\/colegio\/la-semana-de-orientacion-vocacional-arranca-con-grandes-actividades-y-muchas-sorpresas-por-venir\/","og_locale":"es_ES","og_type":"article","og_title":"La Semana de Orientaci\u00f3n Vocacional arranca con grandes actividades y muchas sorpresas por venir - Colegio San Juan Bosco Valencia","og_description":"La Semana de Orientaci\u00f3n Vocacional ha comenzado esta semana con dos interesantes actividades dirigidas a alumnado de ESO. Por un lado, los alumnos de 4\u00ba de ESO han recibido la visita, durante las dos primeras horas de la ma\u00f1ana, de un grupo de profesionales de distintas ramas que, curiosamente, eran padres y madres del colegio, [&hellip;]","og_url":"https:\/\/valenciasjb.salesianos.edu\/colegio\/la-semana-de-orientacion-vocacional-arranca-con-grandes-actividades-y-muchas-sorpresas-por-venir\/","og_site_name":"Colegio San Juan Bosco Valencia","article_publisher":"https:\/\/www.facebook.com\/ColegioSalesianoSanJuanBoscoValencia","article_published_time":"2018-10-22T15:21:04+00:00","article_modified_time":"2018-10-22T15:26:13+00:00","og_image":[{"width":1024,"height":683,"url":"https:\/\/valenciasjb.salesianos.edu\/colegio\/wp-content\/uploads\/sites\/2\/2018\/10\/IMG_6492-1024x683.jpg","type":"image\/jpeg"}],"author":"veronicapastor","twitter_card":"summary_large_image","twitter_creator":"@SalesianosVSJB","twitter_site":"@SalesianosVSJB","twitter_misc":{"Escrito por":"veronicapastor","Tiempo de lectura":"4 minutos"},"schema":{"@context":"https:\/\/schema.org","@graph":[{"@type":"Article","@id":"https:\/\/valenciasjb.salesianos.edu\/colegio\/la-semana-de-orientacion-vocacional-arranca-con-grandes-actividades-y-muchas-sorpresas-por-venir\/#article","isPartOf":{"@id":"https:\/\/valenciasjb.salesianos.edu\/colegio\/la-semana-de-orientacion-vocacional-arranca-con-grandes-actividades-y-muchas-sorpresas-por-venir\/"},"author":{"name":"veronicapastor","@id":"https:\/\/valenciasjb.salesianos.edu\/colegio\/#\/schema\/person\/1f45b67e52b27da175190a574db6bed9"},"headline":"La Semana de Orientaci\u00f3n Vocacional arranca con grandes actividades y muchas sorpresas por venir","datePublished":"2018-10-22T15:21:04+00:00","dateModified":"2018-10-22T15:26:13+00:00","mainEntityOfPage":{"@id":"https:\/\/valenciasjb.salesianos.edu\/colegio\/la-semana-de-orientacion-vocacional-arranca-con-grandes-actividades-y-muchas-sorpresas-por-venir\/"},"wordCount":715,"image":{"@id":"https:\/\/valenciasjb.salesianos.edu\/colegio\/la-semana-de-orientacion-vocacional-arranca-con-grandes-actividades-y-muchas-sorpresas-por-venir\/#primaryimage"},"thumbnailUrl":"https:\/\/valenciasjb.salesianos.edu\/colegio\/wp-content\/uploads\/sites\/2\/2018\/10\/IMG_6492.jpg","articleSection":["Noticia Colegio"],"inLanguage":"es"},{"@type":"WebPage","@id":"https:\/\/valenciasjb.salesianos.edu\/colegio\/la-semana-de-orientacion-vocacional-arranca-con-grandes-actividades-y-muchas-sorpresas-por-venir\/","url":"https:\/\/valenciasjb.salesianos.edu\/colegio\/la-semana-de-orientacion-vocacional-arranca-con-grandes-actividades-y-muchas-sorpresas-por-venir\/","name":"La Semana de Orientaci\u00f3n Vocacional arranca con grandes actividades y muchas sorpresas por venir - Colegio San Juan Bosco Valencia","isPartOf":{"@id":"https:\/\/valenciasjb.salesianos.edu\/colegio\/#website"},"primaryImageOfPage":{"@id":"https:\/\/valenciasjb.salesianos.edu\/colegio\/la-semana-de-orientacion-vocacional-arranca-con-grandes-actividades-y-muchas-sorpresas-por-venir\/#primaryimage"},"image":{"@id":"https:\/\/valenciasjb.salesianos.edu\/colegio\/la-semana-de-orientacion-vocacional-arranca-con-grandes-actividades-y-muchas-sorpresas-por-venir\/#primaryimage"},"thumbnailUrl":"https:\/\/valenciasjb.salesianos.edu\/colegio\/wp-content\/uploads\/sites\/2\/2018\/10\/IMG_6492.jpg","datePublished":"2018-10-22T15:21:04+00:00","dateModified":"2018-10-22T15:26:13+00:00","author":{"@id":"https:\/\/valenciasjb.salesianos.edu\/colegio\/#\/schema\/person\/1f45b67e52b27da175190a574db6bed9"},"breadcrumb":{"@id":"https:\/\/valenciasjb.salesianos.edu\/colegio\/la-semana-de-orientacion-vocacional-arranca-con-grandes-actividades-y-muchas-sorpresas-por-venir\/#breadcrumb"},"inLanguage":"es","potentialAction":[{"@type":"ReadAction","target":["https:\/\/valenciasjb.salesianos.edu\/colegio\/la-semana-de-orientacion-vocacional-arranca-con-grandes-actividades-y-muchas-sorpresas-por-venir\/"]}]},{"@type":"ImageObject","inLanguage":"es","@id":"https:\/\/valenciasjb.salesianos.edu\/colegio\/la-semana-de-orientacion-vocacional-arranca-con-grandes-actividades-y-muchas-sorpresas-por-venir\/#primaryimage","url":"https:\/\/valenciasjb.salesianos.edu\/colegio\/wp-content\/uploads\/sites\/2\/2018\/10\/IMG_6492.jpg","contentUrl":"https:\/\/valenciasjb.salesianos.edu\/colegio\/wp-content\/uploads\/sites\/2\/2018\/10\/IMG_6492.jpg","width":3984,"height":2656},{"@type":"BreadcrumbList","@id":"https:\/\/valenciasjb.salesianos.edu\/colegio\/la-semana-de-orientacion-vocacional-arranca-con-grandes-actividades-y-muchas-sorpresas-por-venir\/#breadcrumb","itemListElement":[{"@type":"ListItem","position":1,"name":"Portada","item":"https:\/\/valenciasjb.salesianos.edu\/colegio\/"},{"@type":"ListItem","position":2,"name":"La Semana de Orientaci\u00f3n Vocacional arranca con grandes actividades y muchas sorpresas por venir"}]},{"@type":"WebSite","@id":"https:\/\/valenciasjb.salesianos.edu\/colegio\/#website","url":"https:\/\/valenciasjb.salesianos.edu\/colegio\/","name":"Colegio San Juan Bosco Valencia","description":"P\u00e1gina oficial del Colegio Salesianos San Juan Bosco Valencia","alternateName":"Salesianos.VSJB","potentialAction":[{"@type":"SearchAction","target":{"@type":"EntryPoint","urlTemplate":"https:\/\/valenciasjb.salesianos.edu\/colegio\/?s={search_term_string}"},"query-input":{"@type":"PropertyValueSpecification","valueRequired":true,"valueName":"search_term_string"}}],"inLanguage":"es"},{"@type":"Person","@id":"https:\/\/valenciasjb.salesianos.edu\/colegio\/#\/schema\/person\/1f45b67e52b27da175190a574db6bed9","name":"veronicapastor","image":{"@type":"ImageObject","inLanguage":"es","@id":"https:\/\/secure.gravatar.com\/avatar\/e29bd40bace3fd935e1d6fdb7313ffc14628cc037c5e16f4c7369b20a2a6f7f0?s=96&d=mm&r=g","url":"https:\/\/secure.gravatar.com\/avatar\/e29bd40bace3fd935e1d6fdb7313ffc14628cc037c5e16f4c7369b20a2a6f7f0?s=96&d=mm&r=g","contentUrl":"https:\/\/secure.gravatar.com\/avatar\/e29bd40bace3fd935e1d6fdb7313ffc14628cc037c5e16f4c7369b20a2a6f7f0?s=96&d=mm&r=g","caption":"veronicapastor"}}]}},"_links":{"self":[{"href":"https:\/\/valenciasjb.salesianos.edu\/colegio\/wp-json\/wp\/v2\/posts\/9759","targetHints":{"allow":["GET"]}}],"collection":[{"href":"https:\/\/valenciasjb.salesianos.edu\/colegio\/wp-json\/wp\/v2\/posts"}],"about":[{"href":"https:\/\/valenciasjb.salesianos.edu\/colegio\/wp-json\/wp\/v2\/types\/post"}],"author":[{"embeddable":true,"href":"https:\/\/valenciasjb.salesianos.edu\/colegio\/wp-json\/wp\/v2\/users\/6"}],"replies":[{"embeddable":true,"href":"https:\/\/valenciasjb.salesianos.edu\/colegio\/wp-json\/wp\/v2\/comments?post=9759"}],"version-history":[{"count":4,"href":"https:\/\/valenciasjb.salesianos.edu\/colegio\/wp-json\/wp\/v2\/posts\/9759\/revisions"}],"predecessor-version":[{"id":9771,"href":"https:\/\/valenciasjb.salesianos.edu\/colegio\/wp-json\/wp\/v2\/posts\/9759\/revisions\/9771"}],"wp:featuredmedia":[{"embeddable":true,"href":"https:\/\/valenciasjb.salesianos.edu\/colegio\/wp-json\/wp\/v2\/media\/9760"}],"wp:attachment":[{"href":"https:\/\/valenciasjb.salesianos.edu\/colegio\/wp-json\/wp\/v2\/media?parent=9759"}],"wp:term":[{"taxonomy":"category","embeddable":true,"href":"https:\/\/valenciasjb.salesianos.edu\/colegio\/wp-json\/wp\/v2\/categories?post=9759"},{"taxonomy":"post_tag","embeddable":true,"href":"https:\/\/valenciasjb.salesianos.edu\/colegio\/wp-json\/wp\/v2\/tags?post=9759"}],"curies":[{"name":"wp","href":"https:\/\/api.w.org\/{rel}","templated":true}]}}