{"id":9775,"date":"2018-10-25T22:05:09","date_gmt":"2018-10-25T21:05:09","guid":{"rendered":"https:\/\/valenciasjb.salesianos.edu\/colegio\/?p=9775"},"modified":"2018-10-25T22:05:09","modified_gmt":"2018-10-25T21:05:09","slug":"la-etapa-de-primaria-celebra-el-dia-de-la-biblioteca-con-el-inicio-del-proyecto-leer-en-casa","status":"publish","type":"post","link":"https:\/\/valenciasjb.salesianos.edu\/colegio\/la-etapa-de-primaria-celebra-el-dia-de-la-biblioteca-con-el-inicio-del-proyecto-leer-en-casa\/","title":{"rendered":"La etapa de Primaria celebra el D\u00eda de la Biblioteca con el inicio del proyecto \u201cLEER EN CASA\u201d"},"content":{"rendered":"<div id=\"fb-root\"><\/div>\n<p>[et_pb_section bb_built=\u00bb1&#8243; admin_label=\u00bbsection\u00bb][et_pb_row admin_label=\u00bbrow\u00bb background_position=\u00bbtop_left\u00bb background_repeat=\u00bbrepeat\u00bb background_size=\u00bbinitial\u00bb][et_pb_column type=\u00bb4_4&#8243;][et_pb_text admin_label=\u00bbEntradilla (Texto)\u00bb _builder_version=\u00bb3.0.105&#8243; background_layout=\u00bblight\u00bb text_orientation=\u00bbjustified\u00bb text_font=\u00bb|on|||\u00bb module_alignment=\u00bbleft\u00bb]<\/p>\n<div id=\"resumen\">\n<p><strong>El d\u00eda 24 de octubre se celebra en Espa\u00f1a, como cada a\u00f1o, el D\u00eda de la Biblioteca. Una iniciativa de la\u00a0<\/strong><a href=\"https:\/\/www.amigosdellibro.com\/\"><strong>Asociaci\u00f3n Espa\u00f1ola de Amigos del Libro infantil y Juvenil<\/strong><\/a><strong>\u00a0que tuvo su origen en el a\u00f1o 1997. <\/strong><\/p>\n<\/div>\n<div><\/div>\n<p>[\/et_pb_text][et_pb_text admin_label=\u00bbAutor (Texto)\u00bb _builder_version=\u00bb3.0.105&#8243; background_layout=\u00bblight\u00bb text_font=\u00bb||on||\u00bb]<\/p>\n<p>Susana de la Fuente. Encargada del aula de fomento a la lectura.<\/p>\n<p>[\/et_pb_text][et_pb_text admin_label=\u00bbDesarrollo (Texto)\u00bb _builder_version=\u00bb3.0.105&#8243; background_layout=\u00bblight\u00bb text_orientation=\u00bbjustified\u00bb module_alignment=\u00bbleft\u00bb]<\/p>\n<p>Esta celebraci\u00f3n naci\u00f3 para que todo el mundo conozca la importancia de la biblioteca como lugar de encuentro de los lectores de todas las edades con la cultura, y como un lugar para la mejora de la formaci\u00f3n y la convivencia humana. La etapa de Primaria celebr\u00f3 el D\u00eda de la Biblioteca con el lanzamiento de la actividad familiar \u201cLeer en casa\u201d.<\/p>\n<p>Para ello, varios alumnos y alumnas junto con sus familiares, realizaron un \u201cbuenos d\u00edas\u201d lleno de an\u00e9cdotas lectoras, en el que contaron sus experiencias con el proyecto leer en casa el curso pasado. De este modo, han conseguido animar a sus compa\u00f1eros y compa\u00f1eras a participar en el proyecto, de un modo cercano y motivador.<\/p>\n<p>Ese mismo d\u00eda, se entreg\u00f3 al alumnado un folleto informativo y el calendario en el que anotan los d\u00edas que leen en familia.<\/p>\n<p>Al finalizar el curso, las familias que entreguen mensualmente los d\u00edas le\u00eddos, recibir\u00e1n un diploma de familia lectora.<\/p>\n<p>El aula de fomento, as\u00ed como los pasillos del colegio se ambientaron con carteles y el preg\u00f3n que propone la\u00a0<a href=\"https:\/\/www.amigosdellibro.com\/\">Asociaci\u00f3n Espa\u00f1ola de Amigos del Libro infantil y Juvenil<\/a>.<\/p>\n<p>Adem\u00e1s, el aula de fomento a la lectura se llen\u00f3 de magia, en la hora del recreo, con las actividades habituales como son, el pr\u00e9stamo, lectura individual y con amigos, trabajos grupales, investigaci\u00f3n en los ordenadores\u2026 Todo ello coordinado con la ayuda del Equipo Boscoleo.<\/p>\n<p>Desde el colegio os animamos a participar en el proyecto y disfrutar del placer de la lectura en familia.<\/p>\n<p><em>\u201cEl libro es el laboratorio del hombre, el lugar en el que se experimenta con emociones, descubrimientos, utop\u00edas, apuestas.\u201d Gonzalo Moure.<\/em> (Premio Cervantes Chico 2017).<\/p>\n<p>[\/et_pb_text][et_pb_text admin_label=\u00bbT\u00edtulo: Galer\u00eda de fotos (Texto)\u00bb _builder_version=\u00bb3.0.76&#8243; background_layout=\u00bblight\u00bb text_font=\u00bb|on|||\u00bb text_text_color=\u00bb#dc001b\u00bb border_style=\u00bbsolid\u00bb disabled=\u00bboff\u00bb disabled_on=\u00bboff|on|on\u00bb]<\/p>\n<p>Galer\u00eda de im\u00e1genes<\/p>\n<p>[\/et_pb_text][et_pb_gallery _builder_version=\u00bb3.0.105&#8243; posts_number=\u00bb8&#8243; show_title_and_caption=\u00bboff\u00bb show_pagination=\u00bbon\u00bb fullwidth=\u00bboff\u00bb orientation=\u00bblandscape\u00bb zoom_icon_color=\u00bb#dc001b\u00bb hover_overlay_color=\u00bbrgba(255,255,255,0.9)\u00bb hover_icon=\u00bb%%51%%\u00bb background_layout=\u00bblight\u00bb disabled=\u00bboff\u00bb disabled_on=\u00bboff|off|off\u00bb gallery_ids=\u00bb9783,9782,9781,9779,9778,9777,9776&#8243; pagination_font_size_tablet=\u00bb51&#8243; pagination_line_height_tablet=\u00bb2&#8243; \/][et_pb_video _builder_version=\u00bb3.0.51&#8243; disabled=\u00bbon\u00bb disabled_on=\u00bbon|on|on\u00bb \/][\/et_pb_column][\/et_pb_row][\/et_pb_section]<\/p>\n<!-- AddThis Advanced Settings generic via filter on the_content --><!-- AddThis Share Buttons generic via filter on the_content -->","protected":false},"excerpt":{"rendered":"<p>El d\u00eda 24 de octubre se celebra en Espa\u00f1a, como cada a\u00f1o, el D\u00eda de la Biblioteca. Una iniciativa de la\u00a0Asociaci\u00f3n Espa\u00f1ola de Amigos del Libro infantil y Juvenil\u00a0que tuvo su origen en el a\u00f1o 1997. Susana de la Fuente. Encargada del aula de fomento a la lectura. Esta celebraci\u00f3n naci\u00f3 para que todo el [&hellip;]<\/p>\n<p><!-- AddThis Advanced Settings generic via filter on get_the_excerpt --><!-- AddThis Share Buttons generic via filter on get_the_excerpt --><\/p>\n","protected":false},"author":6,"featured_media":9782,"comment_status":"closed","ping_status":"open","sticky":false,"template":"","format":"standard","meta":{"_et_pb_use_builder":"on","_et_pb_old_content":"","_et_gb_content_width":"","footnotes":""},"categories":[14],"tags":[],"class_list":["post-9775","post","type-post","status-publish","format-standard","has-post-thumbnail","hentry","category-noticia_colegio"],"yoast_head":"<!-- This site is optimized with the Yoast SEO plugin v28.4 - https:\/\/yoast.com\/product\/yoast-seo-wordpress\/ -->\n<title>La etapa de Primaria celebra el D\u00eda de la Biblioteca con el inicio del proyecto \u201cLEER EN CASA\u201d - Colegio San Juan Bosco Valencia<\/title>\n<meta name=\"robots\" content=\"index, follow, max-snippet:-1, max-image-preview:large, max-video-preview:-1\" \/>\n<link rel=\"canonical\" href=\"https:\/\/valenciasjb.salesianos.edu\/colegio\/la-etapa-de-primaria-celebra-el-dia-de-la-biblioteca-con-el-inicio-del-proyecto-leer-en-casa\/\" \/>\n<meta property=\"og:locale\" content=\"es_ES\" \/>\n<meta property=\"og:type\" content=\"article\" \/>\n<meta property=\"og:title\" content=\"La etapa de Primaria celebra el D\u00eda de la Biblioteca con el inicio del proyecto \u201cLEER EN CASA\u201d - Colegio San Juan Bosco Valencia\" \/>\n<meta property=\"og:description\" content=\"El d\u00eda 24 de octubre se celebra en Espa\u00f1a, como cada a\u00f1o, el D\u00eda de la Biblioteca. Una iniciativa de la\u00a0Asociaci\u00f3n Espa\u00f1ola de Amigos del Libro infantil y Juvenil\u00a0que tuvo su origen en el a\u00f1o 1997. Susana de la Fuente. Encargada del aula de fomento a la lectura. Esta celebraci\u00f3n naci\u00f3 para que todo el [&hellip;]\" \/>\n<meta property=\"og:url\" content=\"https:\/\/valenciasjb.salesianos.edu\/colegio\/la-etapa-de-primaria-celebra-el-dia-de-la-biblioteca-con-el-inicio-del-proyecto-leer-en-casa\/\" \/>\n<meta property=\"og:site_name\" content=\"Colegio San Juan Bosco Valencia\" \/>\n<meta property=\"article:publisher\" content=\"https:\/\/www.facebook.com\/ColegioSalesianoSanJuanBoscoValencia\" \/>\n<meta property=\"article:published_time\" content=\"2018-10-25T21:05:09+00:00\" \/>\n<meta property=\"og:image\" content=\"https:\/\/valenciasjb.salesianos.edu\/colegio\/wp-content\/uploads\/sites\/2\/2018\/10\/IMG_5291-e1540501222958.jpg\" \/>\n\t<meta property=\"og:image:width\" content=\"4032\" \/>\n\t<meta property=\"og:image:height\" content=\"3024\" \/>\n\t<meta property=\"og:image:type\" content=\"image\/jpeg\" \/>\n<meta name=\"author\" content=\"veronicapastor\" \/>\n<meta name=\"twitter:card\" content=\"summary_large_image\" \/>\n<meta name=\"twitter:creator\" content=\"@SalesianosVSJB\" \/>\n<meta name=\"twitter:site\" content=\"@SalesianosVSJB\" \/>\n<meta name=\"twitter:label1\" content=\"Escrito por\" \/>\n\t<meta name=\"twitter:data1\" content=\"veronicapastor\" \/>\n\t<meta name=\"twitter:label2\" content=\"Tiempo de lectura\" \/>\n\t<meta name=\"twitter:data2\" content=\"3 minutos\" \/>\n<script type=\"application\/ld+json\" class=\"yoast-schema-graph\">{\"@context\":\"https:\\\/\\\/schema.org\",\"@graph\":[{\"@type\":\"Article\",\"@id\":\"https:\\\/\\\/valenciasjb.salesianos.edu\\\/colegio\\\/la-etapa-de-primaria-celebra-el-dia-de-la-biblioteca-con-el-inicio-del-proyecto-leer-en-casa\\\/#article\",\"isPartOf\":{\"@id\":\"https:\\\/\\\/valenciasjb.salesianos.edu\\\/colegio\\\/la-etapa-de-primaria-celebra-el-dia-de-la-biblioteca-con-el-inicio-del-proyecto-leer-en-casa\\\/\"},\"author\":{\"name\":\"veronicapastor\",\"@id\":\"https:\\\/\\\/valenciasjb.salesianos.edu\\\/colegio\\\/#\\\/schema\\\/person\\\/1f45b67e52b27da175190a574db6bed9\"},\"headline\":\"La etapa de Primaria celebra el D\u00eda de la Biblioteca con el inicio del proyecto \u201cLEER EN CASA\u201d\",\"datePublished\":\"2018-10-25T21:05:09+00:00\",\"mainEntityOfPage\":{\"@id\":\"https:\\\/\\\/valenciasjb.salesianos.edu\\\/colegio\\\/la-etapa-de-primaria-celebra-el-dia-de-la-biblioteca-con-el-inicio-del-proyecto-leer-en-casa\\\/\"},\"wordCount\":573,\"image\":{\"@id\":\"https:\\\/\\\/valenciasjb.salesianos.edu\\\/colegio\\\/la-etapa-de-primaria-celebra-el-dia-de-la-biblioteca-con-el-inicio-del-proyecto-leer-en-casa\\\/#primaryimage\"},\"thumbnailUrl\":\"https:\\\/\\\/valenciasjb.salesianos.edu\\\/colegio\\\/wp-content\\\/uploads\\\/sites\\\/2\\\/2018\\\/10\\\/IMG_5291-e1540501222958.jpg\",\"articleSection\":[\"Noticia Colegio\"],\"inLanguage\":\"es\"},{\"@type\":\"WebPage\",\"@id\":\"https:\\\/\\\/valenciasjb.salesianos.edu\\\/colegio\\\/la-etapa-de-primaria-celebra-el-dia-de-la-biblioteca-con-el-inicio-del-proyecto-leer-en-casa\\\/\",\"url\":\"https:\\\/\\\/valenciasjb.salesianos.edu\\\/colegio\\\/la-etapa-de-primaria-celebra-el-dia-de-la-biblioteca-con-el-inicio-del-proyecto-leer-en-casa\\\/\",\"name\":\"La etapa de Primaria celebra el D\u00eda de la Biblioteca con el inicio del proyecto \u201cLEER EN CASA\u201d - Colegio San Juan Bosco Valencia\",\"isPartOf\":{\"@id\":\"https:\\\/\\\/valenciasjb.salesianos.edu\\\/colegio\\\/#website\"},\"primaryImageOfPage\":{\"@id\":\"https:\\\/\\\/valenciasjb.salesianos.edu\\\/colegio\\\/la-etapa-de-primaria-celebra-el-dia-de-la-biblioteca-con-el-inicio-del-proyecto-leer-en-casa\\\/#primaryimage\"},\"image\":{\"@id\":\"https:\\\/\\\/valenciasjb.salesianos.edu\\\/colegio\\\/la-etapa-de-primaria-celebra-el-dia-de-la-biblioteca-con-el-inicio-del-proyecto-leer-en-casa\\\/#primaryimage\"},\"thumbnailUrl\":\"https:\\\/\\\/valenciasjb.salesianos.edu\\\/colegio\\\/wp-content\\\/uploads\\\/sites\\\/2\\\/2018\\\/10\\\/IMG_5291-e1540501222958.jpg\",\"datePublished\":\"2018-10-25T21:05:09+00:00\",\"author\":{\"@id\":\"https:\\\/\\\/valenciasjb.salesianos.edu\\\/colegio\\\/#\\\/schema\\\/person\\\/1f45b67e52b27da175190a574db6bed9\"},\"breadcrumb\":{\"@id\":\"https:\\\/\\\/valenciasjb.salesianos.edu\\\/colegio\\\/la-etapa-de-primaria-celebra-el-dia-de-la-biblioteca-con-el-inicio-del-proyecto-leer-en-casa\\\/#breadcrumb\"},\"inLanguage\":\"es\",\"potentialAction\":[{\"@type\":\"ReadAction\",\"target\":[\"https:\\\/\\\/valenciasjb.salesianos.edu\\\/colegio\\\/la-etapa-de-primaria-celebra-el-dia-de-la-biblioteca-con-el-inicio-del-proyecto-leer-en-casa\\\/\"]}]},{\"@type\":\"ImageObject\",\"inLanguage\":\"es\",\"@id\":\"https:\\\/\\\/valenciasjb.salesianos.edu\\\/colegio\\\/la-etapa-de-primaria-celebra-el-dia-de-la-biblioteca-con-el-inicio-del-proyecto-leer-en-casa\\\/#primaryimage\",\"url\":\"https:\\\/\\\/valenciasjb.salesianos.edu\\\/colegio\\\/wp-content\\\/uploads\\\/sites\\\/2\\\/2018\\\/10\\\/IMG_5291-e1540501222958.jpg\",\"contentUrl\":\"https:\\\/\\\/valenciasjb.salesianos.edu\\\/colegio\\\/wp-content\\\/uploads\\\/sites\\\/2\\\/2018\\\/10\\\/IMG_5291-e1540501222958.jpg\",\"width\":4032,\"height\":3024},{\"@type\":\"BreadcrumbList\",\"@id\":\"https:\\\/\\\/valenciasjb.salesianos.edu\\\/colegio\\\/la-etapa-de-primaria-celebra-el-dia-de-la-biblioteca-con-el-inicio-del-proyecto-leer-en-casa\\\/#breadcrumb\",\"itemListElement\":[{\"@type\":\"ListItem\",\"position\":1,\"name\":\"Portada\",\"item\":\"https:\\\/\\\/valenciasjb.salesianos.edu\\\/colegio\\\/\"},{\"@type\":\"ListItem\",\"position\":2,\"name\":\"La etapa de Primaria celebra el D\u00eda de la Biblioteca con el inicio del proyecto \u201cLEER EN CASA\u201d\"}]},{\"@type\":\"WebSite\",\"@id\":\"https:\\\/\\\/valenciasjb.salesianos.edu\\\/colegio\\\/#website\",\"url\":\"https:\\\/\\\/valenciasjb.salesianos.edu\\\/colegio\\\/\",\"name\":\"Colegio San Juan Bosco Valencia\",\"description\":\"P\u00e1gina oficial del Colegio Salesianos San Juan Bosco Valencia\",\"alternateName\":\"Salesianos.VSJB\",\"potentialAction\":[{\"@type\":\"SearchAction\",\"target\":{\"@type\":\"EntryPoint\",\"urlTemplate\":\"https:\\\/\\\/valenciasjb.salesianos.edu\\\/colegio\\\/?s={search_term_string}\"},\"query-input\":{\"@type\":\"PropertyValueSpecification\",\"valueRequired\":true,\"valueName\":\"search_term_string\"}}],\"inLanguage\":\"es\"},{\"@type\":\"Person\",\"@id\":\"https:\\\/\\\/valenciasjb.salesianos.edu\\\/colegio\\\/#\\\/schema\\\/person\\\/1f45b67e52b27da175190a574db6bed9\",\"name\":\"veronicapastor\",\"image\":{\"@type\":\"ImageObject\",\"inLanguage\":\"es\",\"@id\":\"https:\\\/\\\/secure.gravatar.com\\\/avatar\\\/e29bd40bace3fd935e1d6fdb7313ffc14628cc037c5e16f4c7369b20a2a6f7f0?s=96&d=mm&r=g\",\"url\":\"https:\\\/\\\/secure.gravatar.com\\\/avatar\\\/e29bd40bace3fd935e1d6fdb7313ffc14628cc037c5e16f4c7369b20a2a6f7f0?s=96&d=mm&r=g\",\"contentUrl\":\"https:\\\/\\\/secure.gravatar.com\\\/avatar\\\/e29bd40bace3fd935e1d6fdb7313ffc14628cc037c5e16f4c7369b20a2a6f7f0?s=96&d=mm&r=g\",\"caption\":\"veronicapastor\"}}]}<\/script>\n<!-- \/ Yoast SEO plugin. -->","yoast_head_json":{"title":"La etapa de Primaria celebra el D\u00eda de la Biblioteca con el inicio del proyecto \u201cLEER EN CASA\u201d - Colegio San Juan Bosco Valencia","robots":{"index":"index","follow":"follow","max-snippet":"max-snippet:-1","max-image-preview":"max-image-preview:large","max-video-preview":"max-video-preview:-1"},"canonical":"https:\/\/valenciasjb.salesianos.edu\/colegio\/la-etapa-de-primaria-celebra-el-dia-de-la-biblioteca-con-el-inicio-del-proyecto-leer-en-casa\/","og_locale":"es_ES","og_type":"article","og_title":"La etapa de Primaria celebra el D\u00eda de la Biblioteca con el inicio del proyecto \u201cLEER EN CASA\u201d - Colegio San Juan Bosco Valencia","og_description":"El d\u00eda 24 de octubre se celebra en Espa\u00f1a, como cada a\u00f1o, el D\u00eda de la Biblioteca. Una iniciativa de la\u00a0Asociaci\u00f3n Espa\u00f1ola de Amigos del Libro infantil y Juvenil\u00a0que tuvo su origen en el a\u00f1o 1997. Susana de la Fuente. Encargada del aula de fomento a la lectura. Esta celebraci\u00f3n naci\u00f3 para que todo el [&hellip;]","og_url":"https:\/\/valenciasjb.salesianos.edu\/colegio\/la-etapa-de-primaria-celebra-el-dia-de-la-biblioteca-con-el-inicio-del-proyecto-leer-en-casa\/","og_site_name":"Colegio San Juan Bosco Valencia","article_publisher":"https:\/\/www.facebook.com\/ColegioSalesianoSanJuanBoscoValencia","article_published_time":"2018-10-25T21:05:09+00:00","og_image":[{"width":4032,"height":3024,"url":"https:\/\/valenciasjb.salesianos.edu\/colegio\/wp-content\/uploads\/sites\/2\/2018\/10\/IMG_5291-e1540501222958.jpg","type":"image\/jpeg"}],"author":"veronicapastor","twitter_card":"summary_large_image","twitter_creator":"@SalesianosVSJB","twitter_site":"@SalesianosVSJB","twitter_misc":{"Escrito por":"veronicapastor","Tiempo de lectura":"3 minutos"},"schema":{"@context":"https:\/\/schema.org","@graph":[{"@type":"Article","@id":"https:\/\/valenciasjb.salesianos.edu\/colegio\/la-etapa-de-primaria-celebra-el-dia-de-la-biblioteca-con-el-inicio-del-proyecto-leer-en-casa\/#article","isPartOf":{"@id":"https:\/\/valenciasjb.salesianos.edu\/colegio\/la-etapa-de-primaria-celebra-el-dia-de-la-biblioteca-con-el-inicio-del-proyecto-leer-en-casa\/"},"author":{"name":"veronicapastor","@id":"https:\/\/valenciasjb.salesianos.edu\/colegio\/#\/schema\/person\/1f45b67e52b27da175190a574db6bed9"},"headline":"La etapa de Primaria celebra el D\u00eda de la Biblioteca con el inicio del proyecto \u201cLEER EN CASA\u201d","datePublished":"2018-10-25T21:05:09+00:00","mainEntityOfPage":{"@id":"https:\/\/valenciasjb.salesianos.edu\/colegio\/la-etapa-de-primaria-celebra-el-dia-de-la-biblioteca-con-el-inicio-del-proyecto-leer-en-casa\/"},"wordCount":573,"image":{"@id":"https:\/\/valenciasjb.salesianos.edu\/colegio\/la-etapa-de-primaria-celebra-el-dia-de-la-biblioteca-con-el-inicio-del-proyecto-leer-en-casa\/#primaryimage"},"thumbnailUrl":"https:\/\/valenciasjb.salesianos.edu\/colegio\/wp-content\/uploads\/sites\/2\/2018\/10\/IMG_5291-e1540501222958.jpg","articleSection":["Noticia Colegio"],"inLanguage":"es"},{"@type":"WebPage","@id":"https:\/\/valenciasjb.salesianos.edu\/colegio\/la-etapa-de-primaria-celebra-el-dia-de-la-biblioteca-con-el-inicio-del-proyecto-leer-en-casa\/","url":"https:\/\/valenciasjb.salesianos.edu\/colegio\/la-etapa-de-primaria-celebra-el-dia-de-la-biblioteca-con-el-inicio-del-proyecto-leer-en-casa\/","name":"La etapa de Primaria celebra el D\u00eda de la Biblioteca con el inicio del proyecto \u201cLEER EN CASA\u201d - Colegio San Juan Bosco Valencia","isPartOf":{"@id":"https:\/\/valenciasjb.salesianos.edu\/colegio\/#website"},"primaryImageOfPage":{"@id":"https:\/\/valenciasjb.salesianos.edu\/colegio\/la-etapa-de-primaria-celebra-el-dia-de-la-biblioteca-con-el-inicio-del-proyecto-leer-en-casa\/#primaryimage"},"image":{"@id":"https:\/\/valenciasjb.salesianos.edu\/colegio\/la-etapa-de-primaria-celebra-el-dia-de-la-biblioteca-con-el-inicio-del-proyecto-leer-en-casa\/#primaryimage"},"thumbnailUrl":"https:\/\/valenciasjb.salesianos.edu\/colegio\/wp-content\/uploads\/sites\/2\/2018\/10\/IMG_5291-e1540501222958.jpg","datePublished":"2018-10-25T21:05:09+00:00","author":{"@id":"https:\/\/valenciasjb.salesianos.edu\/colegio\/#\/schema\/person\/1f45b67e52b27da175190a574db6bed9"},"breadcrumb":{"@id":"https:\/\/valenciasjb.salesianos.edu\/colegio\/la-etapa-de-primaria-celebra-el-dia-de-la-biblioteca-con-el-inicio-del-proyecto-leer-en-casa\/#breadcrumb"},"inLanguage":"es","potentialAction":[{"@type":"ReadAction","target":["https:\/\/valenciasjb.salesianos.edu\/colegio\/la-etapa-de-primaria-celebra-el-dia-de-la-biblioteca-con-el-inicio-del-proyecto-leer-en-casa\/"]}]},{"@type":"ImageObject","inLanguage":"es","@id":"https:\/\/valenciasjb.salesianos.edu\/colegio\/la-etapa-de-primaria-celebra-el-dia-de-la-biblioteca-con-el-inicio-del-proyecto-leer-en-casa\/#primaryimage","url":"https:\/\/valenciasjb.salesianos.edu\/colegio\/wp-content\/uploads\/sites\/2\/2018\/10\/IMG_5291-e1540501222958.jpg","contentUrl":"https:\/\/valenciasjb.salesianos.edu\/colegio\/wp-content\/uploads\/sites\/2\/2018\/10\/IMG_5291-e1540501222958.jpg","width":4032,"height":3024},{"@type":"BreadcrumbList","@id":"https:\/\/valenciasjb.salesianos.edu\/colegio\/la-etapa-de-primaria-celebra-el-dia-de-la-biblioteca-con-el-inicio-del-proyecto-leer-en-casa\/#breadcrumb","itemListElement":[{"@type":"ListItem","position":1,"name":"Portada","item":"https:\/\/valenciasjb.salesianos.edu\/colegio\/"},{"@type":"ListItem","position":2,"name":"La etapa de Primaria celebra el D\u00eda de la Biblioteca con el inicio del proyecto \u201cLEER EN CASA\u201d"}]},{"@type":"WebSite","@id":"https:\/\/valenciasjb.salesianos.edu\/colegio\/#website","url":"https:\/\/valenciasjb.salesianos.edu\/colegio\/","name":"Colegio San Juan Bosco Valencia","description":"P\u00e1gina oficial del Colegio Salesianos San Juan Bosco Valencia","alternateName":"Salesianos.VSJB","potentialAction":[{"@type":"SearchAction","target":{"@type":"EntryPoint","urlTemplate":"https:\/\/valenciasjb.salesianos.edu\/colegio\/?s={search_term_string}"},"query-input":{"@type":"PropertyValueSpecification","valueRequired":true,"valueName":"search_term_string"}}],"inLanguage":"es"},{"@type":"Person","@id":"https:\/\/valenciasjb.salesianos.edu\/colegio\/#\/schema\/person\/1f45b67e52b27da175190a574db6bed9","name":"veronicapastor","image":{"@type":"ImageObject","inLanguage":"es","@id":"https:\/\/secure.gravatar.com\/avatar\/e29bd40bace3fd935e1d6fdb7313ffc14628cc037c5e16f4c7369b20a2a6f7f0?s=96&d=mm&r=g","url":"https:\/\/secure.gravatar.com\/avatar\/e29bd40bace3fd935e1d6fdb7313ffc14628cc037c5e16f4c7369b20a2a6f7f0?s=96&d=mm&r=g","contentUrl":"https:\/\/secure.gravatar.com\/avatar\/e29bd40bace3fd935e1d6fdb7313ffc14628cc037c5e16f4c7369b20a2a6f7f0?s=96&d=mm&r=g","caption":"veronicapastor"}}]}},"_links":{"self":[{"href":"https:\/\/valenciasjb.salesianos.edu\/colegio\/wp-json\/wp\/v2\/posts\/9775","targetHints":{"allow":["GET"]}}],"collection":[{"href":"https:\/\/valenciasjb.salesianos.edu\/colegio\/wp-json\/wp\/v2\/posts"}],"about":[{"href":"https:\/\/valenciasjb.salesianos.edu\/colegio\/wp-json\/wp\/v2\/types\/post"}],"author":[{"embeddable":true,"href":"https:\/\/valenciasjb.salesianos.edu\/colegio\/wp-json\/wp\/v2\/users\/6"}],"replies":[{"embeddable":true,"href":"https:\/\/valenciasjb.salesianos.edu\/colegio\/wp-json\/wp\/v2\/comments?post=9775"}],"version-history":[{"count":1,"href":"https:\/\/valenciasjb.salesianos.edu\/colegio\/wp-json\/wp\/v2\/posts\/9775\/revisions"}],"predecessor-version":[{"id":9784,"href":"https:\/\/valenciasjb.salesianos.edu\/colegio\/wp-json\/wp\/v2\/posts\/9775\/revisions\/9784"}],"wp:featuredmedia":[{"embeddable":true,"href":"https:\/\/valenciasjb.salesianos.edu\/colegio\/wp-json\/wp\/v2\/media\/9782"}],"wp:attachment":[{"href":"https:\/\/valenciasjb.salesianos.edu\/colegio\/wp-json\/wp\/v2\/media?parent=9775"}],"wp:term":[{"taxonomy":"category","embeddable":true,"href":"https:\/\/valenciasjb.salesianos.edu\/colegio\/wp-json\/wp\/v2\/categories?post=9775"},{"taxonomy":"post_tag","embeddable":true,"href":"https:\/\/valenciasjb.salesianos.edu\/colegio\/wp-json\/wp\/v2\/tags?post=9775"}],"curies":[{"name":"wp","href":"https:\/\/api.w.org\/{rel}","templated":true}]}}