{"id":9785,"date":"2018-10-25T22:28:03","date_gmt":"2018-10-25T21:28:03","guid":{"rendered":"https:\/\/valenciasjb.salesianos.edu\/colegio\/?p=9785"},"modified":"2018-10-25T22:34:03","modified_gmt":"2018-10-25T21:34:03","slug":"pequeno-homenaje-en-infantil-para-el-dia-de-la-biblioteca","status":"publish","type":"post","link":"https:\/\/valenciasjb.salesianos.edu\/colegio\/pequeno-homenaje-en-infantil-para-el-dia-de-la-biblioteca\/","title":{"rendered":"Peque\u00f1o homenaje en Infantil para el D\u00eda de la Biblioteca"},"content":{"rendered":"<div id=\"fb-root\"><\/div>\n<p>[et_pb_section bb_built=\u00bb1&#8243; admin_label=\u00bbsection\u00bb][et_pb_row admin_label=\u00bbrow\u00bb background_position=\u00bbtop_left\u00bb background_repeat=\u00bbrepeat\u00bb background_size=\u00bbinitial\u00bb][et_pb_column type=\u00bb4_4&#8243;][et_pb_text admin_label=\u00bbEntradilla (Texto)\u00bb _builder_version=\u00bb3.0.105&#8243; background_layout=\u00bblight\u00bb text_orientation=\u00bbjustified\u00bb text_font=\u00bb|on|||\u00bb module_alignment=\u00bbleft\u00bb]<\/p>\n<div id=\"resumen\">\n<p><span style=\"font-family: Verdana, sans-serif\"><span style=\"font-size: small\">Las bibliotecas escolares se presentan en la comunidad educativa como un lugar de encuentro y saber donde confluyen el placer de la lectura y la inquietud por aprender de un modo diferente.<\/span><\/span><\/p>\n<\/div>\n<div><\/div>\n<p>[\/et_pb_text][et_pb_text admin_label=\u00bbAutor (Texto)\u00bb _builder_version=\u00bb3.0.105&#8243; background_layout=\u00bblight\u00bb text_font=\u00bb||on||\u00bb]<\/p>\n<p><span style=\"font-family: Verdana, sans-serif\"><span style=\"font-size: small\">Encarna Castillo. Maestra de Educaci\u00f3n Infantil.<\/span><\/span><\/p>\n<p>[\/et_pb_text][et_pb_text admin_label=\u00bbDesarrollo (Texto)\u00bb _builder_version=\u00bb3.0.105&#8243; background_layout=\u00bblight\u00bb text_orientation=\u00bbjustified\u00bb module_alignment=\u00bbleft\u00bb]<\/p>\n<p><span style=\"font-family: Verdana, sans-serif\"><span style=\"font-size: small\">Por ello, para celebrar este d\u00eda, los m\u00e1s peque\u00f1os del colegio han realizado una din\u00e1mica en la biblioteca del colegio.<\/span><\/span><\/p>\n<p><span style=\"font-family: Verdana, sans-serif\"><span style=\"font-size: small\">Toda la etapa ha tenido un nexo en com\u00fan llamado \u201cElmer\u201d, un elefante, pero no es como todo los elefantes de su manada. Aunque parezca dif\u00edcil de creer, <span style=\"color: #000000\">es un elefante de mil colores: verde, azul, blanco, rosa, amarillo&#8230; \u00a1Impresionante! \u00bf<\/span><span style=\"color: #000000\">V<\/span><span style=\"color: #000000\">erdad?<\/span> <\/span><\/span><\/p>\n<p><span style=\"font-family: Verdana, sans-serif\"><span style=\"font-size: small\"><span style=\"color: #000000\">P<\/span><span style=\"color: #000000\">reviamente a la lectura del cuento, los ni\u00f1os y ni\u00f1as se han encontrado a su llegada a la biblioteca, con Elmer y parte de su manada, en donde han podido conversar sobre las diferencias y semejanzas entre ellos.<\/span><\/span><\/span><\/p>\n<p><span style=\"font-family: Verdana, sans-serif\"><span style=\"font-size: small\"><span style=\"color: #000000\">Posteriormente, se ha pasado a la <\/span><span style=\"color: #000000\">narraci\u00f3n<\/span><span style=\"color: #000000\"> del cuento en s\u00ed, y una vez <\/span><span style=\"color: #000000\">terminada<\/span><span style=\"color: #000000\"> su lectura se han <\/span><span style=\"color: #000000\">planteado<\/span><span style=\"color: #000000\"> una ser<\/span><span style=\"color: #000000\">ie<\/span><span style=\"color: #000000\"> de preguntas <\/span><span style=\"color: #000000\">para reflexionar con los ni\u00f1os.<\/span><\/span><\/span><\/p>\n<p><span style=\"color: #000000\"><span style=\"font-family: Verdana, sans-serif\"><span style=\"font-size: small\">Para finalizar, los ni\u00f1os de 3 a\u00f1os, han realizado un Elmer de gomets para llev\u00e1rselo a sus respectivas clases y colgarlo en el aula para recordar el mensaje de este elefante tan especial.<\/span><\/span><\/span><\/p>\n<p><span style=\"font-family: Verdana, sans-serif\"><span style=\"font-size: small\"><span style=\"color: #000000\">As\u00ed mismo, l<\/span><span style=\"color: #000000\">os ni\u00f1os de 4 y 5 a\u00f1os tambi\u00e9n han realizado una actividad para el aula, la cual ha consistido en pensar qu<\/span><span style=\"color: #000000\">\u00e9<\/span><span style=\"color: #000000\"> cosas son las que les hacen diferente a los dem\u00e1s, <\/span><span style=\"color: #000000\">y cuyas respuestas eran anotadas por parte de la tutora en un <\/span><span style=\"color: #000000\">mural<\/span><span style=\"color: #000000\">.<\/span><\/span><\/span><\/p>\n<p><span style=\"color: #000000\"><span style=\"font-family: Verdana, sans-serif\"><span style=\"font-size: small\">Elmer, un gran cuento para trabajar la diversidad y entender su valor enriquecedor de la sociedad, porque todos somos diferentes y eso nos hace \u00fanicos, por eso debemos ser tolerantes y aceptar a todos tal y como son, sin pretender cambiar a nadie, as\u00ed como aceptarnos a nosotros mismos.<\/span><\/span><\/span><\/p>\n<p><span style=\"color: #000000\"><span style=\"font-family: Verdana, sans-serif\"><span style=\"font-size: small\">Desde aqu\u00ed, queremos recordar a las familias que las puertas de la biblioteca est\u00e1n abiertas y, <i><b>os invitamos a participar de forma activa <\/b><\/i>a trav\u00e9s de cuentacuentos o actividades que consider\u00e9is oportunas.<\/span><\/span><\/span><\/p>\n<p><span style=\"color: #000000\"> \u201c<span style=\"font-family: Verdana, sans-serif\"><span style=\"font-size: small\">N<\/span><\/span><span style=\"font-family: Verdana, sans-serif\"><span style=\"font-size: small\">o hay espect\u00e1culo m\u00e1s hermoso que la mirada de un ni\u00f1o que lee\u201d<\/span><\/span><\/span><\/p>\n<p><span style=\"color: #000000\"> <span style=\"font-family: Verdana, sans-serif\"><span style=\"font-size: small\">G\u00fcnter Grass<\/span><\/span><\/span><\/p>\n<p>[\/et_pb_text][et_pb_text admin_label=\u00bbT\u00edtulo: Galer\u00eda de fotos (Texto)\u00bb _builder_version=\u00bb3.0.76&#8243; background_layout=\u00bblight\u00bb text_font=\u00bb|on|||\u00bb text_text_color=\u00bb#dc001b\u00bb border_style=\u00bbsolid\u00bb disabled=\u00bboff\u00bb disabled_on=\u00bboff|on|on\u00bb]<\/p>\n<p>Galer\u00eda de im\u00e1genes<\/p>\n<p>[\/et_pb_text][et_pb_gallery _builder_version=\u00bb3.0.105&#8243; posts_number=\u00bb8&#8243; show_title_and_caption=\u00bboff\u00bb show_pagination=\u00bbon\u00bb fullwidth=\u00bboff\u00bb orientation=\u00bblandscape\u00bb zoom_icon_color=\u00bb#dc001b\u00bb hover_overlay_color=\u00bbrgba(255,255,255,0.9)\u00bb hover_icon=\u00bb%%51%%\u00bb background_layout=\u00bblight\u00bb disabled=\u00bboff\u00bb disabled_on=\u00bboff|off|off\u00bb gallery_ids=\u00bb9793,9792,9791,9790,9789,9788,9787,9786&#8243; pagination_font_size_tablet=\u00bb51&#8243; pagination_line_height_tablet=\u00bb2&#8243; \/][et_pb_video _builder_version=\u00bb3.0.51&#8243; disabled=\u00bbon\u00bb disabled_on=\u00bbon|on|on\u00bb \/][\/et_pb_column][\/et_pb_row][\/et_pb_section]<\/p>\n<!-- AddThis Advanced Settings generic via filter on the_content --><!-- AddThis Share Buttons generic via filter on the_content -->","protected":false},"excerpt":{"rendered":"<p>Las bibliotecas escolares se presentan en la comunidad educativa como un lugar de encuentro y saber donde confluyen el placer de la lectura y la inquietud por aprender de un modo diferente. Encarna Castillo. Maestra de Educaci\u00f3n Infantil. Por ello, para celebrar este d\u00eda, los m\u00e1s peque\u00f1os del colegio han realizado una din\u00e1mica en la [&hellip;]<\/p>\n<p><!-- AddThis Advanced Settings generic via filter on get_the_excerpt --><!-- AddThis Share Buttons generic via filter on get_the_excerpt --><\/p>\n","protected":false},"author":6,"featured_media":9793,"comment_status":"closed","ping_status":"open","sticky":false,"template":"","format":"standard","meta":{"_et_pb_use_builder":"on","_et_pb_old_content":"","_et_gb_content_width":"","footnotes":""},"categories":[14],"tags":[],"class_list":["post-9785","post","type-post","status-publish","format-standard","has-post-thumbnail","hentry","category-noticia_colegio"],"yoast_head":"<!-- This site is optimized with the Yoast SEO plugin v28.4 - https:\/\/yoast.com\/product\/yoast-seo-wordpress\/ -->\n<title>Peque\u00f1o homenaje en Infantil para el D\u00eda de la Biblioteca - Colegio San Juan Bosco Valencia<\/title>\n<meta name=\"robots\" content=\"index, follow, max-snippet:-1, max-image-preview:large, max-video-preview:-1\" \/>\n<link rel=\"canonical\" href=\"https:\/\/valenciasjb.salesianos.edu\/colegio\/pequeno-homenaje-en-infantil-para-el-dia-de-la-biblioteca\/\" \/>\n<meta property=\"og:locale\" content=\"es_ES\" \/>\n<meta property=\"og:type\" content=\"article\" \/>\n<meta property=\"og:title\" content=\"Peque\u00f1o homenaje en Infantil para el D\u00eda de la Biblioteca - Colegio San Juan Bosco Valencia\" \/>\n<meta property=\"og:description\" content=\"Las bibliotecas escolares se presentan en la comunidad educativa como un lugar de encuentro y saber donde confluyen el placer de la lectura y la inquietud por aprender de un modo diferente. Encarna Castillo. Maestra de Educaci\u00f3n Infantil. Por ello, para celebrar este d\u00eda, los m\u00e1s peque\u00f1os del colegio han realizado una din\u00e1mica en la [&hellip;]\" \/>\n<meta property=\"og:url\" content=\"https:\/\/valenciasjb.salesianos.edu\/colegio\/pequeno-homenaje-en-infantil-para-el-dia-de-la-biblioteca\/\" \/>\n<meta property=\"og:site_name\" content=\"Colegio San Juan Bosco Valencia\" \/>\n<meta property=\"article:publisher\" content=\"https:\/\/www.facebook.com\/ColegioSalesianoSanJuanBoscoValencia\" \/>\n<meta property=\"article:published_time\" content=\"2018-10-25T21:28:03+00:00\" \/>\n<meta property=\"article:modified_time\" content=\"2018-10-25T21:34:03+00:00\" \/>\n<meta property=\"og:image\" content=\"https:\/\/valenciasjb.salesianos.edu\/colegio\/wp-content\/uploads\/sites\/2\/2018\/10\/IMG_9612-1024x768.jpg\" \/>\n\t<meta property=\"og:image:width\" content=\"1024\" \/>\n\t<meta property=\"og:image:height\" content=\"768\" \/>\n\t<meta property=\"og:image:type\" content=\"image\/jpeg\" \/>\n<meta name=\"author\" content=\"veronicapastor\" \/>\n<meta name=\"twitter:card\" content=\"summary_large_image\" \/>\n<meta name=\"twitter:creator\" content=\"@SalesianosVSJB\" \/>\n<meta name=\"twitter:site\" content=\"@SalesianosVSJB\" \/>\n<meta name=\"twitter:label1\" content=\"Escrito por\" \/>\n\t<meta name=\"twitter:data1\" content=\"veronicapastor\" \/>\n\t<meta name=\"twitter:label2\" content=\"Tiempo de lectura\" \/>\n\t<meta name=\"twitter:data2\" content=\"3 minutos\" \/>\n<script type=\"application\/ld+json\" class=\"yoast-schema-graph\">{\"@context\":\"https:\\\/\\\/schema.org\",\"@graph\":[{\"@type\":\"Article\",\"@id\":\"https:\\\/\\\/valenciasjb.salesianos.edu\\\/colegio\\\/pequeno-homenaje-en-infantil-para-el-dia-de-la-biblioteca\\\/#article\",\"isPartOf\":{\"@id\":\"https:\\\/\\\/valenciasjb.salesianos.edu\\\/colegio\\\/pequeno-homenaje-en-infantil-para-el-dia-de-la-biblioteca\\\/\"},\"author\":{\"name\":\"veronicapastor\",\"@id\":\"https:\\\/\\\/valenciasjb.salesianos.edu\\\/colegio\\\/#\\\/schema\\\/person\\\/1f45b67e52b27da175190a574db6bed9\"},\"headline\":\"Peque\u00f1o homenaje en Infantil para el D\u00eda de la Biblioteca\",\"datePublished\":\"2018-10-25T21:28:03+00:00\",\"dateModified\":\"2018-10-25T21:34:03+00:00\",\"mainEntityOfPage\":{\"@id\":\"https:\\\/\\\/valenciasjb.salesianos.edu\\\/colegio\\\/pequeno-homenaje-en-infantil-para-el-dia-de-la-biblioteca\\\/\"},\"wordCount\":586,\"image\":{\"@id\":\"https:\\\/\\\/valenciasjb.salesianos.edu\\\/colegio\\\/pequeno-homenaje-en-infantil-para-el-dia-de-la-biblioteca\\\/#primaryimage\"},\"thumbnailUrl\":\"https:\\\/\\\/valenciasjb.salesianos.edu\\\/colegio\\\/wp-content\\\/uploads\\\/sites\\\/2\\\/2018\\\/10\\\/IMG_9612.jpg\",\"articleSection\":[\"Noticia Colegio\"],\"inLanguage\":\"es\"},{\"@type\":\"WebPage\",\"@id\":\"https:\\\/\\\/valenciasjb.salesianos.edu\\\/colegio\\\/pequeno-homenaje-en-infantil-para-el-dia-de-la-biblioteca\\\/\",\"url\":\"https:\\\/\\\/valenciasjb.salesianos.edu\\\/colegio\\\/pequeno-homenaje-en-infantil-para-el-dia-de-la-biblioteca\\\/\",\"name\":\"Peque\u00f1o homenaje en Infantil para el D\u00eda de la Biblioteca - Colegio San Juan Bosco Valencia\",\"isPartOf\":{\"@id\":\"https:\\\/\\\/valenciasjb.salesianos.edu\\\/colegio\\\/#website\"},\"primaryImageOfPage\":{\"@id\":\"https:\\\/\\\/valenciasjb.salesianos.edu\\\/colegio\\\/pequeno-homenaje-en-infantil-para-el-dia-de-la-biblioteca\\\/#primaryimage\"},\"image\":{\"@id\":\"https:\\\/\\\/valenciasjb.salesianos.edu\\\/colegio\\\/pequeno-homenaje-en-infantil-para-el-dia-de-la-biblioteca\\\/#primaryimage\"},\"thumbnailUrl\":\"https:\\\/\\\/valenciasjb.salesianos.edu\\\/colegio\\\/wp-content\\\/uploads\\\/sites\\\/2\\\/2018\\\/10\\\/IMG_9612.jpg\",\"datePublished\":\"2018-10-25T21:28:03+00:00\",\"dateModified\":\"2018-10-25T21:34:03+00:00\",\"author\":{\"@id\":\"https:\\\/\\\/valenciasjb.salesianos.edu\\\/colegio\\\/#\\\/schema\\\/person\\\/1f45b67e52b27da175190a574db6bed9\"},\"breadcrumb\":{\"@id\":\"https:\\\/\\\/valenciasjb.salesianos.edu\\\/colegio\\\/pequeno-homenaje-en-infantil-para-el-dia-de-la-biblioteca\\\/#breadcrumb\"},\"inLanguage\":\"es\",\"potentialAction\":[{\"@type\":\"ReadAction\",\"target\":[\"https:\\\/\\\/valenciasjb.salesianos.edu\\\/colegio\\\/pequeno-homenaje-en-infantil-para-el-dia-de-la-biblioteca\\\/\"]}]},{\"@type\":\"ImageObject\",\"inLanguage\":\"es\",\"@id\":\"https:\\\/\\\/valenciasjb.salesianos.edu\\\/colegio\\\/pequeno-homenaje-en-infantil-para-el-dia-de-la-biblioteca\\\/#primaryimage\",\"url\":\"https:\\\/\\\/valenciasjb.salesianos.edu\\\/colegio\\\/wp-content\\\/uploads\\\/sites\\\/2\\\/2018\\\/10\\\/IMG_9612.jpg\",\"contentUrl\":\"https:\\\/\\\/valenciasjb.salesianos.edu\\\/colegio\\\/wp-content\\\/uploads\\\/sites\\\/2\\\/2018\\\/10\\\/IMG_9612.jpg\",\"width\":3264,\"height\":2448},{\"@type\":\"BreadcrumbList\",\"@id\":\"https:\\\/\\\/valenciasjb.salesianos.edu\\\/colegio\\\/pequeno-homenaje-en-infantil-para-el-dia-de-la-biblioteca\\\/#breadcrumb\",\"itemListElement\":[{\"@type\":\"ListItem\",\"position\":1,\"name\":\"Portada\",\"item\":\"https:\\\/\\\/valenciasjb.salesianos.edu\\\/colegio\\\/\"},{\"@type\":\"ListItem\",\"position\":2,\"name\":\"Peque\u00f1o homenaje en Infantil para el D\u00eda de la Biblioteca\"}]},{\"@type\":\"WebSite\",\"@id\":\"https:\\\/\\\/valenciasjb.salesianos.edu\\\/colegio\\\/#website\",\"url\":\"https:\\\/\\\/valenciasjb.salesianos.edu\\\/colegio\\\/\",\"name\":\"Colegio San Juan Bosco Valencia\",\"description\":\"P\u00e1gina oficial del Colegio Salesianos San Juan Bosco Valencia\",\"alternateName\":\"Salesianos.VSJB\",\"potentialAction\":[{\"@type\":\"SearchAction\",\"target\":{\"@type\":\"EntryPoint\",\"urlTemplate\":\"https:\\\/\\\/valenciasjb.salesianos.edu\\\/colegio\\\/?s={search_term_string}\"},\"query-input\":{\"@type\":\"PropertyValueSpecification\",\"valueRequired\":true,\"valueName\":\"search_term_string\"}}],\"inLanguage\":\"es\"},{\"@type\":\"Person\",\"@id\":\"https:\\\/\\\/valenciasjb.salesianos.edu\\\/colegio\\\/#\\\/schema\\\/person\\\/1f45b67e52b27da175190a574db6bed9\",\"name\":\"veronicapastor\",\"image\":{\"@type\":\"ImageObject\",\"inLanguage\":\"es\",\"@id\":\"https:\\\/\\\/secure.gravatar.com\\\/avatar\\\/e29bd40bace3fd935e1d6fdb7313ffc14628cc037c5e16f4c7369b20a2a6f7f0?s=96&d=mm&r=g\",\"url\":\"https:\\\/\\\/secure.gravatar.com\\\/avatar\\\/e29bd40bace3fd935e1d6fdb7313ffc14628cc037c5e16f4c7369b20a2a6f7f0?s=96&d=mm&r=g\",\"contentUrl\":\"https:\\\/\\\/secure.gravatar.com\\\/avatar\\\/e29bd40bace3fd935e1d6fdb7313ffc14628cc037c5e16f4c7369b20a2a6f7f0?s=96&d=mm&r=g\",\"caption\":\"veronicapastor\"}}]}<\/script>\n<!-- \/ Yoast SEO plugin. -->","yoast_head_json":{"title":"Peque\u00f1o homenaje en Infantil para el D\u00eda de la Biblioteca - Colegio San Juan Bosco Valencia","robots":{"index":"index","follow":"follow","max-snippet":"max-snippet:-1","max-image-preview":"max-image-preview:large","max-video-preview":"max-video-preview:-1"},"canonical":"https:\/\/valenciasjb.salesianos.edu\/colegio\/pequeno-homenaje-en-infantil-para-el-dia-de-la-biblioteca\/","og_locale":"es_ES","og_type":"article","og_title":"Peque\u00f1o homenaje en Infantil para el D\u00eda de la Biblioteca - Colegio San Juan Bosco Valencia","og_description":"Las bibliotecas escolares se presentan en la comunidad educativa como un lugar de encuentro y saber donde confluyen el placer de la lectura y la inquietud por aprender de un modo diferente. Encarna Castillo. Maestra de Educaci\u00f3n Infantil. Por ello, para celebrar este d\u00eda, los m\u00e1s peque\u00f1os del colegio han realizado una din\u00e1mica en la [&hellip;]","og_url":"https:\/\/valenciasjb.salesianos.edu\/colegio\/pequeno-homenaje-en-infantil-para-el-dia-de-la-biblioteca\/","og_site_name":"Colegio San Juan Bosco Valencia","article_publisher":"https:\/\/www.facebook.com\/ColegioSalesianoSanJuanBoscoValencia","article_published_time":"2018-10-25T21:28:03+00:00","article_modified_time":"2018-10-25T21:34:03+00:00","og_image":[{"width":1024,"height":768,"url":"https:\/\/valenciasjb.salesianos.edu\/colegio\/wp-content\/uploads\/sites\/2\/2018\/10\/IMG_9612-1024x768.jpg","type":"image\/jpeg"}],"author":"veronicapastor","twitter_card":"summary_large_image","twitter_creator":"@SalesianosVSJB","twitter_site":"@SalesianosVSJB","twitter_misc":{"Escrito por":"veronicapastor","Tiempo de lectura":"3 minutos"},"schema":{"@context":"https:\/\/schema.org","@graph":[{"@type":"Article","@id":"https:\/\/valenciasjb.salesianos.edu\/colegio\/pequeno-homenaje-en-infantil-para-el-dia-de-la-biblioteca\/#article","isPartOf":{"@id":"https:\/\/valenciasjb.salesianos.edu\/colegio\/pequeno-homenaje-en-infantil-para-el-dia-de-la-biblioteca\/"},"author":{"name":"veronicapastor","@id":"https:\/\/valenciasjb.salesianos.edu\/colegio\/#\/schema\/person\/1f45b67e52b27da175190a574db6bed9"},"headline":"Peque\u00f1o homenaje en Infantil para el D\u00eda de la Biblioteca","datePublished":"2018-10-25T21:28:03+00:00","dateModified":"2018-10-25T21:34:03+00:00","mainEntityOfPage":{"@id":"https:\/\/valenciasjb.salesianos.edu\/colegio\/pequeno-homenaje-en-infantil-para-el-dia-de-la-biblioteca\/"},"wordCount":586,"image":{"@id":"https:\/\/valenciasjb.salesianos.edu\/colegio\/pequeno-homenaje-en-infantil-para-el-dia-de-la-biblioteca\/#primaryimage"},"thumbnailUrl":"https:\/\/valenciasjb.salesianos.edu\/colegio\/wp-content\/uploads\/sites\/2\/2018\/10\/IMG_9612.jpg","articleSection":["Noticia Colegio"],"inLanguage":"es"},{"@type":"WebPage","@id":"https:\/\/valenciasjb.salesianos.edu\/colegio\/pequeno-homenaje-en-infantil-para-el-dia-de-la-biblioteca\/","url":"https:\/\/valenciasjb.salesianos.edu\/colegio\/pequeno-homenaje-en-infantil-para-el-dia-de-la-biblioteca\/","name":"Peque\u00f1o homenaje en Infantil para el D\u00eda de la Biblioteca - Colegio San Juan Bosco Valencia","isPartOf":{"@id":"https:\/\/valenciasjb.salesianos.edu\/colegio\/#website"},"primaryImageOfPage":{"@id":"https:\/\/valenciasjb.salesianos.edu\/colegio\/pequeno-homenaje-en-infantil-para-el-dia-de-la-biblioteca\/#primaryimage"},"image":{"@id":"https:\/\/valenciasjb.salesianos.edu\/colegio\/pequeno-homenaje-en-infantil-para-el-dia-de-la-biblioteca\/#primaryimage"},"thumbnailUrl":"https:\/\/valenciasjb.salesianos.edu\/colegio\/wp-content\/uploads\/sites\/2\/2018\/10\/IMG_9612.jpg","datePublished":"2018-10-25T21:28:03+00:00","dateModified":"2018-10-25T21:34:03+00:00","author":{"@id":"https:\/\/valenciasjb.salesianos.edu\/colegio\/#\/schema\/person\/1f45b67e52b27da175190a574db6bed9"},"breadcrumb":{"@id":"https:\/\/valenciasjb.salesianos.edu\/colegio\/pequeno-homenaje-en-infantil-para-el-dia-de-la-biblioteca\/#breadcrumb"},"inLanguage":"es","potentialAction":[{"@type":"ReadAction","target":["https:\/\/valenciasjb.salesianos.edu\/colegio\/pequeno-homenaje-en-infantil-para-el-dia-de-la-biblioteca\/"]}]},{"@type":"ImageObject","inLanguage":"es","@id":"https:\/\/valenciasjb.salesianos.edu\/colegio\/pequeno-homenaje-en-infantil-para-el-dia-de-la-biblioteca\/#primaryimage","url":"https:\/\/valenciasjb.salesianos.edu\/colegio\/wp-content\/uploads\/sites\/2\/2018\/10\/IMG_9612.jpg","contentUrl":"https:\/\/valenciasjb.salesianos.edu\/colegio\/wp-content\/uploads\/sites\/2\/2018\/10\/IMG_9612.jpg","width":3264,"height":2448},{"@type":"BreadcrumbList","@id":"https:\/\/valenciasjb.salesianos.edu\/colegio\/pequeno-homenaje-en-infantil-para-el-dia-de-la-biblioteca\/#breadcrumb","itemListElement":[{"@type":"ListItem","position":1,"name":"Portada","item":"https:\/\/valenciasjb.salesianos.edu\/colegio\/"},{"@type":"ListItem","position":2,"name":"Peque\u00f1o homenaje en Infantil para el D\u00eda de la Biblioteca"}]},{"@type":"WebSite","@id":"https:\/\/valenciasjb.salesianos.edu\/colegio\/#website","url":"https:\/\/valenciasjb.salesianos.edu\/colegio\/","name":"Colegio San Juan Bosco Valencia","description":"P\u00e1gina oficial del Colegio Salesianos San Juan Bosco Valencia","alternateName":"Salesianos.VSJB","potentialAction":[{"@type":"SearchAction","target":{"@type":"EntryPoint","urlTemplate":"https:\/\/valenciasjb.salesianos.edu\/colegio\/?s={search_term_string}"},"query-input":{"@type":"PropertyValueSpecification","valueRequired":true,"valueName":"search_term_string"}}],"inLanguage":"es"},{"@type":"Person","@id":"https:\/\/valenciasjb.salesianos.edu\/colegio\/#\/schema\/person\/1f45b67e52b27da175190a574db6bed9","name":"veronicapastor","image":{"@type":"ImageObject","inLanguage":"es","@id":"https:\/\/secure.gravatar.com\/avatar\/e29bd40bace3fd935e1d6fdb7313ffc14628cc037c5e16f4c7369b20a2a6f7f0?s=96&d=mm&r=g","url":"https:\/\/secure.gravatar.com\/avatar\/e29bd40bace3fd935e1d6fdb7313ffc14628cc037c5e16f4c7369b20a2a6f7f0?s=96&d=mm&r=g","contentUrl":"https:\/\/secure.gravatar.com\/avatar\/e29bd40bace3fd935e1d6fdb7313ffc14628cc037c5e16f4c7369b20a2a6f7f0?s=96&d=mm&r=g","caption":"veronicapastor"}}]}},"_links":{"self":[{"href":"https:\/\/valenciasjb.salesianos.edu\/colegio\/wp-json\/wp\/v2\/posts\/9785","targetHints":{"allow":["GET"]}}],"collection":[{"href":"https:\/\/valenciasjb.salesianos.edu\/colegio\/wp-json\/wp\/v2\/posts"}],"about":[{"href":"https:\/\/valenciasjb.salesianos.edu\/colegio\/wp-json\/wp\/v2\/types\/post"}],"author":[{"embeddable":true,"href":"https:\/\/valenciasjb.salesianos.edu\/colegio\/wp-json\/wp\/v2\/users\/6"}],"replies":[{"embeddable":true,"href":"https:\/\/valenciasjb.salesianos.edu\/colegio\/wp-json\/wp\/v2\/comments?post=9785"}],"version-history":[{"count":3,"href":"https:\/\/valenciasjb.salesianos.edu\/colegio\/wp-json\/wp\/v2\/posts\/9785\/revisions"}],"predecessor-version":[{"id":9795,"href":"https:\/\/valenciasjb.salesianos.edu\/colegio\/wp-json\/wp\/v2\/posts\/9785\/revisions\/9795"}],"wp:featuredmedia":[{"embeddable":true,"href":"https:\/\/valenciasjb.salesianos.edu\/colegio\/wp-json\/wp\/v2\/media\/9793"}],"wp:attachment":[{"href":"https:\/\/valenciasjb.salesianos.edu\/colegio\/wp-json\/wp\/v2\/media?parent=9785"}],"wp:term":[{"taxonomy":"category","embeddable":true,"href":"https:\/\/valenciasjb.salesianos.edu\/colegio\/wp-json\/wp\/v2\/categories?post=9785"},{"taxonomy":"post_tag","embeddable":true,"href":"https:\/\/valenciasjb.salesianos.edu\/colegio\/wp-json\/wp\/v2\/tags?post=9785"}],"curies":[{"name":"wp","href":"https:\/\/api.w.org\/{rel}","templated":true}]}}