{"id":9807,"date":"2018-10-28T21:21:32","date_gmt":"2018-10-28T20:21:32","guid":{"rendered":"https:\/\/valenciasjb.salesianos.edu\/colegio\/?p=9807"},"modified":"2018-10-28T21:21:32","modified_gmt":"2018-10-28T20:21:32","slug":"la-campana-del-colegio-salesiano-san-juan-bosco-valencia-primero-las-ultimas-en-favor-de-misiones-salesianas-moviliza-a-toda-la-comunidad-educativa-para-ayudar-a-las-ninas-en-situ","status":"publish","type":"post","link":"https:\/\/valenciasjb.salesianos.edu\/colegio\/la-campana-del-colegio-salesiano-san-juan-bosco-valencia-primero-las-ultimas-en-favor-de-misiones-salesianas-moviliza-a-toda-la-comunidad-educativa-para-ayudar-a-las-ninas-en-situ\/","title":{"rendered":"La campa\u00f1a del Colegio Salesiano San Juan Bosco Valencia, \u201cPrimero las \u00faltimas\u201d, en favor de Misiones Salesianas, moviliza a toda la comunidad educativa para ayudar a las ni\u00f1as en situaci\u00f3n de riesgo en Sierra Leona"},"content":{"rendered":"<div id=\"fb-root\"><\/div>\n<p>[et_pb_section bb_built=\u00bb1&#8243; admin_label=\u00bbsection\u00bb][et_pb_row admin_label=\u00bbrow\u00bb background_position=\u00bbtop_left\u00bb background_repeat=\u00bbrepeat\u00bb background_size=\u00bbinitial\u00bb][et_pb_column type=\u00bb4_4&#8243;][et_pb_text admin_label=\u00bbEntradilla (Texto)\u00bb _builder_version=\u00bb3.0.105&#8243; background_layout=\u00bblight\u00bb text_orientation=\u00bbjustified\u00bb text_font=\u00bb|on|||\u00bb module_alignment=\u00bbleft\u00bb]<\/p>\n<div id=\"resumen\">\n<p>Durante dos semanas del 15 al 26 de octubre tuvo lugar la campa\u00f1a del Colegio Salesiano San Juan Bosco de Valencia para Misiones Salesianas: \u201cPrimero las \u00faltimas\u201d. El equipo de trabajo de la campa\u00f1a ha preparado con mucha ilusi\u00f3n esta iniciativa dado el proyecto y las destinatarias a las que ir\u00e1 destinada nuestra ayuda: ni\u00f1as de la ciudad de Freetown (Sierra Leona) que los salesianos rescatan de las calles para que salgan de la prostituci\u00f3n y darles refugio, comida, ropa, educaci\u00f3n y, finalmente, buscar a su familia y un trabajo para que puedan tener una vida digna.<\/p>\n<\/div>\n<div><\/div>\n<p>[\/et_pb_text][et_pb_text admin_label=\u00bbAutor (Texto)\u00bb _builder_version=\u00bb3.0.105&#8243; background_layout=\u00bblight\u00bb text_font=\u00bb||on||\u00bb]<\/p>\n<p><em>ERT Campa\u00f1a Misiones Salesianas.<\/em><\/p>\n<p>[\/et_pb_text][et_pb_text admin_label=\u00bbDesarrollo (Texto)\u00bb _builder_version=\u00bb3.0.105&#8243; background_layout=\u00bblight\u00bb text_orientation=\u00bbjustified\u00bb module_alignment=\u00bbleft\u00bb]<\/p>\n<p>La campa\u00f1a comenz\u00f3 con unas tutor\u00edas dirigidas al alumnado de ESO y Bachillerato, donde se les presentaba el proyecto de Misiones Salesianas y se planteaba un debate-coloquio sobre la figura de los misioneros en el mundo y las situaciones de injusticia como las denunciadas por el documental \u201cLove\u201d. Posteriormente, el alumnado de Secundaria se implic\u00f3 en el dise\u00f1o de unas pulseras para la campa\u00f1a. De todas ellas, una fue la elegida para imprimir y las pulseras se vendieron por 1 EURO en los patios, el claustro de profesores y tambi\u00e9n a la hora de la salida del colegio para implicar a toda la comunidad educativa del colegio. Para ello, se inform\u00f3 a las familias y profesorado a trav\u00e9s de mensaje directo, web y redes sociales, con enlace al v\u00eddeo de \u201cLove\u201d y c\u00f3mo colaborar con esta importante causa. Para el alumnado se prepararon unos Buenos D\u00edas especiales para cada d\u00eda de la semana. Finalmente, el domingo 21 de octubre, el Domingo Mundial de las Misiones, se present\u00f3 el proyecto en una Misa en Familia con todos los ambientes de esta casa salesiana y todos pudieron colaborar adquiriendo la pulsera \u201cPrimero las \u00faltimas &#8211; #LOVE&#x1f497;\u201d. La venta de las pulseras la coordin\u00f3 el equipo de trabajo de la campa\u00f1a, con el que tambi\u00e9n han colaborado delegados y alumnado voluntario. La recaudaci\u00f3n por la venta de pulseras ir\u00e1 destinada \u00edntegramente al proyecto para rescatar a las chicas de Sierra Leona.<\/p>\n<p>Por otro lado, desde la asignatura de ingl\u00e9s, los alumnos y alumnas de 3\u00ba y 4\u00ba de ESO, convencidos de que otro mundo es posible, quisieron aportar su granito de arena en la ayuda y apoyo psicosocial que necesitan las ni\u00f1as de Sierra Leona, tal y como denuncia el documental LOVE, m\u00e1s all\u00e1 de la ayuda econ\u00f3mica que se pudiera recaudar con la campa\u00f1a. Para ello, tras ver el documental, escribieron unas cartas en ingl\u00e9s para mandarlas a las ni\u00f1as de Don Bosco Fambul en Freetown, con mensajes esperanzadores de apoyo y \u00e1nimo. A trav\u00e9s de Misiones Salesianas y gracias al Consulado de Sierra Leona en Madrid, las cartas llegar\u00e1n el 6 de noviembre a Sierra Leona para que las chicas de Don Bosco Fambul puedan leerlas. Adem\u00e1s, el alumnado de Competencia Comunicativa Oral est\u00e1 preparando un v\u00eddeo con los principales mensajes de apoyo de las cartas para mandar a Don Bosco Fambul con la esperanza de que se pueda utilizar en las sesiones de terapia con las ni\u00f1as de Freetown.<\/p>\n<p>Esta campa\u00f1a ha tenido, asimismo, iniciativas dignas de mencionar como el mural en 3D elaborado por el Equipo Coordinador de la Campa\u00f1a, con la profesora de tecnolog\u00eda Raquel Cervera como dise\u00f1adora: dos manos que sujetan un coraz\u00f3n y la frase \u201cPrimero las \u00daltimas\u201d, que se ha colgado en la entrada del colegio para ambientar la campa\u00f1a, as\u00ed como los carteles dise\u00f1ados por el coordinador de Pastoral de Secundaria, Rafa Gomar. Finalmente, la alumna Laura Aparicio, de 4\u00ba de ESO C, ha colaborado con el subtitulado del testimonio de Augusta, una de las chicas rescatadas por Don Bosco Fambul y que ahora tiene su propia empresa de catering, y que fue emitido el pasado junio en Ginebra, durante la Convenci\u00f3n de Derechos Humanos de Naciones Unidas. Este v\u00eddeo, proporcionado por Misiones Salesianas y subtitulado por Laura, se utiliz\u00f3 tambi\u00e9n en las tutor\u00edas con el alumnado y Laura ha cedido el subtitulado a Misiones Salesianas para que puedan utilizarlo en la difusi\u00f3n del proyecto Love entre otros lugares en el Vaticano en las pr\u00f3ximas semanas.<\/p>\n<p>El colegio agradece la implicaci\u00f3n y colaboraci\u00f3n de toda la comunidad educativa con esta importante causa. Esta campa\u00f1a forma parte de la gran campa\u00f1a inspectorial bajo el lema \u201cPrimero, los \u00faltimos\u201d, que desarrollamos a lo largo del curso 2018-2019, y que nos impulsa a ir all\u00ed donde todav\u00eda no reciban atenci\u00f3n las necesidades y demandas de los j\u00f3venes, en especial, los m\u00e1s pobres y en mayor riesgo de exclusi\u00f3n, para que nadie sea el \u00faltimo, sino que todo el mundo tenga la oportunidad de ser el primero. Por ello, en el Colegio Salesiano San Juan Bosco lo tenemos claro, \u00a1Primero las \u00faltimas!<\/p>\n<p>En el siguiente enlace se puede acceder a un recomendable documental en el que se explica de primera mano este proyecto de Misiones Salesianas y la situaci\u00f3n de las menores en Sierra Leona: <a href=\"https:\/\/www.youtube.com\/watch?v=SPhtGG9qZo0\">https:\/\/www.youtube.com\/watch?v=SPhtGG9qZo0<\/a><\/p>\n<p>[\/et_pb_text][et_pb_text admin_label=\u00bbT\u00edtulo: Galer\u00eda de fotos (Texto)\u00bb _builder_version=\u00bb3.0.76&#8243; background_layout=\u00bblight\u00bb text_font=\u00bb|on|||\u00bb text_text_color=\u00bb#dc001b\u00bb border_style=\u00bbsolid\u00bb disabled=\u00bboff\u00bb disabled_on=\u00bboff|on|on\u00bb]<\/p>\n<p>Galer\u00eda de im\u00e1genes<\/p>\n<p>[\/et_pb_text][et_pb_gallery _builder_version=\u00bb3.0.105&#8243; posts_number=\u00bb8&#8243; show_title_and_caption=\u00bboff\u00bb show_pagination=\u00bbon\u00bb fullwidth=\u00bboff\u00bb orientation=\u00bblandscape\u00bb zoom_icon_color=\u00bb#dc001b\u00bb hover_overlay_color=\u00bbrgba(255,255,255,0.9)\u00bb hover_icon=\u00bb%%51%%\u00bb background_layout=\u00bblight\u00bb disabled=\u00bboff\u00bb disabled_on=\u00bboff|off|off\u00bb gallery_ids=\u00bb9813,9814,9815,9812,9811,9810,9809,9808&#8243; pagination_font_size_tablet=\u00bb51&#8243; pagination_line_height_tablet=\u00bb2&#8243; \/][et_pb_video _builder_version=\u00bb3.0.51&#8243; disabled=\u00bbon\u00bb disabled_on=\u00bbon|on|on\u00bb \/][\/et_pb_column][\/et_pb_row][\/et_pb_section]<\/p>\n<!-- AddThis Advanced Settings generic via filter on the_content --><!-- AddThis Share Buttons generic via filter on the_content -->","protected":false},"excerpt":{"rendered":"<p>Durante dos semanas del 15 al 26 de octubre tuvo lugar la campa\u00f1a del Colegio Salesiano San Juan Bosco de Valencia para Misiones Salesianas: \u201cPrimero las \u00faltimas\u201d. El equipo de trabajo de la campa\u00f1a ha preparado con mucha ilusi\u00f3n esta iniciativa dado el proyecto y las destinatarias a las que ir\u00e1 destinada nuestra ayuda: ni\u00f1as [&hellip;]<\/p>\n<p><!-- AddThis Advanced Settings generic via filter on get_the_excerpt --><!-- AddThis Share Buttons generic via filter on get_the_excerpt --><\/p>\n","protected":false},"author":6,"featured_media":9808,"comment_status":"closed","ping_status":"open","sticky":false,"template":"","format":"standard","meta":{"_et_pb_use_builder":"on","_et_pb_old_content":"","_et_gb_content_width":"","footnotes":""},"categories":[14],"tags":[],"class_list":["post-9807","post","type-post","status-publish","format-standard","has-post-thumbnail","hentry","category-noticia_colegio"],"yoast_head":"<!-- This site is optimized with the Yoast SEO plugin v28.4 - https:\/\/yoast.com\/product\/yoast-seo-wordpress\/ -->\n<title>La campa\u00f1a del Colegio Salesiano San Juan Bosco Valencia, \u201cPrimero las \u00faltimas\u201d, en favor de Misiones Salesianas, moviliza a toda la comunidad educativa para ayudar a las ni\u00f1as en situaci\u00f3n de riesgo en Sierra Leona - Colegio San Juan Bosco Valencia<\/title>\n<meta name=\"robots\" content=\"index, follow, max-snippet:-1, max-image-preview:large, max-video-preview:-1\" \/>\n<link rel=\"canonical\" href=\"https:\/\/valenciasjb.salesianos.edu\/colegio\/la-campana-del-colegio-salesiano-san-juan-bosco-valencia-primero-las-ultimas-en-favor-de-misiones-salesianas-moviliza-a-toda-la-comunidad-educativa-para-ayudar-a-las-ninas-en-situ\/\" \/>\n<meta property=\"og:locale\" content=\"es_ES\" \/>\n<meta property=\"og:type\" content=\"article\" \/>\n<meta property=\"og:title\" content=\"La campa\u00f1a del Colegio Salesiano San Juan Bosco Valencia, \u201cPrimero las \u00faltimas\u201d, en favor de Misiones Salesianas, moviliza a toda la comunidad educativa para ayudar a las ni\u00f1as en situaci\u00f3n de riesgo en Sierra Leona - Colegio San Juan Bosco Valencia\" \/>\n<meta property=\"og:description\" content=\"Durante dos semanas del 15 al 26 de octubre tuvo lugar la campa\u00f1a del Colegio Salesiano San Juan Bosco de Valencia para Misiones Salesianas: \u201cPrimero las \u00faltimas\u201d. El equipo de trabajo de la campa\u00f1a ha preparado con mucha ilusi\u00f3n esta iniciativa dado el proyecto y las destinatarias a las que ir\u00e1 destinada nuestra ayuda: ni\u00f1as [&hellip;]\" \/>\n<meta property=\"og:url\" content=\"https:\/\/valenciasjb.salesianos.edu\/colegio\/la-campana-del-colegio-salesiano-san-juan-bosco-valencia-primero-las-ultimas-en-favor-de-misiones-salesianas-moviliza-a-toda-la-comunidad-educativa-para-ayudar-a-las-ninas-en-situ\/\" \/>\n<meta property=\"og:site_name\" content=\"Colegio San Juan Bosco Valencia\" \/>\n<meta property=\"article:publisher\" content=\"https:\/\/www.facebook.com\/ColegioSalesianoSanJuanBoscoValencia\" \/>\n<meta property=\"article:published_time\" content=\"2018-10-28T20:21:32+00:00\" \/>\n<meta property=\"og:image\" content=\"https:\/\/valenciasjb.salesianos.edu\/colegio\/wp-content\/uploads\/sites\/2\/2018\/10\/20181024_080012-1024x768.jpg\" \/>\n\t<meta property=\"og:image:width\" content=\"1024\" \/>\n\t<meta property=\"og:image:height\" content=\"768\" \/>\n\t<meta property=\"og:image:type\" content=\"image\/jpeg\" \/>\n<meta name=\"author\" content=\"veronicapastor\" \/>\n<meta name=\"twitter:card\" content=\"summary_large_image\" \/>\n<meta name=\"twitter:creator\" content=\"@SalesianosVSJB\" \/>\n<meta name=\"twitter:site\" content=\"@SalesianosVSJB\" \/>\n<meta name=\"twitter:label1\" content=\"Escrito por\" \/>\n\t<meta name=\"twitter:data1\" content=\"veronicapastor\" \/>\n\t<meta name=\"twitter:label2\" content=\"Tiempo de lectura\" \/>\n\t<meta name=\"twitter:data2\" content=\"5 minutos\" \/>\n<script type=\"application\/ld+json\" class=\"yoast-schema-graph\">{\"@context\":\"https:\\\/\\\/schema.org\",\"@graph\":[{\"@type\":\"Article\",\"@id\":\"https:\\\/\\\/valenciasjb.salesianos.edu\\\/colegio\\\/la-campana-del-colegio-salesiano-san-juan-bosco-valencia-primero-las-ultimas-en-favor-de-misiones-salesianas-moviliza-a-toda-la-comunidad-educativa-para-ayudar-a-las-ninas-en-situ\\\/#article\",\"isPartOf\":{\"@id\":\"https:\\\/\\\/valenciasjb.salesianos.edu\\\/colegio\\\/la-campana-del-colegio-salesiano-san-juan-bosco-valencia-primero-las-ultimas-en-favor-de-misiones-salesianas-moviliza-a-toda-la-comunidad-educativa-para-ayudar-a-las-ninas-en-situ\\\/\"},\"author\":{\"name\":\"veronicapastor\",\"@id\":\"https:\\\/\\\/valenciasjb.salesianos.edu\\\/colegio\\\/#\\\/schema\\\/person\\\/1f45b67e52b27da175190a574db6bed9\"},\"headline\":\"La campa\u00f1a del Colegio Salesiano San Juan Bosco Valencia, \u201cPrimero las \u00faltimas\u201d, en favor de Misiones Salesianas, moviliza a toda la comunidad educativa para ayudar a las ni\u00f1as en situaci\u00f3n de riesgo en Sierra Leona\",\"datePublished\":\"2018-10-28T20:21:32+00:00\",\"mainEntityOfPage\":{\"@id\":\"https:\\\/\\\/valenciasjb.salesianos.edu\\\/colegio\\\/la-campana-del-colegio-salesiano-san-juan-bosco-valencia-primero-las-ultimas-en-favor-de-misiones-salesianas-moviliza-a-toda-la-comunidad-educativa-para-ayudar-a-las-ninas-en-situ\\\/\"},\"wordCount\":1118,\"image\":{\"@id\":\"https:\\\/\\\/valenciasjb.salesianos.edu\\\/colegio\\\/la-campana-del-colegio-salesiano-san-juan-bosco-valencia-primero-las-ultimas-en-favor-de-misiones-salesianas-moviliza-a-toda-la-comunidad-educativa-para-ayudar-a-las-ninas-en-situ\\\/#primaryimage\"},\"thumbnailUrl\":\"https:\\\/\\\/valenciasjb.salesianos.edu\\\/colegio\\\/wp-content\\\/uploads\\\/sites\\\/2\\\/2018\\\/10\\\/20181024_080012.jpg\",\"articleSection\":[\"Noticia Colegio\"],\"inLanguage\":\"es\"},{\"@type\":\"WebPage\",\"@id\":\"https:\\\/\\\/valenciasjb.salesianos.edu\\\/colegio\\\/la-campana-del-colegio-salesiano-san-juan-bosco-valencia-primero-las-ultimas-en-favor-de-misiones-salesianas-moviliza-a-toda-la-comunidad-educativa-para-ayudar-a-las-ninas-en-situ\\\/\",\"url\":\"https:\\\/\\\/valenciasjb.salesianos.edu\\\/colegio\\\/la-campana-del-colegio-salesiano-san-juan-bosco-valencia-primero-las-ultimas-en-favor-de-misiones-salesianas-moviliza-a-toda-la-comunidad-educativa-para-ayudar-a-las-ninas-en-situ\\\/\",\"name\":\"La campa\u00f1a del Colegio Salesiano San Juan Bosco Valencia, \u201cPrimero las \u00faltimas\u201d, en favor de Misiones Salesianas, moviliza a toda la comunidad educativa para ayudar a las ni\u00f1as en situaci\u00f3n de riesgo en Sierra Leona - Colegio San Juan Bosco Valencia\",\"isPartOf\":{\"@id\":\"https:\\\/\\\/valenciasjb.salesianos.edu\\\/colegio\\\/#website\"},\"primaryImageOfPage\":{\"@id\":\"https:\\\/\\\/valenciasjb.salesianos.edu\\\/colegio\\\/la-campana-del-colegio-salesiano-san-juan-bosco-valencia-primero-las-ultimas-en-favor-de-misiones-salesianas-moviliza-a-toda-la-comunidad-educativa-para-ayudar-a-las-ninas-en-situ\\\/#primaryimage\"},\"image\":{\"@id\":\"https:\\\/\\\/valenciasjb.salesianos.edu\\\/colegio\\\/la-campana-del-colegio-salesiano-san-juan-bosco-valencia-primero-las-ultimas-en-favor-de-misiones-salesianas-moviliza-a-toda-la-comunidad-educativa-para-ayudar-a-las-ninas-en-situ\\\/#primaryimage\"},\"thumbnailUrl\":\"https:\\\/\\\/valenciasjb.salesianos.edu\\\/colegio\\\/wp-content\\\/uploads\\\/sites\\\/2\\\/2018\\\/10\\\/20181024_080012.jpg\",\"datePublished\":\"2018-10-28T20:21:32+00:00\",\"author\":{\"@id\":\"https:\\\/\\\/valenciasjb.salesianos.edu\\\/colegio\\\/#\\\/schema\\\/person\\\/1f45b67e52b27da175190a574db6bed9\"},\"breadcrumb\":{\"@id\":\"https:\\\/\\\/valenciasjb.salesianos.edu\\\/colegio\\\/la-campana-del-colegio-salesiano-san-juan-bosco-valencia-primero-las-ultimas-en-favor-de-misiones-salesianas-moviliza-a-toda-la-comunidad-educativa-para-ayudar-a-las-ninas-en-situ\\\/#breadcrumb\"},\"inLanguage\":\"es\",\"potentialAction\":[{\"@type\":\"ReadAction\",\"target\":[\"https:\\\/\\\/valenciasjb.salesianos.edu\\\/colegio\\\/la-campana-del-colegio-salesiano-san-juan-bosco-valencia-primero-las-ultimas-en-favor-de-misiones-salesianas-moviliza-a-toda-la-comunidad-educativa-para-ayudar-a-las-ninas-en-situ\\\/\"]}]},{\"@type\":\"ImageObject\",\"inLanguage\":\"es\",\"@id\":\"https:\\\/\\\/valenciasjb.salesianos.edu\\\/colegio\\\/la-campana-del-colegio-salesiano-san-juan-bosco-valencia-primero-las-ultimas-en-favor-de-misiones-salesianas-moviliza-a-toda-la-comunidad-educativa-para-ayudar-a-las-ninas-en-situ\\\/#primaryimage\",\"url\":\"https:\\\/\\\/valenciasjb.salesianos.edu\\\/colegio\\\/wp-content\\\/uploads\\\/sites\\\/2\\\/2018\\\/10\\\/20181024_080012.jpg\",\"contentUrl\":\"https:\\\/\\\/valenciasjb.salesianos.edu\\\/colegio\\\/wp-content\\\/uploads\\\/sites\\\/2\\\/2018\\\/10\\\/20181024_080012.jpg\",\"width\":4128,\"height\":3096},{\"@type\":\"BreadcrumbList\",\"@id\":\"https:\\\/\\\/valenciasjb.salesianos.edu\\\/colegio\\\/la-campana-del-colegio-salesiano-san-juan-bosco-valencia-primero-las-ultimas-en-favor-de-misiones-salesianas-moviliza-a-toda-la-comunidad-educativa-para-ayudar-a-las-ninas-en-situ\\\/#breadcrumb\",\"itemListElement\":[{\"@type\":\"ListItem\",\"position\":1,\"name\":\"Portada\",\"item\":\"https:\\\/\\\/valenciasjb.salesianos.edu\\\/colegio\\\/\"},{\"@type\":\"ListItem\",\"position\":2,\"name\":\"La campa\u00f1a del Colegio Salesiano San Juan Bosco Valencia, \u201cPrimero las \u00faltimas\u201d, en favor de Misiones Salesianas, moviliza a toda la comunidad educativa para ayudar a las ni\u00f1as en situaci\u00f3n de riesgo en Sierra Leona\"}]},{\"@type\":\"WebSite\",\"@id\":\"https:\\\/\\\/valenciasjb.salesianos.edu\\\/colegio\\\/#website\",\"url\":\"https:\\\/\\\/valenciasjb.salesianos.edu\\\/colegio\\\/\",\"name\":\"Colegio San Juan Bosco Valencia\",\"description\":\"P\u00e1gina oficial del Colegio Salesianos San Juan Bosco Valencia\",\"alternateName\":\"Salesianos.VSJB\",\"potentialAction\":[{\"@type\":\"SearchAction\",\"target\":{\"@type\":\"EntryPoint\",\"urlTemplate\":\"https:\\\/\\\/valenciasjb.salesianos.edu\\\/colegio\\\/?s={search_term_string}\"},\"query-input\":{\"@type\":\"PropertyValueSpecification\",\"valueRequired\":true,\"valueName\":\"search_term_string\"}}],\"inLanguage\":\"es\"},{\"@type\":\"Person\",\"@id\":\"https:\\\/\\\/valenciasjb.salesianos.edu\\\/colegio\\\/#\\\/schema\\\/person\\\/1f45b67e52b27da175190a574db6bed9\",\"name\":\"veronicapastor\",\"image\":{\"@type\":\"ImageObject\",\"inLanguage\":\"es\",\"@id\":\"https:\\\/\\\/secure.gravatar.com\\\/avatar\\\/e29bd40bace3fd935e1d6fdb7313ffc14628cc037c5e16f4c7369b20a2a6f7f0?s=96&d=mm&r=g\",\"url\":\"https:\\\/\\\/secure.gravatar.com\\\/avatar\\\/e29bd40bace3fd935e1d6fdb7313ffc14628cc037c5e16f4c7369b20a2a6f7f0?s=96&d=mm&r=g\",\"contentUrl\":\"https:\\\/\\\/secure.gravatar.com\\\/avatar\\\/e29bd40bace3fd935e1d6fdb7313ffc14628cc037c5e16f4c7369b20a2a6f7f0?s=96&d=mm&r=g\",\"caption\":\"veronicapastor\"}}]}<\/script>\n<!-- \/ Yoast SEO plugin. -->","yoast_head_json":{"title":"La campa\u00f1a del Colegio Salesiano San Juan Bosco Valencia, \u201cPrimero las \u00faltimas\u201d, en favor de Misiones Salesianas, moviliza a toda la comunidad educativa para ayudar a las ni\u00f1as en situaci\u00f3n de riesgo en Sierra Leona - Colegio San Juan Bosco Valencia","robots":{"index":"index","follow":"follow","max-snippet":"max-snippet:-1","max-image-preview":"max-image-preview:large","max-video-preview":"max-video-preview:-1"},"canonical":"https:\/\/valenciasjb.salesianos.edu\/colegio\/la-campana-del-colegio-salesiano-san-juan-bosco-valencia-primero-las-ultimas-en-favor-de-misiones-salesianas-moviliza-a-toda-la-comunidad-educativa-para-ayudar-a-las-ninas-en-situ\/","og_locale":"es_ES","og_type":"article","og_title":"La campa\u00f1a del Colegio Salesiano San Juan Bosco Valencia, \u201cPrimero las \u00faltimas\u201d, en favor de Misiones Salesianas, moviliza a toda la comunidad educativa para ayudar a las ni\u00f1as en situaci\u00f3n de riesgo en Sierra Leona - Colegio San Juan Bosco Valencia","og_description":"Durante dos semanas del 15 al 26 de octubre tuvo lugar la campa\u00f1a del Colegio Salesiano San Juan Bosco de Valencia para Misiones Salesianas: \u201cPrimero las \u00faltimas\u201d. El equipo de trabajo de la campa\u00f1a ha preparado con mucha ilusi\u00f3n esta iniciativa dado el proyecto y las destinatarias a las que ir\u00e1 destinada nuestra ayuda: ni\u00f1as [&hellip;]","og_url":"https:\/\/valenciasjb.salesianos.edu\/colegio\/la-campana-del-colegio-salesiano-san-juan-bosco-valencia-primero-las-ultimas-en-favor-de-misiones-salesianas-moviliza-a-toda-la-comunidad-educativa-para-ayudar-a-las-ninas-en-situ\/","og_site_name":"Colegio San Juan Bosco Valencia","article_publisher":"https:\/\/www.facebook.com\/ColegioSalesianoSanJuanBoscoValencia","article_published_time":"2018-10-28T20:21:32+00:00","og_image":[{"width":1024,"height":768,"url":"https:\/\/valenciasjb.salesianos.edu\/colegio\/wp-content\/uploads\/sites\/2\/2018\/10\/20181024_080012-1024x768.jpg","type":"image\/jpeg"}],"author":"veronicapastor","twitter_card":"summary_large_image","twitter_creator":"@SalesianosVSJB","twitter_site":"@SalesianosVSJB","twitter_misc":{"Escrito por":"veronicapastor","Tiempo de lectura":"5 minutos"},"schema":{"@context":"https:\/\/schema.org","@graph":[{"@type":"Article","@id":"https:\/\/valenciasjb.salesianos.edu\/colegio\/la-campana-del-colegio-salesiano-san-juan-bosco-valencia-primero-las-ultimas-en-favor-de-misiones-salesianas-moviliza-a-toda-la-comunidad-educativa-para-ayudar-a-las-ninas-en-situ\/#article","isPartOf":{"@id":"https:\/\/valenciasjb.salesianos.edu\/colegio\/la-campana-del-colegio-salesiano-san-juan-bosco-valencia-primero-las-ultimas-en-favor-de-misiones-salesianas-moviliza-a-toda-la-comunidad-educativa-para-ayudar-a-las-ninas-en-situ\/"},"author":{"name":"veronicapastor","@id":"https:\/\/valenciasjb.salesianos.edu\/colegio\/#\/schema\/person\/1f45b67e52b27da175190a574db6bed9"},"headline":"La campa\u00f1a del Colegio Salesiano San Juan Bosco Valencia, \u201cPrimero las \u00faltimas\u201d, en favor de Misiones Salesianas, moviliza a toda la comunidad educativa para ayudar a las ni\u00f1as en situaci\u00f3n de riesgo en Sierra Leona","datePublished":"2018-10-28T20:21:32+00:00","mainEntityOfPage":{"@id":"https:\/\/valenciasjb.salesianos.edu\/colegio\/la-campana-del-colegio-salesiano-san-juan-bosco-valencia-primero-las-ultimas-en-favor-de-misiones-salesianas-moviliza-a-toda-la-comunidad-educativa-para-ayudar-a-las-ninas-en-situ\/"},"wordCount":1118,"image":{"@id":"https:\/\/valenciasjb.salesianos.edu\/colegio\/la-campana-del-colegio-salesiano-san-juan-bosco-valencia-primero-las-ultimas-en-favor-de-misiones-salesianas-moviliza-a-toda-la-comunidad-educativa-para-ayudar-a-las-ninas-en-situ\/#primaryimage"},"thumbnailUrl":"https:\/\/valenciasjb.salesianos.edu\/colegio\/wp-content\/uploads\/sites\/2\/2018\/10\/20181024_080012.jpg","articleSection":["Noticia Colegio"],"inLanguage":"es"},{"@type":"WebPage","@id":"https:\/\/valenciasjb.salesianos.edu\/colegio\/la-campana-del-colegio-salesiano-san-juan-bosco-valencia-primero-las-ultimas-en-favor-de-misiones-salesianas-moviliza-a-toda-la-comunidad-educativa-para-ayudar-a-las-ninas-en-situ\/","url":"https:\/\/valenciasjb.salesianos.edu\/colegio\/la-campana-del-colegio-salesiano-san-juan-bosco-valencia-primero-las-ultimas-en-favor-de-misiones-salesianas-moviliza-a-toda-la-comunidad-educativa-para-ayudar-a-las-ninas-en-situ\/","name":"La campa\u00f1a del Colegio Salesiano San Juan Bosco Valencia, \u201cPrimero las \u00faltimas\u201d, en favor de Misiones Salesianas, moviliza a toda la comunidad educativa para ayudar a las ni\u00f1as en situaci\u00f3n de riesgo en Sierra Leona - Colegio San Juan Bosco Valencia","isPartOf":{"@id":"https:\/\/valenciasjb.salesianos.edu\/colegio\/#website"},"primaryImageOfPage":{"@id":"https:\/\/valenciasjb.salesianos.edu\/colegio\/la-campana-del-colegio-salesiano-san-juan-bosco-valencia-primero-las-ultimas-en-favor-de-misiones-salesianas-moviliza-a-toda-la-comunidad-educativa-para-ayudar-a-las-ninas-en-situ\/#primaryimage"},"image":{"@id":"https:\/\/valenciasjb.salesianos.edu\/colegio\/la-campana-del-colegio-salesiano-san-juan-bosco-valencia-primero-las-ultimas-en-favor-de-misiones-salesianas-moviliza-a-toda-la-comunidad-educativa-para-ayudar-a-las-ninas-en-situ\/#primaryimage"},"thumbnailUrl":"https:\/\/valenciasjb.salesianos.edu\/colegio\/wp-content\/uploads\/sites\/2\/2018\/10\/20181024_080012.jpg","datePublished":"2018-10-28T20:21:32+00:00","author":{"@id":"https:\/\/valenciasjb.salesianos.edu\/colegio\/#\/schema\/person\/1f45b67e52b27da175190a574db6bed9"},"breadcrumb":{"@id":"https:\/\/valenciasjb.salesianos.edu\/colegio\/la-campana-del-colegio-salesiano-san-juan-bosco-valencia-primero-las-ultimas-en-favor-de-misiones-salesianas-moviliza-a-toda-la-comunidad-educativa-para-ayudar-a-las-ninas-en-situ\/#breadcrumb"},"inLanguage":"es","potentialAction":[{"@type":"ReadAction","target":["https:\/\/valenciasjb.salesianos.edu\/colegio\/la-campana-del-colegio-salesiano-san-juan-bosco-valencia-primero-las-ultimas-en-favor-de-misiones-salesianas-moviliza-a-toda-la-comunidad-educativa-para-ayudar-a-las-ninas-en-situ\/"]}]},{"@type":"ImageObject","inLanguage":"es","@id":"https:\/\/valenciasjb.salesianos.edu\/colegio\/la-campana-del-colegio-salesiano-san-juan-bosco-valencia-primero-las-ultimas-en-favor-de-misiones-salesianas-moviliza-a-toda-la-comunidad-educativa-para-ayudar-a-las-ninas-en-situ\/#primaryimage","url":"https:\/\/valenciasjb.salesianos.edu\/colegio\/wp-content\/uploads\/sites\/2\/2018\/10\/20181024_080012.jpg","contentUrl":"https:\/\/valenciasjb.salesianos.edu\/colegio\/wp-content\/uploads\/sites\/2\/2018\/10\/20181024_080012.jpg","width":4128,"height":3096},{"@type":"BreadcrumbList","@id":"https:\/\/valenciasjb.salesianos.edu\/colegio\/la-campana-del-colegio-salesiano-san-juan-bosco-valencia-primero-las-ultimas-en-favor-de-misiones-salesianas-moviliza-a-toda-la-comunidad-educativa-para-ayudar-a-las-ninas-en-situ\/#breadcrumb","itemListElement":[{"@type":"ListItem","position":1,"name":"Portada","item":"https:\/\/valenciasjb.salesianos.edu\/colegio\/"},{"@type":"ListItem","position":2,"name":"La campa\u00f1a del Colegio Salesiano San Juan Bosco Valencia, \u201cPrimero las \u00faltimas\u201d, en favor de Misiones Salesianas, moviliza a toda la comunidad educativa para ayudar a las ni\u00f1as en situaci\u00f3n de riesgo en Sierra Leona"}]},{"@type":"WebSite","@id":"https:\/\/valenciasjb.salesianos.edu\/colegio\/#website","url":"https:\/\/valenciasjb.salesianos.edu\/colegio\/","name":"Colegio San Juan Bosco Valencia","description":"P\u00e1gina oficial del Colegio Salesianos San Juan Bosco Valencia","alternateName":"Salesianos.VSJB","potentialAction":[{"@type":"SearchAction","target":{"@type":"EntryPoint","urlTemplate":"https:\/\/valenciasjb.salesianos.edu\/colegio\/?s={search_term_string}"},"query-input":{"@type":"PropertyValueSpecification","valueRequired":true,"valueName":"search_term_string"}}],"inLanguage":"es"},{"@type":"Person","@id":"https:\/\/valenciasjb.salesianos.edu\/colegio\/#\/schema\/person\/1f45b67e52b27da175190a574db6bed9","name":"veronicapastor","image":{"@type":"ImageObject","inLanguage":"es","@id":"https:\/\/secure.gravatar.com\/avatar\/e29bd40bace3fd935e1d6fdb7313ffc14628cc037c5e16f4c7369b20a2a6f7f0?s=96&d=mm&r=g","url":"https:\/\/secure.gravatar.com\/avatar\/e29bd40bace3fd935e1d6fdb7313ffc14628cc037c5e16f4c7369b20a2a6f7f0?s=96&d=mm&r=g","contentUrl":"https:\/\/secure.gravatar.com\/avatar\/e29bd40bace3fd935e1d6fdb7313ffc14628cc037c5e16f4c7369b20a2a6f7f0?s=96&d=mm&r=g","caption":"veronicapastor"}}]}},"_links":{"self":[{"href":"https:\/\/valenciasjb.salesianos.edu\/colegio\/wp-json\/wp\/v2\/posts\/9807","targetHints":{"allow":["GET"]}}],"collection":[{"href":"https:\/\/valenciasjb.salesianos.edu\/colegio\/wp-json\/wp\/v2\/posts"}],"about":[{"href":"https:\/\/valenciasjb.salesianos.edu\/colegio\/wp-json\/wp\/v2\/types\/post"}],"author":[{"embeddable":true,"href":"https:\/\/valenciasjb.salesianos.edu\/colegio\/wp-json\/wp\/v2\/users\/6"}],"replies":[{"embeddable":true,"href":"https:\/\/valenciasjb.salesianos.edu\/colegio\/wp-json\/wp\/v2\/comments?post=9807"}],"version-history":[{"count":1,"href":"https:\/\/valenciasjb.salesianos.edu\/colegio\/wp-json\/wp\/v2\/posts\/9807\/revisions"}],"predecessor-version":[{"id":9816,"href":"https:\/\/valenciasjb.salesianos.edu\/colegio\/wp-json\/wp\/v2\/posts\/9807\/revisions\/9816"}],"wp:featuredmedia":[{"embeddable":true,"href":"https:\/\/valenciasjb.salesianos.edu\/colegio\/wp-json\/wp\/v2\/media\/9808"}],"wp:attachment":[{"href":"https:\/\/valenciasjb.salesianos.edu\/colegio\/wp-json\/wp\/v2\/media?parent=9807"}],"wp:term":[{"taxonomy":"category","embeddable":true,"href":"https:\/\/valenciasjb.salesianos.edu\/colegio\/wp-json\/wp\/v2\/categories?post=9807"},{"taxonomy":"post_tag","embeddable":true,"href":"https:\/\/valenciasjb.salesianos.edu\/colegio\/wp-json\/wp\/v2\/tags?post=9807"}],"curies":[{"name":"wp","href":"https:\/\/api.w.org\/{rel}","templated":true}]}}