{"id":9836,"date":"2018-11-02T21:10:10","date_gmt":"2018-11-02T20:10:10","guid":{"rendered":"https:\/\/valenciasjb.salesianos.edu\/colegio\/?p=9836"},"modified":"2018-11-02T21:14:25","modified_gmt":"2018-11-02T20:14:25","slug":"el-colegio-celebra-la-semana-de-orientacion-vocacional","status":"publish","type":"post","link":"https:\/\/valenciasjb.salesianos.edu\/colegio\/el-colegio-celebra-la-semana-de-orientacion-vocacional\/","title":{"rendered":"El colegio celebra la Semana de Orientaci\u00f3n Vocacional"},"content":{"rendered":"<div id=\"fb-root\"><\/div>\n<p>[et_pb_section bb_built=\u00bb1&#8243; admin_label=\u00bbsection\u00bb][et_pb_row admin_label=\u00bbrow\u00bb background_position=\u00bbtop_left\u00bb background_repeat=\u00bbrepeat\u00bb background_size=\u00bbinitial\u00bb][et_pb_column type=\u00bb4_4&#8243;][et_pb_text admin_label=\u00bbEntradilla (Texto)\u00bb _builder_version=\u00bb3.0.105&#8243; background_layout=\u00bblight\u00bb text_orientation=\u00bbjustified\u00bb text_font=\u00bb|on|||\u00bb module_alignment=\u00bbleft\u00bb]<\/p>\n<div id=\"resumen\">\n<p>La pasada semana, del 22 al 26 de octubre, fue una semana dedicada a la Orientaci\u00f3n Vocacional. El valor de ser feliz en tu camino de vida, el autoconocimiento, conciencia social, toma de decisiones, son las dimensiones que se pretenden abordar en esta semana que a\u00f1o tras a\u00f1o cobra m\u00e1s identidad.<\/p>\n<\/div>\n<div><\/div>\n<p>[\/et_pb_text][et_pb_text admin_label=\u00bbAutor (Texto)\u00bb _builder_version=\u00bb3.0.105&#8243; background_layout=\u00bblight\u00bb text_font=\u00bb||on||\u00bb]<\/p>\n<p>Equipo Departamento de Orientaci\u00f3n.<\/p>\n<p>[\/et_pb_text][et_pb_text admin_label=\u00bbDesarrollo (Texto)\u00bb _builder_version=\u00bb3.0.105&#8243; background_layout=\u00bblight\u00bb text_orientation=\u00bbjustified\u00bb module_alignment=\u00bbleft\u00bb]<\/p>\n<p>Entendemos la orientaci\u00f3n vocacional como el proceso continuo en el que cada persona va descubriendo su propio su propio yo, sus potencialidades y debilidades, lo que le gusta y lo que no le gusta para que poco a poco vaya descubriendo su propio proyecto de vida, su camino.<\/p>\n<p>Por ello, se realizan actividades que se adaptan en cada etapa a dicho proceso de descubrimiento. Infantil y 1\u00ba, 2\u00ba y 3\u00ba de Primaria disfrutaron de una animaci\u00f3n lectora realizada por las profesoras y los profesores de las dos etapas. En ella conocieron la historia de \u201cEl gusano Arco Iris\u201d en la que se transmite la importancia de ser una persona prosocial, anim\u00e1ndolos a no quedar indiferentes ante las injusticias, actuando de una manera correcta para nosotros mismos y para los dem\u00e1s. Fue una experiencia divertida, creativa y con la que ni\u00f1os y ni\u00f1as han disfrutado.<\/p>\n<p>Los cursos de 4\u00ba a 6\u00ba de primaria han hecho una actividad en la que se ten\u00eda que, a partir de tres historias, reflexionar sobre lo que significa vivir y actuar de manera prosocial, es decir, enfocar todas las acciones desde la empat\u00eda y hacia la b\u00fasqueda del bien com\u00fan. Posteriormente, de forma cooperativa, los alumnos y alumnas decoraron una caja. Por los lados de fuera pegaron una palabra o expresi\u00f3n que inclu\u00eda valores prosociales y dentro de la caja valores contrarios.<\/p>\n<p>En todos los cursos de la ESO y Bachiller se han realizado diversas actividades. Se inici\u00f3 la semana con la visita de un grupo de padres y madres que contaron su experiencia personal en relaci\u00f3n con su profesi\u00f3n. Recibieron la visita de la cantante Neus Ferri \u00a0y la nadadora Merche Peris que transmitieron la importancia del esfuerzo, a la hora de conseguir los objetivos que cada uno se propone. Vinieron profesionales encargados de la selecci\u00f3n de personal y contrataci\u00f3n desde diferentes \u00e1mbitos laborales que han relatado los valores, actitudes y aptitudes que se valoran en el mundo laboral a la hora de acceder a un puesto de trabajo y c\u00f3mo estos valores pueden ayudar a la transformaci\u00f3n social. Tambi\u00e9n han tenido la informaci\u00f3n de diferentes Universidades (Universidad de Valencia, Universidad Cat\u00f3lica de Valencia, Cardenal Herrera y Universidad Polit\u00e9cnica) sobre las diversas salidas que ofrecen en cada una de ellas. Este curso se ha realizado una nueva actividad en la que de forma distendida los padres junto con los orientadores han dialogado, compartiendo un caf\u00e9, inquietudes y dudas sobre c\u00f3mo ayudar a sus hijos en la toma de decisiones de su camino profesional y vocacional. Por \u00faltimo, se cerr\u00f3 la semana con la actividad de las Mesas redondas en las que antiguos alumnos vienen a contar su experiencia en las PAU y ponen de relieve c\u00f3mo han vivido su transici\u00f3n a la vida fuera del colegio.<\/p>\n<p>Toda una semana de reflexi\u00f3n y descubrimiento que refuerza a nuestro alumnado y capacita en sus primeros pasos en la elecci\u00f3n m\u00e1s plena de lo que quieren SER y, sobre todo, c\u00f3mo quieren SER.<\/p>\n<p>[\/et_pb_text][et_pb_text admin_label=\u00bbT\u00edtulo: Galer\u00eda de fotos (Texto)\u00bb _builder_version=\u00bb3.0.76&#8243; background_layout=\u00bblight\u00bb text_font=\u00bb|on|||\u00bb text_text_color=\u00bb#dc001b\u00bb border_style=\u00bbsolid\u00bb disabled=\u00bboff\u00bb disabled_on=\u00bboff|on|on\u00bb]<\/p>\n<p>Galer\u00eda de im\u00e1genes<\/p>\n<p>[\/et_pb_text][et_pb_gallery _builder_version=\u00bb3.0.105&#8243; posts_number=\u00bb8&#8243; show_title_and_caption=\u00bboff\u00bb show_pagination=\u00bbon\u00bb fullwidth=\u00bboff\u00bb orientation=\u00bblandscape\u00bb zoom_icon_color=\u00bb#dc001b\u00bb hover_overlay_color=\u00bbrgba(255,255,255,0.9)\u00bb hover_icon=\u00bb%%51%%\u00bb background_layout=\u00bblight\u00bb disabled=\u00bboff\u00bb disabled_on=\u00bboff|off|off\u00bb gallery_ids=\u00bb9844,9843,9842,9841,9840,9839,9838,9837&#8243; pagination_font_size_tablet=\u00bb51&#8243; pagination_line_height_tablet=\u00bb2&#8243; \/][et_pb_video _builder_version=\u00bb3.0.51&#8243; disabled=\u00bbon\u00bb disabled_on=\u00bbon|on|on\u00bb \/][\/et_pb_column][\/et_pb_row][\/et_pb_section]<\/p>\n<!-- AddThis Advanced Settings generic via filter on the_content --><!-- AddThis Share Buttons generic via filter on the_content -->","protected":false},"excerpt":{"rendered":"<p>La pasada semana, del 22 al 26 de octubre, fue una semana dedicada a la Orientaci\u00f3n Vocacional. El valor de ser feliz en tu camino de vida, el autoconocimiento, conciencia social, toma de decisiones, son las dimensiones que se pretenden abordar en esta semana que a\u00f1o tras a\u00f1o cobra m\u00e1s identidad. Equipo Departamento de Orientaci\u00f3n. [&hellip;]<\/p>\n<p><!-- AddThis Advanced Settings generic via filter on get_the_excerpt --><!-- AddThis Share Buttons generic via filter on get_the_excerpt --><\/p>\n","protected":false},"author":6,"featured_media":9840,"comment_status":"closed","ping_status":"open","sticky":false,"template":"","format":"standard","meta":{"_et_pb_use_builder":"on","_et_pb_old_content":"","_et_gb_content_width":"","footnotes":""},"categories":[14],"tags":[],"class_list":["post-9836","post","type-post","status-publish","format-standard","has-post-thumbnail","hentry","category-noticia_colegio"],"yoast_head":"<!-- This site is optimized with the Yoast SEO plugin v28.4 - https:\/\/yoast.com\/product\/yoast-seo-wordpress\/ -->\n<title>El colegio celebra la Semana de Orientaci\u00f3n Vocacional - Colegio San Juan Bosco Valencia<\/title>\n<meta name=\"robots\" content=\"index, follow, max-snippet:-1, max-image-preview:large, max-video-preview:-1\" \/>\n<link rel=\"canonical\" href=\"https:\/\/valenciasjb.salesianos.edu\/colegio\/el-colegio-celebra-la-semana-de-orientacion-vocacional\/\" \/>\n<meta property=\"og:locale\" content=\"es_ES\" \/>\n<meta property=\"og:type\" content=\"article\" \/>\n<meta property=\"og:title\" content=\"El colegio celebra la Semana de Orientaci\u00f3n Vocacional - Colegio San Juan Bosco Valencia\" \/>\n<meta property=\"og:description\" content=\"La pasada semana, del 22 al 26 de octubre, fue una semana dedicada a la Orientaci\u00f3n Vocacional. El valor de ser feliz en tu camino de vida, el autoconocimiento, conciencia social, toma de decisiones, son las dimensiones que se pretenden abordar en esta semana que a\u00f1o tras a\u00f1o cobra m\u00e1s identidad. Equipo Departamento de Orientaci\u00f3n. [&hellip;]\" \/>\n<meta property=\"og:url\" content=\"https:\/\/valenciasjb.salesianos.edu\/colegio\/el-colegio-celebra-la-semana-de-orientacion-vocacional\/\" \/>\n<meta property=\"og:site_name\" content=\"Colegio San Juan Bosco Valencia\" \/>\n<meta property=\"article:publisher\" content=\"https:\/\/www.facebook.com\/ColegioSalesianoSanJuanBoscoValencia\" \/>\n<meta property=\"article:published_time\" content=\"2018-11-02T20:10:10+00:00\" \/>\n<meta property=\"article:modified_time\" content=\"2018-11-02T20:14:25+00:00\" \/>\n<meta property=\"og:image\" content=\"https:\/\/valenciasjb.salesianos.edu\/colegio\/wp-content\/uploads\/sites\/2\/2018\/11\/IMG-20181026-WA0012.jpg\" \/>\n\t<meta property=\"og:image:width\" content=\"1600\" \/>\n\t<meta property=\"og:image:height\" content=\"898\" \/>\n\t<meta property=\"og:image:type\" content=\"image\/jpeg\" \/>\n<meta name=\"author\" content=\"veronicapastor\" \/>\n<meta name=\"twitter:card\" content=\"summary_large_image\" \/>\n<meta name=\"twitter:creator\" content=\"@SalesianosVSJB\" \/>\n<meta name=\"twitter:site\" content=\"@SalesianosVSJB\" \/>\n<meta name=\"twitter:label1\" content=\"Escrito por\" \/>\n\t<meta name=\"twitter:data1\" content=\"veronicapastor\" \/>\n\t<meta name=\"twitter:label2\" content=\"Tiempo de lectura\" \/>\n\t<meta name=\"twitter:data2\" content=\"4 minutos\" \/>\n<script type=\"application\/ld+json\" class=\"yoast-schema-graph\">{\"@context\":\"https:\\\/\\\/schema.org\",\"@graph\":[{\"@type\":\"Article\",\"@id\":\"https:\\\/\\\/valenciasjb.salesianos.edu\\\/colegio\\\/el-colegio-celebra-la-semana-de-orientacion-vocacional\\\/#article\",\"isPartOf\":{\"@id\":\"https:\\\/\\\/valenciasjb.salesianos.edu\\\/colegio\\\/el-colegio-celebra-la-semana-de-orientacion-vocacional\\\/\"},\"author\":{\"name\":\"veronicapastor\",\"@id\":\"https:\\\/\\\/valenciasjb.salesianos.edu\\\/colegio\\\/#\\\/schema\\\/person\\\/1f45b67e52b27da175190a574db6bed9\"},\"headline\":\"El colegio celebra la Semana de Orientaci\u00f3n Vocacional\",\"datePublished\":\"2018-11-02T20:10:10+00:00\",\"dateModified\":\"2018-11-02T20:14:25+00:00\",\"mainEntityOfPage\":{\"@id\":\"https:\\\/\\\/valenciasjb.salesianos.edu\\\/colegio\\\/el-colegio-celebra-la-semana-de-orientacion-vocacional\\\/\"},\"wordCount\":791,\"image\":{\"@id\":\"https:\\\/\\\/valenciasjb.salesianos.edu\\\/colegio\\\/el-colegio-celebra-la-semana-de-orientacion-vocacional\\\/#primaryimage\"},\"thumbnailUrl\":\"https:\\\/\\\/valenciasjb.salesianos.edu\\\/colegio\\\/wp-content\\\/uploads\\\/sites\\\/2\\\/2018\\\/11\\\/IMG-20181026-WA0012.jpg\",\"articleSection\":[\"Noticia Colegio\"],\"inLanguage\":\"es\"},{\"@type\":\"WebPage\",\"@id\":\"https:\\\/\\\/valenciasjb.salesianos.edu\\\/colegio\\\/el-colegio-celebra-la-semana-de-orientacion-vocacional\\\/\",\"url\":\"https:\\\/\\\/valenciasjb.salesianos.edu\\\/colegio\\\/el-colegio-celebra-la-semana-de-orientacion-vocacional\\\/\",\"name\":\"El colegio celebra la Semana de Orientaci\u00f3n Vocacional - Colegio San Juan Bosco Valencia\",\"isPartOf\":{\"@id\":\"https:\\\/\\\/valenciasjb.salesianos.edu\\\/colegio\\\/#website\"},\"primaryImageOfPage\":{\"@id\":\"https:\\\/\\\/valenciasjb.salesianos.edu\\\/colegio\\\/el-colegio-celebra-la-semana-de-orientacion-vocacional\\\/#primaryimage\"},\"image\":{\"@id\":\"https:\\\/\\\/valenciasjb.salesianos.edu\\\/colegio\\\/el-colegio-celebra-la-semana-de-orientacion-vocacional\\\/#primaryimage\"},\"thumbnailUrl\":\"https:\\\/\\\/valenciasjb.salesianos.edu\\\/colegio\\\/wp-content\\\/uploads\\\/sites\\\/2\\\/2018\\\/11\\\/IMG-20181026-WA0012.jpg\",\"datePublished\":\"2018-11-02T20:10:10+00:00\",\"dateModified\":\"2018-11-02T20:14:25+00:00\",\"author\":{\"@id\":\"https:\\\/\\\/valenciasjb.salesianos.edu\\\/colegio\\\/#\\\/schema\\\/person\\\/1f45b67e52b27da175190a574db6bed9\"},\"breadcrumb\":{\"@id\":\"https:\\\/\\\/valenciasjb.salesianos.edu\\\/colegio\\\/el-colegio-celebra-la-semana-de-orientacion-vocacional\\\/#breadcrumb\"},\"inLanguage\":\"es\",\"potentialAction\":[{\"@type\":\"ReadAction\",\"target\":[\"https:\\\/\\\/valenciasjb.salesianos.edu\\\/colegio\\\/el-colegio-celebra-la-semana-de-orientacion-vocacional\\\/\"]}]},{\"@type\":\"ImageObject\",\"inLanguage\":\"es\",\"@id\":\"https:\\\/\\\/valenciasjb.salesianos.edu\\\/colegio\\\/el-colegio-celebra-la-semana-de-orientacion-vocacional\\\/#primaryimage\",\"url\":\"https:\\\/\\\/valenciasjb.salesianos.edu\\\/colegio\\\/wp-content\\\/uploads\\\/sites\\\/2\\\/2018\\\/11\\\/IMG-20181026-WA0012.jpg\",\"contentUrl\":\"https:\\\/\\\/valenciasjb.salesianos.edu\\\/colegio\\\/wp-content\\\/uploads\\\/sites\\\/2\\\/2018\\\/11\\\/IMG-20181026-WA0012.jpg\",\"width\":1600,\"height\":898},{\"@type\":\"BreadcrumbList\",\"@id\":\"https:\\\/\\\/valenciasjb.salesianos.edu\\\/colegio\\\/el-colegio-celebra-la-semana-de-orientacion-vocacional\\\/#breadcrumb\",\"itemListElement\":[{\"@type\":\"ListItem\",\"position\":1,\"name\":\"Portada\",\"item\":\"https:\\\/\\\/valenciasjb.salesianos.edu\\\/colegio\\\/\"},{\"@type\":\"ListItem\",\"position\":2,\"name\":\"El colegio celebra la Semana de Orientaci\u00f3n Vocacional\"}]},{\"@type\":\"WebSite\",\"@id\":\"https:\\\/\\\/valenciasjb.salesianos.edu\\\/colegio\\\/#website\",\"url\":\"https:\\\/\\\/valenciasjb.salesianos.edu\\\/colegio\\\/\",\"name\":\"Colegio San Juan Bosco Valencia\",\"description\":\"P\u00e1gina oficial del Colegio Salesianos San Juan Bosco Valencia\",\"alternateName\":\"Salesianos.VSJB\",\"potentialAction\":[{\"@type\":\"SearchAction\",\"target\":{\"@type\":\"EntryPoint\",\"urlTemplate\":\"https:\\\/\\\/valenciasjb.salesianos.edu\\\/colegio\\\/?s={search_term_string}\"},\"query-input\":{\"@type\":\"PropertyValueSpecification\",\"valueRequired\":true,\"valueName\":\"search_term_string\"}}],\"inLanguage\":\"es\"},{\"@type\":\"Person\",\"@id\":\"https:\\\/\\\/valenciasjb.salesianos.edu\\\/colegio\\\/#\\\/schema\\\/person\\\/1f45b67e52b27da175190a574db6bed9\",\"name\":\"veronicapastor\",\"image\":{\"@type\":\"ImageObject\",\"inLanguage\":\"es\",\"@id\":\"https:\\\/\\\/secure.gravatar.com\\\/avatar\\\/e29bd40bace3fd935e1d6fdb7313ffc14628cc037c5e16f4c7369b20a2a6f7f0?s=96&d=mm&r=g\",\"url\":\"https:\\\/\\\/secure.gravatar.com\\\/avatar\\\/e29bd40bace3fd935e1d6fdb7313ffc14628cc037c5e16f4c7369b20a2a6f7f0?s=96&d=mm&r=g\",\"contentUrl\":\"https:\\\/\\\/secure.gravatar.com\\\/avatar\\\/e29bd40bace3fd935e1d6fdb7313ffc14628cc037c5e16f4c7369b20a2a6f7f0?s=96&d=mm&r=g\",\"caption\":\"veronicapastor\"}}]}<\/script>\n<!-- \/ Yoast SEO plugin. -->","yoast_head_json":{"title":"El colegio celebra la Semana de Orientaci\u00f3n Vocacional - Colegio San Juan Bosco Valencia","robots":{"index":"index","follow":"follow","max-snippet":"max-snippet:-1","max-image-preview":"max-image-preview:large","max-video-preview":"max-video-preview:-1"},"canonical":"https:\/\/valenciasjb.salesianos.edu\/colegio\/el-colegio-celebra-la-semana-de-orientacion-vocacional\/","og_locale":"es_ES","og_type":"article","og_title":"El colegio celebra la Semana de Orientaci\u00f3n Vocacional - Colegio San Juan Bosco Valencia","og_description":"La pasada semana, del 22 al 26 de octubre, fue una semana dedicada a la Orientaci\u00f3n Vocacional. El valor de ser feliz en tu camino de vida, el autoconocimiento, conciencia social, toma de decisiones, son las dimensiones que se pretenden abordar en esta semana que a\u00f1o tras a\u00f1o cobra m\u00e1s identidad. Equipo Departamento de Orientaci\u00f3n. [&hellip;]","og_url":"https:\/\/valenciasjb.salesianos.edu\/colegio\/el-colegio-celebra-la-semana-de-orientacion-vocacional\/","og_site_name":"Colegio San Juan Bosco Valencia","article_publisher":"https:\/\/www.facebook.com\/ColegioSalesianoSanJuanBoscoValencia","article_published_time":"2018-11-02T20:10:10+00:00","article_modified_time":"2018-11-02T20:14:25+00:00","og_image":[{"width":1600,"height":898,"url":"https:\/\/valenciasjb.salesianos.edu\/colegio\/wp-content\/uploads\/sites\/2\/2018\/11\/IMG-20181026-WA0012.jpg","type":"image\/jpeg"}],"author":"veronicapastor","twitter_card":"summary_large_image","twitter_creator":"@SalesianosVSJB","twitter_site":"@SalesianosVSJB","twitter_misc":{"Escrito por":"veronicapastor","Tiempo de lectura":"4 minutos"},"schema":{"@context":"https:\/\/schema.org","@graph":[{"@type":"Article","@id":"https:\/\/valenciasjb.salesianos.edu\/colegio\/el-colegio-celebra-la-semana-de-orientacion-vocacional\/#article","isPartOf":{"@id":"https:\/\/valenciasjb.salesianos.edu\/colegio\/el-colegio-celebra-la-semana-de-orientacion-vocacional\/"},"author":{"name":"veronicapastor","@id":"https:\/\/valenciasjb.salesianos.edu\/colegio\/#\/schema\/person\/1f45b67e52b27da175190a574db6bed9"},"headline":"El colegio celebra la Semana de Orientaci\u00f3n Vocacional","datePublished":"2018-11-02T20:10:10+00:00","dateModified":"2018-11-02T20:14:25+00:00","mainEntityOfPage":{"@id":"https:\/\/valenciasjb.salesianos.edu\/colegio\/el-colegio-celebra-la-semana-de-orientacion-vocacional\/"},"wordCount":791,"image":{"@id":"https:\/\/valenciasjb.salesianos.edu\/colegio\/el-colegio-celebra-la-semana-de-orientacion-vocacional\/#primaryimage"},"thumbnailUrl":"https:\/\/valenciasjb.salesianos.edu\/colegio\/wp-content\/uploads\/sites\/2\/2018\/11\/IMG-20181026-WA0012.jpg","articleSection":["Noticia Colegio"],"inLanguage":"es"},{"@type":"WebPage","@id":"https:\/\/valenciasjb.salesianos.edu\/colegio\/el-colegio-celebra-la-semana-de-orientacion-vocacional\/","url":"https:\/\/valenciasjb.salesianos.edu\/colegio\/el-colegio-celebra-la-semana-de-orientacion-vocacional\/","name":"El colegio celebra la Semana de Orientaci\u00f3n Vocacional - Colegio San Juan Bosco Valencia","isPartOf":{"@id":"https:\/\/valenciasjb.salesianos.edu\/colegio\/#website"},"primaryImageOfPage":{"@id":"https:\/\/valenciasjb.salesianos.edu\/colegio\/el-colegio-celebra-la-semana-de-orientacion-vocacional\/#primaryimage"},"image":{"@id":"https:\/\/valenciasjb.salesianos.edu\/colegio\/el-colegio-celebra-la-semana-de-orientacion-vocacional\/#primaryimage"},"thumbnailUrl":"https:\/\/valenciasjb.salesianos.edu\/colegio\/wp-content\/uploads\/sites\/2\/2018\/11\/IMG-20181026-WA0012.jpg","datePublished":"2018-11-02T20:10:10+00:00","dateModified":"2018-11-02T20:14:25+00:00","author":{"@id":"https:\/\/valenciasjb.salesianos.edu\/colegio\/#\/schema\/person\/1f45b67e52b27da175190a574db6bed9"},"breadcrumb":{"@id":"https:\/\/valenciasjb.salesianos.edu\/colegio\/el-colegio-celebra-la-semana-de-orientacion-vocacional\/#breadcrumb"},"inLanguage":"es","potentialAction":[{"@type":"ReadAction","target":["https:\/\/valenciasjb.salesianos.edu\/colegio\/el-colegio-celebra-la-semana-de-orientacion-vocacional\/"]}]},{"@type":"ImageObject","inLanguage":"es","@id":"https:\/\/valenciasjb.salesianos.edu\/colegio\/el-colegio-celebra-la-semana-de-orientacion-vocacional\/#primaryimage","url":"https:\/\/valenciasjb.salesianos.edu\/colegio\/wp-content\/uploads\/sites\/2\/2018\/11\/IMG-20181026-WA0012.jpg","contentUrl":"https:\/\/valenciasjb.salesianos.edu\/colegio\/wp-content\/uploads\/sites\/2\/2018\/11\/IMG-20181026-WA0012.jpg","width":1600,"height":898},{"@type":"BreadcrumbList","@id":"https:\/\/valenciasjb.salesianos.edu\/colegio\/el-colegio-celebra-la-semana-de-orientacion-vocacional\/#breadcrumb","itemListElement":[{"@type":"ListItem","position":1,"name":"Portada","item":"https:\/\/valenciasjb.salesianos.edu\/colegio\/"},{"@type":"ListItem","position":2,"name":"El colegio celebra la Semana de Orientaci\u00f3n Vocacional"}]},{"@type":"WebSite","@id":"https:\/\/valenciasjb.salesianos.edu\/colegio\/#website","url":"https:\/\/valenciasjb.salesianos.edu\/colegio\/","name":"Colegio San Juan Bosco Valencia","description":"P\u00e1gina oficial del Colegio Salesianos San Juan Bosco Valencia","alternateName":"Salesianos.VSJB","potentialAction":[{"@type":"SearchAction","target":{"@type":"EntryPoint","urlTemplate":"https:\/\/valenciasjb.salesianos.edu\/colegio\/?s={search_term_string}"},"query-input":{"@type":"PropertyValueSpecification","valueRequired":true,"valueName":"search_term_string"}}],"inLanguage":"es"},{"@type":"Person","@id":"https:\/\/valenciasjb.salesianos.edu\/colegio\/#\/schema\/person\/1f45b67e52b27da175190a574db6bed9","name":"veronicapastor","image":{"@type":"ImageObject","inLanguage":"es","@id":"https:\/\/secure.gravatar.com\/avatar\/e29bd40bace3fd935e1d6fdb7313ffc14628cc037c5e16f4c7369b20a2a6f7f0?s=96&d=mm&r=g","url":"https:\/\/secure.gravatar.com\/avatar\/e29bd40bace3fd935e1d6fdb7313ffc14628cc037c5e16f4c7369b20a2a6f7f0?s=96&d=mm&r=g","contentUrl":"https:\/\/secure.gravatar.com\/avatar\/e29bd40bace3fd935e1d6fdb7313ffc14628cc037c5e16f4c7369b20a2a6f7f0?s=96&d=mm&r=g","caption":"veronicapastor"}}]}},"_links":{"self":[{"href":"https:\/\/valenciasjb.salesianos.edu\/colegio\/wp-json\/wp\/v2\/posts\/9836","targetHints":{"allow":["GET"]}}],"collection":[{"href":"https:\/\/valenciasjb.salesianos.edu\/colegio\/wp-json\/wp\/v2\/posts"}],"about":[{"href":"https:\/\/valenciasjb.salesianos.edu\/colegio\/wp-json\/wp\/v2\/types\/post"}],"author":[{"embeddable":true,"href":"https:\/\/valenciasjb.salesianos.edu\/colegio\/wp-json\/wp\/v2\/users\/6"}],"replies":[{"embeddable":true,"href":"https:\/\/valenciasjb.salesianos.edu\/colegio\/wp-json\/wp\/v2\/comments?post=9836"}],"version-history":[{"count":2,"href":"https:\/\/valenciasjb.salesianos.edu\/colegio\/wp-json\/wp\/v2\/posts\/9836\/revisions"}],"predecessor-version":[{"id":9846,"href":"https:\/\/valenciasjb.salesianos.edu\/colegio\/wp-json\/wp\/v2\/posts\/9836\/revisions\/9846"}],"wp:featuredmedia":[{"embeddable":true,"href":"https:\/\/valenciasjb.salesianos.edu\/colegio\/wp-json\/wp\/v2\/media\/9840"}],"wp:attachment":[{"href":"https:\/\/valenciasjb.salesianos.edu\/colegio\/wp-json\/wp\/v2\/media?parent=9836"}],"wp:term":[{"taxonomy":"category","embeddable":true,"href":"https:\/\/valenciasjb.salesianos.edu\/colegio\/wp-json\/wp\/v2\/categories?post=9836"},{"taxonomy":"post_tag","embeddable":true,"href":"https:\/\/valenciasjb.salesianos.edu\/colegio\/wp-json\/wp\/v2\/tags?post=9836"}],"curies":[{"name":"wp","href":"https:\/\/api.w.org\/{rel}","templated":true}]}}