{"id":9853,"date":"2018-11-09T22:47:01","date_gmt":"2018-11-09T21:47:01","guid":{"rendered":"https:\/\/valenciasjb.salesianos.edu\/colegio\/?p=9853"},"modified":"2018-11-09T22:47:01","modified_gmt":"2018-11-09T21:47:01","slug":"infantil-pone-en-marcha-la-nueva-metodologia-abn","status":"publish","type":"post","link":"https:\/\/valenciasjb.salesianos.edu\/colegio\/infantil-pone-en-marcha-la-nueva-metodologia-abn\/","title":{"rendered":"Infantil pone en marcha la nueva metodolog\u00eda  ABN"},"content":{"rendered":"<div id=\"fb-root\"><\/div>\n<p>[et_pb_section bb_built=\u00bb1&#8243; admin_label=\u00bbsection\u00bb][et_pb_row admin_label=\u00bbrow\u00bb background_position=\u00bbtop_left\u00bb background_repeat=\u00bbrepeat\u00bb background_size=\u00bbinitial\u00bb][et_pb_column type=\u00bb4_4&#8243;][et_pb_text admin_label=\u00bbEntradilla (Texto)\u00bb _builder_version=\u00bb3.0.105&#8243; background_layout=\u00bblight\u00bb text_orientation=\u00bbjustified\u00bb text_font=\u00bb|on|||\u00bb module_alignment=\u00bbleft\u00bb]<\/p>\n<div id=\"resumen\"><strong>Nuestro alumnado de Infantil disfruta aprendiendo con el nuevo m\u00e9todo de ense\u00f1anza de las matem\u00e1ticas. En este nuevo curso, nuestros ni\u00f1os y ni\u00f1as aprenden\u00a0 las matem\u00e1ticas con el m\u00e9todo ABN o M\u00e9todo del Algoritmo Basado en N\u00fameros. <\/strong><\/div>\n<div><\/div>\n<p>[\/et_pb_text][et_pb_text admin_label=\u00bbAutor (Texto)\u00bb _builder_version=\u00bb3.0.105&#8243; background_layout=\u00bblight\u00bb text_font=\u00bb||on||\u00bb]<\/p>\n<p>Lourdes Muli\u00f3. Maestra Educaci\u00f3n Infantil.<\/p>\n<p>[\/et_pb_text][et_pb_text admin_label=\u00bbDesarrollo (Texto)\u00bb _builder_version=\u00bb3.0.105&#8243; background_layout=\u00bblight\u00bb text_orientation=\u00bbjustified\u00bb module_alignment=\u00bbleft\u00bb]<\/p>\n<p>Este m\u00e9todo fomenta el c\u00e1lculo mental a trav\u00e9s de la utilizaci\u00f3n de materiales y objetos cotidianos como botones, pinzas de la ropa, palillos, suelos de goma numerados del 0 al 9\u2026 Como metodolog\u00eda abierta y natural, los alumnos aprenden a su ritmo, con situaciones cercanas y materiales manipulables\u2026 colocando los n\u00fameros como quieren y calcul\u00e1ndonos correctamente.<\/p>\n<p>El autor del M\u00e9todo ABN es Jaime Mart\u00ednez Montero, maestro y doctor en Filosof\u00eda y Ciencias de la Educaci\u00f3n, que explica: \u201cLa idea de crearlo es m\u00e1s el resultado de toda una vida profesional en la que se ha trabajado con especial intensidad la did\u00e1ctica de las matem\u00e1ticas, que algo que se le ocurre a uno de repente\u201d.<\/p>\n<p>Lo que caracteriza a esta metodolog\u00eda de ense\u00f1anza es su car\u00e1cter abierto-es posible dar con la soluci\u00f3n correcta de diferentes maneras- y el hecho de que la base sobre la que trabaja el alumnado son los n\u00fameros, donde las unidades, las decenas, las centenas\u2026 se componen y se descomponen libremente sin aplicar una determinada regla o criterio para su resoluci\u00f3n final.<\/p>\n<p>Gracias a esta metodolog\u00eda se consigue una actitud muy positiva ante el aprendizaje de las matem\u00e1ticas, la capacidad para la resoluci\u00f3n de problemas se duplica,\u00a0 el rendimiento escolar y la capacidad para realizar operaciones de c\u00e1lculo mental mejora y \u00a0lo m\u00e1s importante: los estudiantes entienden lo que est\u00e1n haciendo y explican su porqu\u00e9.<strong>\u00a0<\/strong><\/p>\n<p>[\/et_pb_text][et_pb_text admin_label=\u00bbT\u00edtulo: Galer\u00eda de fotos (Texto)\u00bb _builder_version=\u00bb3.0.76&#8243; background_layout=\u00bblight\u00bb text_font=\u00bb|on|||\u00bb text_text_color=\u00bb#dc001b\u00bb border_style=\u00bbsolid\u00bb disabled=\u00bboff\u00bb disabled_on=\u00bboff|on|on\u00bb]<\/p>\n<p>Galer\u00eda de im\u00e1genes<\/p>\n<p>[\/et_pb_text][et_pb_gallery _builder_version=\u00bb3.0.105&#8243; posts_number=\u00bb8&#8243; show_title_and_caption=\u00bboff\u00bb show_pagination=\u00bbon\u00bb fullwidth=\u00bboff\u00bb orientation=\u00bblandscape\u00bb zoom_icon_color=\u00bb#dc001b\u00bb hover_overlay_color=\u00bbrgba(255,255,255,0.9)\u00bb hover_icon=\u00bb%%51%%\u00bb background_layout=\u00bblight\u00bb disabled=\u00bboff\u00bb disabled_on=\u00bboff|off|off\u00bb gallery_ids=\u00bb9854,9855,9856,9857,9858,9859,9860,9861&#8243; pagination_font_size_tablet=\u00bb51&#8243; pagination_line_height_tablet=\u00bb2&#8243; \/][et_pb_video _builder_version=\u00bb3.0.51&#8243; disabled=\u00bbon\u00bb disabled_on=\u00bbon|on|on\u00bb \/][\/et_pb_column][\/et_pb_row][\/et_pb_section]<\/p>\n<!-- AddThis Advanced Settings generic via filter on the_content --><!-- AddThis Share Buttons generic via filter on the_content -->","protected":false},"excerpt":{"rendered":"<p>Nuestro alumnado de Infantil disfruta aprendiendo con el nuevo m\u00e9todo de ense\u00f1anza de las matem\u00e1ticas. En este nuevo curso, nuestros ni\u00f1os y ni\u00f1as aprenden\u00a0 las matem\u00e1ticas con el m\u00e9todo ABN o M\u00e9todo del Algoritmo Basado en N\u00fameros. Lourdes Muli\u00f3. Maestra Educaci\u00f3n Infantil. Este m\u00e9todo fomenta el c\u00e1lculo mental a trav\u00e9s de la utilizaci\u00f3n de materiales [&hellip;]<\/p>\n<p><!-- AddThis Advanced Settings generic via filter on get_the_excerpt --><!-- AddThis Share Buttons generic via filter on get_the_excerpt --><\/p>\n","protected":false},"author":6,"featured_media":9862,"comment_status":"closed","ping_status":"open","sticky":false,"template":"","format":"standard","meta":{"_et_pb_use_builder":"on","_et_pb_old_content":"","_et_gb_content_width":"","footnotes":""},"categories":[14],"tags":[],"class_list":["post-9853","post","type-post","status-publish","format-standard","has-post-thumbnail","hentry","category-noticia_colegio"],"yoast_head":"<!-- This site is optimized with the Yoast SEO plugin v28.4 - https:\/\/yoast.com\/product\/yoast-seo-wordpress\/ -->\n<title>Infantil pone en marcha la nueva metodolog\u00eda ABN - Colegio San Juan Bosco Valencia<\/title>\n<meta name=\"robots\" content=\"index, follow, max-snippet:-1, max-image-preview:large, max-video-preview:-1\" \/>\n<link rel=\"canonical\" href=\"https:\/\/valenciasjb.salesianos.edu\/colegio\/infantil-pone-en-marcha-la-nueva-metodologia-abn\/\" \/>\n<meta property=\"og:locale\" content=\"es_ES\" \/>\n<meta property=\"og:type\" content=\"article\" \/>\n<meta property=\"og:title\" content=\"Infantil pone en marcha la nueva metodolog\u00eda ABN - Colegio San Juan Bosco Valencia\" \/>\n<meta property=\"og:description\" content=\"Nuestro alumnado de Infantil disfruta aprendiendo con el nuevo m\u00e9todo de ense\u00f1anza de las matem\u00e1ticas. En este nuevo curso, nuestros ni\u00f1os y ni\u00f1as aprenden\u00a0 las matem\u00e1ticas con el m\u00e9todo ABN o M\u00e9todo del Algoritmo Basado en N\u00fameros. Lourdes Muli\u00f3. Maestra Educaci\u00f3n Infantil. Este m\u00e9todo fomenta el c\u00e1lculo mental a trav\u00e9s de la utilizaci\u00f3n de materiales [&hellip;]\" \/>\n<meta property=\"og:url\" content=\"https:\/\/valenciasjb.salesianos.edu\/colegio\/infantil-pone-en-marcha-la-nueva-metodologia-abn\/\" \/>\n<meta property=\"og:site_name\" content=\"Colegio San Juan Bosco Valencia\" \/>\n<meta property=\"article:publisher\" content=\"https:\/\/www.facebook.com\/ColegioSalesianoSanJuanBoscoValencia\" \/>\n<meta property=\"article:published_time\" content=\"2018-11-09T21:47:01+00:00\" \/>\n<meta property=\"og:image\" content=\"https:\/\/valenciasjb.salesianos.edu\/colegio\/wp-content\/uploads\/sites\/2\/2018\/11\/IMG_20181001_155637-1024x768.jpg\" \/>\n\t<meta property=\"og:image:width\" content=\"1024\" \/>\n\t<meta property=\"og:image:height\" content=\"768\" \/>\n\t<meta property=\"og:image:type\" content=\"image\/jpeg\" \/>\n<meta name=\"author\" content=\"veronicapastor\" \/>\n<meta name=\"twitter:card\" content=\"summary_large_image\" \/>\n<meta name=\"twitter:creator\" content=\"@SalesianosVSJB\" \/>\n<meta name=\"twitter:site\" content=\"@SalesianosVSJB\" \/>\n<meta name=\"twitter:label1\" content=\"Escrito por\" \/>\n\t<meta name=\"twitter:data1\" content=\"veronicapastor\" \/>\n\t<meta name=\"twitter:label2\" content=\"Tiempo de lectura\" \/>\n\t<meta name=\"twitter:data2\" content=\"3 minutos\" \/>\n<script type=\"application\/ld+json\" class=\"yoast-schema-graph\">{\"@context\":\"https:\\\/\\\/schema.org\",\"@graph\":[{\"@type\":\"Article\",\"@id\":\"https:\\\/\\\/valenciasjb.salesianos.edu\\\/colegio\\\/infantil-pone-en-marcha-la-nueva-metodologia-abn\\\/#article\",\"isPartOf\":{\"@id\":\"https:\\\/\\\/valenciasjb.salesianos.edu\\\/colegio\\\/infantil-pone-en-marcha-la-nueva-metodologia-abn\\\/\"},\"author\":{\"name\":\"veronicapastor\",\"@id\":\"https:\\\/\\\/valenciasjb.salesianos.edu\\\/colegio\\\/#\\\/schema\\\/person\\\/1f45b67e52b27da175190a574db6bed9\"},\"headline\":\"Infantil pone en marcha la nueva metodolog\u00eda ABN\",\"datePublished\":\"2018-11-09T21:47:01+00:00\",\"mainEntityOfPage\":{\"@id\":\"https:\\\/\\\/valenciasjb.salesianos.edu\\\/colegio\\\/infantil-pone-en-marcha-la-nueva-metodologia-abn\\\/\"},\"wordCount\":518,\"image\":{\"@id\":\"https:\\\/\\\/valenciasjb.salesianos.edu\\\/colegio\\\/infantil-pone-en-marcha-la-nueva-metodologia-abn\\\/#primaryimage\"},\"thumbnailUrl\":\"https:\\\/\\\/valenciasjb.salesianos.edu\\\/colegio\\\/wp-content\\\/uploads\\\/sites\\\/2\\\/2018\\\/11\\\/IMG_20181001_155637.jpg\",\"articleSection\":[\"Noticia Colegio\"],\"inLanguage\":\"es\"},{\"@type\":\"WebPage\",\"@id\":\"https:\\\/\\\/valenciasjb.salesianos.edu\\\/colegio\\\/infantil-pone-en-marcha-la-nueva-metodologia-abn\\\/\",\"url\":\"https:\\\/\\\/valenciasjb.salesianos.edu\\\/colegio\\\/infantil-pone-en-marcha-la-nueva-metodologia-abn\\\/\",\"name\":\"Infantil pone en marcha la nueva metodolog\u00eda ABN - Colegio San Juan Bosco Valencia\",\"isPartOf\":{\"@id\":\"https:\\\/\\\/valenciasjb.salesianos.edu\\\/colegio\\\/#website\"},\"primaryImageOfPage\":{\"@id\":\"https:\\\/\\\/valenciasjb.salesianos.edu\\\/colegio\\\/infantil-pone-en-marcha-la-nueva-metodologia-abn\\\/#primaryimage\"},\"image\":{\"@id\":\"https:\\\/\\\/valenciasjb.salesianos.edu\\\/colegio\\\/infantil-pone-en-marcha-la-nueva-metodologia-abn\\\/#primaryimage\"},\"thumbnailUrl\":\"https:\\\/\\\/valenciasjb.salesianos.edu\\\/colegio\\\/wp-content\\\/uploads\\\/sites\\\/2\\\/2018\\\/11\\\/IMG_20181001_155637.jpg\",\"datePublished\":\"2018-11-09T21:47:01+00:00\",\"author\":{\"@id\":\"https:\\\/\\\/valenciasjb.salesianos.edu\\\/colegio\\\/#\\\/schema\\\/person\\\/1f45b67e52b27da175190a574db6bed9\"},\"breadcrumb\":{\"@id\":\"https:\\\/\\\/valenciasjb.salesianos.edu\\\/colegio\\\/infantil-pone-en-marcha-la-nueva-metodologia-abn\\\/#breadcrumb\"},\"inLanguage\":\"es\",\"potentialAction\":[{\"@type\":\"ReadAction\",\"target\":[\"https:\\\/\\\/valenciasjb.salesianos.edu\\\/colegio\\\/infantil-pone-en-marcha-la-nueva-metodologia-abn\\\/\"]}]},{\"@type\":\"ImageObject\",\"inLanguage\":\"es\",\"@id\":\"https:\\\/\\\/valenciasjb.salesianos.edu\\\/colegio\\\/infantil-pone-en-marcha-la-nueva-metodologia-abn\\\/#primaryimage\",\"url\":\"https:\\\/\\\/valenciasjb.salesianos.edu\\\/colegio\\\/wp-content\\\/uploads\\\/sites\\\/2\\\/2018\\\/11\\\/IMG_20181001_155637.jpg\",\"contentUrl\":\"https:\\\/\\\/valenciasjb.salesianos.edu\\\/colegio\\\/wp-content\\\/uploads\\\/sites\\\/2\\\/2018\\\/11\\\/IMG_20181001_155637.jpg\",\"width\":4160,\"height\":3120,\"caption\":\"dav\"},{\"@type\":\"BreadcrumbList\",\"@id\":\"https:\\\/\\\/valenciasjb.salesianos.edu\\\/colegio\\\/infantil-pone-en-marcha-la-nueva-metodologia-abn\\\/#breadcrumb\",\"itemListElement\":[{\"@type\":\"ListItem\",\"position\":1,\"name\":\"Portada\",\"item\":\"https:\\\/\\\/valenciasjb.salesianos.edu\\\/colegio\\\/\"},{\"@type\":\"ListItem\",\"position\":2,\"name\":\"Infantil pone en marcha la nueva metodolog\u00eda ABN\"}]},{\"@type\":\"WebSite\",\"@id\":\"https:\\\/\\\/valenciasjb.salesianos.edu\\\/colegio\\\/#website\",\"url\":\"https:\\\/\\\/valenciasjb.salesianos.edu\\\/colegio\\\/\",\"name\":\"Colegio San Juan Bosco Valencia\",\"description\":\"P\u00e1gina oficial del Colegio Salesianos San Juan Bosco Valencia\",\"alternateName\":\"Salesianos.VSJB\",\"potentialAction\":[{\"@type\":\"SearchAction\",\"target\":{\"@type\":\"EntryPoint\",\"urlTemplate\":\"https:\\\/\\\/valenciasjb.salesianos.edu\\\/colegio\\\/?s={search_term_string}\"},\"query-input\":{\"@type\":\"PropertyValueSpecification\",\"valueRequired\":true,\"valueName\":\"search_term_string\"}}],\"inLanguage\":\"es\"},{\"@type\":\"Person\",\"@id\":\"https:\\\/\\\/valenciasjb.salesianos.edu\\\/colegio\\\/#\\\/schema\\\/person\\\/1f45b67e52b27da175190a574db6bed9\",\"name\":\"veronicapastor\",\"image\":{\"@type\":\"ImageObject\",\"inLanguage\":\"es\",\"@id\":\"https:\\\/\\\/secure.gravatar.com\\\/avatar\\\/e29bd40bace3fd935e1d6fdb7313ffc14628cc037c5e16f4c7369b20a2a6f7f0?s=96&d=mm&r=g\",\"url\":\"https:\\\/\\\/secure.gravatar.com\\\/avatar\\\/e29bd40bace3fd935e1d6fdb7313ffc14628cc037c5e16f4c7369b20a2a6f7f0?s=96&d=mm&r=g\",\"contentUrl\":\"https:\\\/\\\/secure.gravatar.com\\\/avatar\\\/e29bd40bace3fd935e1d6fdb7313ffc14628cc037c5e16f4c7369b20a2a6f7f0?s=96&d=mm&r=g\",\"caption\":\"veronicapastor\"}}]}<\/script>\n<!-- \/ Yoast SEO plugin. -->","yoast_head_json":{"title":"Infantil pone en marcha la nueva metodolog\u00eda ABN - Colegio San Juan Bosco Valencia","robots":{"index":"index","follow":"follow","max-snippet":"max-snippet:-1","max-image-preview":"max-image-preview:large","max-video-preview":"max-video-preview:-1"},"canonical":"https:\/\/valenciasjb.salesianos.edu\/colegio\/infantil-pone-en-marcha-la-nueva-metodologia-abn\/","og_locale":"es_ES","og_type":"article","og_title":"Infantil pone en marcha la nueva metodolog\u00eda ABN - Colegio San Juan Bosco Valencia","og_description":"Nuestro alumnado de Infantil disfruta aprendiendo con el nuevo m\u00e9todo de ense\u00f1anza de las matem\u00e1ticas. En este nuevo curso, nuestros ni\u00f1os y ni\u00f1as aprenden\u00a0 las matem\u00e1ticas con el m\u00e9todo ABN o M\u00e9todo del Algoritmo Basado en N\u00fameros. Lourdes Muli\u00f3. Maestra Educaci\u00f3n Infantil. Este m\u00e9todo fomenta el c\u00e1lculo mental a trav\u00e9s de la utilizaci\u00f3n de materiales [&hellip;]","og_url":"https:\/\/valenciasjb.salesianos.edu\/colegio\/infantil-pone-en-marcha-la-nueva-metodologia-abn\/","og_site_name":"Colegio San Juan Bosco Valencia","article_publisher":"https:\/\/www.facebook.com\/ColegioSalesianoSanJuanBoscoValencia","article_published_time":"2018-11-09T21:47:01+00:00","og_image":[{"width":1024,"height":768,"url":"https:\/\/valenciasjb.salesianos.edu\/colegio\/wp-content\/uploads\/sites\/2\/2018\/11\/IMG_20181001_155637-1024x768.jpg","type":"image\/jpeg"}],"author":"veronicapastor","twitter_card":"summary_large_image","twitter_creator":"@SalesianosVSJB","twitter_site":"@SalesianosVSJB","twitter_misc":{"Escrito por":"veronicapastor","Tiempo de lectura":"3 minutos"},"schema":{"@context":"https:\/\/schema.org","@graph":[{"@type":"Article","@id":"https:\/\/valenciasjb.salesianos.edu\/colegio\/infantil-pone-en-marcha-la-nueva-metodologia-abn\/#article","isPartOf":{"@id":"https:\/\/valenciasjb.salesianos.edu\/colegio\/infantil-pone-en-marcha-la-nueva-metodologia-abn\/"},"author":{"name":"veronicapastor","@id":"https:\/\/valenciasjb.salesianos.edu\/colegio\/#\/schema\/person\/1f45b67e52b27da175190a574db6bed9"},"headline":"Infantil pone en marcha la nueva metodolog\u00eda ABN","datePublished":"2018-11-09T21:47:01+00:00","mainEntityOfPage":{"@id":"https:\/\/valenciasjb.salesianos.edu\/colegio\/infantil-pone-en-marcha-la-nueva-metodologia-abn\/"},"wordCount":518,"image":{"@id":"https:\/\/valenciasjb.salesianos.edu\/colegio\/infantil-pone-en-marcha-la-nueva-metodologia-abn\/#primaryimage"},"thumbnailUrl":"https:\/\/valenciasjb.salesianos.edu\/colegio\/wp-content\/uploads\/sites\/2\/2018\/11\/IMG_20181001_155637.jpg","articleSection":["Noticia Colegio"],"inLanguage":"es"},{"@type":"WebPage","@id":"https:\/\/valenciasjb.salesianos.edu\/colegio\/infantil-pone-en-marcha-la-nueva-metodologia-abn\/","url":"https:\/\/valenciasjb.salesianos.edu\/colegio\/infantil-pone-en-marcha-la-nueva-metodologia-abn\/","name":"Infantil pone en marcha la nueva metodolog\u00eda ABN - Colegio San Juan Bosco Valencia","isPartOf":{"@id":"https:\/\/valenciasjb.salesianos.edu\/colegio\/#website"},"primaryImageOfPage":{"@id":"https:\/\/valenciasjb.salesianos.edu\/colegio\/infantil-pone-en-marcha-la-nueva-metodologia-abn\/#primaryimage"},"image":{"@id":"https:\/\/valenciasjb.salesianos.edu\/colegio\/infantil-pone-en-marcha-la-nueva-metodologia-abn\/#primaryimage"},"thumbnailUrl":"https:\/\/valenciasjb.salesianos.edu\/colegio\/wp-content\/uploads\/sites\/2\/2018\/11\/IMG_20181001_155637.jpg","datePublished":"2018-11-09T21:47:01+00:00","author":{"@id":"https:\/\/valenciasjb.salesianos.edu\/colegio\/#\/schema\/person\/1f45b67e52b27da175190a574db6bed9"},"breadcrumb":{"@id":"https:\/\/valenciasjb.salesianos.edu\/colegio\/infantil-pone-en-marcha-la-nueva-metodologia-abn\/#breadcrumb"},"inLanguage":"es","potentialAction":[{"@type":"ReadAction","target":["https:\/\/valenciasjb.salesianos.edu\/colegio\/infantil-pone-en-marcha-la-nueva-metodologia-abn\/"]}]},{"@type":"ImageObject","inLanguage":"es","@id":"https:\/\/valenciasjb.salesianos.edu\/colegio\/infantil-pone-en-marcha-la-nueva-metodologia-abn\/#primaryimage","url":"https:\/\/valenciasjb.salesianos.edu\/colegio\/wp-content\/uploads\/sites\/2\/2018\/11\/IMG_20181001_155637.jpg","contentUrl":"https:\/\/valenciasjb.salesianos.edu\/colegio\/wp-content\/uploads\/sites\/2\/2018\/11\/IMG_20181001_155637.jpg","width":4160,"height":3120,"caption":"dav"},{"@type":"BreadcrumbList","@id":"https:\/\/valenciasjb.salesianos.edu\/colegio\/infantil-pone-en-marcha-la-nueva-metodologia-abn\/#breadcrumb","itemListElement":[{"@type":"ListItem","position":1,"name":"Portada","item":"https:\/\/valenciasjb.salesianos.edu\/colegio\/"},{"@type":"ListItem","position":2,"name":"Infantil pone en marcha la nueva metodolog\u00eda ABN"}]},{"@type":"WebSite","@id":"https:\/\/valenciasjb.salesianos.edu\/colegio\/#website","url":"https:\/\/valenciasjb.salesianos.edu\/colegio\/","name":"Colegio San Juan Bosco Valencia","description":"P\u00e1gina oficial del Colegio Salesianos San Juan Bosco Valencia","alternateName":"Salesianos.VSJB","potentialAction":[{"@type":"SearchAction","target":{"@type":"EntryPoint","urlTemplate":"https:\/\/valenciasjb.salesianos.edu\/colegio\/?s={search_term_string}"},"query-input":{"@type":"PropertyValueSpecification","valueRequired":true,"valueName":"search_term_string"}}],"inLanguage":"es"},{"@type":"Person","@id":"https:\/\/valenciasjb.salesianos.edu\/colegio\/#\/schema\/person\/1f45b67e52b27da175190a574db6bed9","name":"veronicapastor","image":{"@type":"ImageObject","inLanguage":"es","@id":"https:\/\/secure.gravatar.com\/avatar\/e29bd40bace3fd935e1d6fdb7313ffc14628cc037c5e16f4c7369b20a2a6f7f0?s=96&d=mm&r=g","url":"https:\/\/secure.gravatar.com\/avatar\/e29bd40bace3fd935e1d6fdb7313ffc14628cc037c5e16f4c7369b20a2a6f7f0?s=96&d=mm&r=g","contentUrl":"https:\/\/secure.gravatar.com\/avatar\/e29bd40bace3fd935e1d6fdb7313ffc14628cc037c5e16f4c7369b20a2a6f7f0?s=96&d=mm&r=g","caption":"veronicapastor"}}]}},"_links":{"self":[{"href":"https:\/\/valenciasjb.salesianos.edu\/colegio\/wp-json\/wp\/v2\/posts\/9853","targetHints":{"allow":["GET"]}}],"collection":[{"href":"https:\/\/valenciasjb.salesianos.edu\/colegio\/wp-json\/wp\/v2\/posts"}],"about":[{"href":"https:\/\/valenciasjb.salesianos.edu\/colegio\/wp-json\/wp\/v2\/types\/post"}],"author":[{"embeddable":true,"href":"https:\/\/valenciasjb.salesianos.edu\/colegio\/wp-json\/wp\/v2\/users\/6"}],"replies":[{"embeddable":true,"href":"https:\/\/valenciasjb.salesianos.edu\/colegio\/wp-json\/wp\/v2\/comments?post=9853"}],"version-history":[{"count":1,"href":"https:\/\/valenciasjb.salesianos.edu\/colegio\/wp-json\/wp\/v2\/posts\/9853\/revisions"}],"predecessor-version":[{"id":9863,"href":"https:\/\/valenciasjb.salesianos.edu\/colegio\/wp-json\/wp\/v2\/posts\/9853\/revisions\/9863"}],"wp:featuredmedia":[{"embeddable":true,"href":"https:\/\/valenciasjb.salesianos.edu\/colegio\/wp-json\/wp\/v2\/media\/9862"}],"wp:attachment":[{"href":"https:\/\/valenciasjb.salesianos.edu\/colegio\/wp-json\/wp\/v2\/media?parent=9853"}],"wp:term":[{"taxonomy":"category","embeddable":true,"href":"https:\/\/valenciasjb.salesianos.edu\/colegio\/wp-json\/wp\/v2\/categories?post=9853"},{"taxonomy":"post_tag","embeddable":true,"href":"https:\/\/valenciasjb.salesianos.edu\/colegio\/wp-json\/wp\/v2\/tags?post=9853"}],"curies":[{"name":"wp","href":"https:\/\/api.w.org\/{rel}","templated":true}]}}