{"id":9864,"date":"2018-11-10T00:10:40","date_gmt":"2018-11-09T23:10:40","guid":{"rendered":"https:\/\/valenciasjb.salesianos.edu\/colegio\/?p=9864"},"modified":"2018-11-10T08:34:06","modified_gmt":"2018-11-10T07:34:06","slug":"el-alumnado-de-la-asignatura-de-competencia-comunicativa-oral-inaugura-su-only-english-cafe","status":"publish","type":"post","link":"https:\/\/valenciasjb.salesianos.edu\/colegio\/el-alumnado-de-la-asignatura-de-competencia-comunicativa-oral-inaugura-su-only-english-cafe\/","title":{"rendered":"El alumnado de la asignatura de Competencia Comunicativa Oral inaugura su proyecto Only-English Caf\u00e9"},"content":{"rendered":"<div id=\"fb-root\"><\/div>\n<p>[et_pb_section bb_built=\u00bb1&#8243; admin_label=\u00bbsection\u00bb][et_pb_row admin_label=\u00bbrow\u00bb background_position=\u00bbtop_left\u00bb background_repeat=\u00bbrepeat\u00bb background_size=\u00bbinitial\u00bb][et_pb_column type=\u00bb4_4&#8243;][et_pb_text admin_label=\u00bbEntradilla (Texto)\u00bb _builder_version=\u00bb3.0.105&#8243; background_layout=\u00bblight\u00bb text_orientation=\u00bbjustified\u00bb text_font=\u00bb|on|||\u00bb module_alignment=\u00bbleft\u00bb]<\/p>\n<div id=\"resumen\">\n<p><span style=\"font-weight: 400\">La Conseller\u00eda de Educaci\u00f3n ha aumentado las sesiones dedicadas exclusivamente a la pr\u00e1ctica oral en la materia Primera Lengua Extranjera (ingl\u00e9s) para mejorar la competencia comunicativa oral del alumnado en esta lengua. Una de las medidas adoptadas ha sido introducir en los cursos de 3\u00ba y 4\u00ba de ESO una nueva asignatura denominada Competencia Comunicativa Oral (CCO).<\/span><\/p>\n<\/div>\n<div><\/div>\n<p>[\/et_pb_text][et_pb_text admin_label=\u00bbAutor (Texto)\u00bb _builder_version=\u00bb3.0.105&#8243; background_layout=\u00bblight\u00bb text_font=\u00bb||on||\u00bb]<\/p>\n<p>Ver\u00f3nica Pastor, Departamento de Lenguas Extranjeras.<\/p>\n<p>[\/et_pb_text][et_pb_text admin_label=\u00bbDesarrollo (Texto)\u00bb _builder_version=\u00bb3.0.105&#8243; background_layout=\u00bblight\u00bb text_orientation=\u00bbjustified\u00bb module_alignment=\u00bbleft\u00bb]<\/p>\n<p><span style=\"font-weight: 400\">Como el propio nombre de la asignatura indica, el objetivo de esta asignatura es que el alumnado mejore su competencia comunicativa oral en lengua inglesa por medio de la conversaci\u00f3n en esta lengua. Sin embargo, \u00bfc\u00f3mo conseguir que todo el alumnado hable el mayor tiempo posible (l\u00f3gicamente en ingl\u00e9s) en un ambiente distendido que le aporte confianza?<\/span><\/p>\n<p><span style=\"font-weight: 400\">A partir de esta pregunta es como surge el proyecto del \u201cOnly-English Caf\u00e9\u201d. Se basa en la idea de los \u201cEnglish Caf\u00e9s\u201d reales, o cafeter\u00edas a las que las personas, mientras se toman algo en un ambiente relajado, practican el ingl\u00e9s oral, bien con profesores expertos que trabajan en dichas cafeter\u00edas, o con iguales, por ejemplo estudiantes Erasmus con los que realizan intercambios de conversaci\u00f3n.<\/span><\/p>\n<p><span style=\"font-weight: 400\">Siguiendo esta idea, en la asignatura de \u201c<\/span><b>C<\/b><span style=\"font-weight: 400\">ompetencia <\/span><b>C<\/b><span style=\"font-weight: 400\">omunicativa <\/span><b>O<\/b><span style=\"font-weight: 400\">ral\u201d, creamos nuestro particular \u201c<\/span><b>C<\/b><span style=\"font-weight: 400\">ommunicative <\/span><b>C<\/b><span style=\"font-weight: 400\">ompetence <\/span><b>O<\/b><span style=\"font-weight: 400\">nly-English Caf\u00e9\u201d, tambi\u00e9n llamado \u201cOnly-English Caf\u00e9\u201d. Para ello, la clase se divide en equipos cooperativos heterog\u00e9neos (de 3 o 4 personas) en cuanto a niveles de lengua inglesa e inteligencias m\u00faltiples, de manera que unos aprenden de otros y se apoyan en las habilidades del resto del equipo. La metodolog\u00eda utilizada es Communicative Language Teaching (CLT). En clase s\u00f3lo se habla ingl\u00e9s y, para ello, el equipo firma al inicio de la evaluaci\u00f3n un contrato de \u201cOnly-English\u201d en el que indican qu\u00e9 porcentaje de tiempo se comprometen a hablar s\u00f3lo en ingl\u00e9s. Al final de la evaluaci\u00f3n autoevaluar\u00e1n hasta qu\u00e9 punto lo han conseguido.<\/span><\/p>\n<p><span style=\"font-weight: 400\">En clase se trabajan situaciones reales de \u201cdaily English\u201d, como hacer una reserva en un hotel, ir al aeropuerto, a una tienda, a un restaurante, hablar por tel\u00e9fono, conocer a una persona por primera vez, etc. Para ello, se realizan pre-actividades de listening y di\u00e1logos modelo, para luego pasar a la pr\u00e1ctica mediante di\u00e1logos improvisados o tambi\u00e9n ensayados a modo de <\/span><i><span style=\"font-weight: 400\">role play<\/span><\/i><span style=\"font-weight: 400\">. Los di\u00e1logos mejor preparados reciben el premio de que se realizan delante de los compa\u00f1eros, como en un \u201cTheatre caf\u00e9\u201d (Caf\u00e9 teatro). Tambi\u00e9n se preparan ex\u00e1menes oficiales. A2, Trinity, Cambridge, proporcionando al alumnado expresiones \u00fatiles y estructuras para poner en pr\u00e1ctica, primero dentro del equipo, con sus propios compa\u00f1eros y, despu\u00e9s, con el profesor para simular la situaci\u00f3n de \u201cexamen con un examinador\u201d.<\/span><\/p>\n<p><span style=\"font-weight: 400\">Asimismo, se incorporan elementos de gamificaci\u00f3n especialmente el \u00faltimo d\u00eda de la semana para potenciar todav\u00eda m\u00e1s la inteligencia emocional y el gusto por la lengua inglesa: juegos y concursos de lengua; potenciaci\u00f3n de la pronunciaci\u00f3n y aprendizaje de vocabulario espec\u00edfico a trav\u00e9s de v\u00eddeos, \u00a0pel\u00edculas, canciones, composici\u00f3n de raps, etc, liga de debates (\u201cOREO Debate League\u201d). Esta asignatura contribuye adem\u00e1s a la Educaci\u00f3n para la Transformaci\u00f3n Social, ya que el ingl\u00e9s puede ser una importante herramienta global para la transformaci\u00f3n del mundo y la sociedad. En este sentido, el alumnado de CCO se ha implicado directamente en la campa\u00f1a \u201cPrimero las \u00faltimas\u201d mediante la grabaci\u00f3n de un v\u00eddeo de apoyo a las ni\u00f1as de Sierra Leona del proyecto LOVE, un proyecto que los ha unido como grupo por un fin solidario y de justicia para ayudar a personas de su edad que se encuentran en riesgo. Este v\u00eddeo est\u00e1 en proceso de edici\u00f3n y se publicar\u00e1 pr\u00f3ximamente.<\/span><\/p>\n<p><span style=\"font-weight: 400\">Finalmente, inaugurado ya el \u201cOnly-English Caf\u00e9\u201d dentro de las clases, el siguiente paso era vivir la experiencia de estar en un English Caf\u00e9 real. Para ello, como actividad complementaria a la asignatura, el profesorado de CCO est\u00e1 organizando un Only-English Caf\u00e9 en la cafeter\u00eda del colegio, con la colaboraci\u00f3n de estudiantes Erasmus de diferentes nacionalidades. Adem\u00e1s de la creaci\u00f3n de grupos de conversaci\u00f3n voluntarios, para la pr\u00e1ctica del ingl\u00e9s fuera del aula.<\/span><\/p>\n<p><span style=\"font-weight: 400\">Con todo ello, esperamos que el alumnado disfrute con el uso de la lengua inglesa, en situaciones lo m\u00e1s reales y \u00fatiles posibles para su vida y ganen en confianza y fluidez, para que, como nos confesaron con gran alegr\u00eda unas alumnas al finalizar una de las clases de CCO, \u201ccontin\u00faen hablando en ingl\u00e9s sin darse cuenta\u201d al igual que lo har\u00edan en sus lenguas maternas.<\/span><\/p>\n<p>[\/et_pb_text][et_pb_text admin_label=\u00bbT\u00edtulo: Galer\u00eda de fotos (Texto)\u00bb _builder_version=\u00bb3.0.76&#8243; background_layout=\u00bblight\u00bb text_font=\u00bb|on|||\u00bb text_text_color=\u00bb#dc001b\u00bb border_style=\u00bbsolid\u00bb disabled=\u00bboff\u00bb disabled_on=\u00bboff|on|on\u00bb]<\/p>\n<p>Galer\u00eda de im\u00e1genes<\/p>\n<p>[\/et_pb_text][et_pb_gallery _builder_version=\u00bb3.0.105&#8243; posts_number=\u00bb8&#8243; show_title_and_caption=\u00bboff\u00bb show_pagination=\u00bbon\u00bb fullwidth=\u00bboff\u00bb orientation=\u00bblandscape\u00bb zoom_icon_color=\u00bb#dc001b\u00bb hover_overlay_color=\u00bbrgba(255,255,255,0.9)\u00bb hover_icon=\u00bb%%51%%\u00bb background_layout=\u00bblight\u00bb disabled=\u00bboff\u00bb disabled_on=\u00bboff|off|off\u00bb gallery_ids=\u00bb9865,9866,9867,9868,9869,9870,9871,9872&#8243; pagination_font_size_tablet=\u00bb51&#8243; pagination_line_height_tablet=\u00bb2&#8243; \/][et_pb_video _builder_version=\u00bb3.0.51&#8243; disabled=\u00bbon\u00bb disabled_on=\u00bbon|on|on\u00bb \/][\/et_pb_column][\/et_pb_row][\/et_pb_section]<\/p>\n<!-- AddThis Advanced Settings generic via filter on the_content --><!-- AddThis Share Buttons generic via filter on the_content -->","protected":false},"excerpt":{"rendered":"<p>La Conseller\u00eda de Educaci\u00f3n ha aumentado las sesiones dedicadas exclusivamente a la pr\u00e1ctica oral en la materia Primera Lengua Extranjera (ingl\u00e9s) para mejorar la competencia comunicativa oral del alumnado en esta lengua. Una de las medidas adoptadas ha sido introducir en los cursos de 3\u00ba y 4\u00ba de ESO una nueva asignatura denominada Competencia Comunicativa [&hellip;]<\/p>\n<p><!-- AddThis Advanced Settings generic via filter on get_the_excerpt --><!-- AddThis Share Buttons generic via filter on get_the_excerpt --><\/p>\n","protected":false},"author":6,"featured_media":9872,"comment_status":"closed","ping_status":"open","sticky":false,"template":"","format":"standard","meta":{"_et_pb_use_builder":"on","_et_pb_old_content":"","_et_gb_content_width":"","footnotes":""},"categories":[14],"tags":[],"class_list":["post-9864","post","type-post","status-publish","format-standard","has-post-thumbnail","hentry","category-noticia_colegio"],"yoast_head":"<!-- This site is optimized with the Yoast SEO plugin v28.4 - https:\/\/yoast.com\/product\/yoast-seo-wordpress\/ -->\n<title>El alumnado de la asignatura de Competencia Comunicativa Oral inaugura su proyecto Only-English Caf\u00e9 - Colegio San Juan Bosco Valencia<\/title>\n<meta name=\"robots\" content=\"index, follow, max-snippet:-1, max-image-preview:large, max-video-preview:-1\" \/>\n<link rel=\"canonical\" href=\"https:\/\/valenciasjb.salesianos.edu\/colegio\/el-alumnado-de-la-asignatura-de-competencia-comunicativa-oral-inaugura-su-only-english-cafe\/\" \/>\n<meta property=\"og:locale\" content=\"es_ES\" \/>\n<meta property=\"og:type\" content=\"article\" \/>\n<meta property=\"og:title\" content=\"El alumnado de la asignatura de Competencia Comunicativa Oral inaugura su proyecto Only-English Caf\u00e9 - Colegio San Juan Bosco Valencia\" \/>\n<meta property=\"og:description\" content=\"La Conseller\u00eda de Educaci\u00f3n ha aumentado las sesiones dedicadas exclusivamente a la pr\u00e1ctica oral en la materia Primera Lengua Extranjera (ingl\u00e9s) para mejorar la competencia comunicativa oral del alumnado en esta lengua. Una de las medidas adoptadas ha sido introducir en los cursos de 3\u00ba y 4\u00ba de ESO una nueva asignatura denominada Competencia Comunicativa [&hellip;]\" \/>\n<meta property=\"og:url\" content=\"https:\/\/valenciasjb.salesianos.edu\/colegio\/el-alumnado-de-la-asignatura-de-competencia-comunicativa-oral-inaugura-su-only-english-cafe\/\" \/>\n<meta property=\"og:site_name\" content=\"Colegio San Juan Bosco Valencia\" \/>\n<meta property=\"article:publisher\" content=\"https:\/\/www.facebook.com\/ColegioSalesianoSanJuanBoscoValencia\" \/>\n<meta property=\"article:published_time\" content=\"2018-11-09T23:10:40+00:00\" \/>\n<meta property=\"article:modified_time\" content=\"2018-11-10T07:34:06+00:00\" \/>\n<meta property=\"og:image\" content=\"https:\/\/valenciasjb.salesianos.edu\/colegio\/wp-content\/uploads\/sites\/2\/2018\/11\/20181004_090321-1024x768.jpg\" \/>\n\t<meta property=\"og:image:width\" content=\"1024\" \/>\n\t<meta property=\"og:image:height\" content=\"768\" \/>\n\t<meta property=\"og:image:type\" content=\"image\/jpeg\" \/>\n<meta name=\"author\" content=\"veronicapastor\" \/>\n<meta name=\"twitter:card\" content=\"summary_large_image\" \/>\n<meta name=\"twitter:creator\" content=\"@SalesianosVSJB\" \/>\n<meta name=\"twitter:site\" content=\"@SalesianosVSJB\" \/>\n<meta name=\"twitter:label1\" content=\"Escrito por\" \/>\n\t<meta name=\"twitter:data1\" content=\"veronicapastor\" \/>\n\t<meta name=\"twitter:label2\" content=\"Tiempo de lectura\" \/>\n\t<meta name=\"twitter:data2\" content=\"5 minutos\" \/>\n<script type=\"application\/ld+json\" class=\"yoast-schema-graph\">{\"@context\":\"https:\\\/\\\/schema.org\",\"@graph\":[{\"@type\":\"Article\",\"@id\":\"https:\\\/\\\/valenciasjb.salesianos.edu\\\/colegio\\\/el-alumnado-de-la-asignatura-de-competencia-comunicativa-oral-inaugura-su-only-english-cafe\\\/#article\",\"isPartOf\":{\"@id\":\"https:\\\/\\\/valenciasjb.salesianos.edu\\\/colegio\\\/el-alumnado-de-la-asignatura-de-competencia-comunicativa-oral-inaugura-su-only-english-cafe\\\/\"},\"author\":{\"name\":\"veronicapastor\",\"@id\":\"https:\\\/\\\/valenciasjb.salesianos.edu\\\/colegio\\\/#\\\/schema\\\/person\\\/1f45b67e52b27da175190a574db6bed9\"},\"headline\":\"El alumnado de la asignatura de Competencia Comunicativa Oral inaugura su proyecto Only-English Caf\u00e9\",\"datePublished\":\"2018-11-09T23:10:40+00:00\",\"dateModified\":\"2018-11-10T07:34:06+00:00\",\"mainEntityOfPage\":{\"@id\":\"https:\\\/\\\/valenciasjb.salesianos.edu\\\/colegio\\\/el-alumnado-de-la-asignatura-de-competencia-comunicativa-oral-inaugura-su-only-english-cafe\\\/\"},\"wordCount\":1020,\"image\":{\"@id\":\"https:\\\/\\\/valenciasjb.salesianos.edu\\\/colegio\\\/el-alumnado-de-la-asignatura-de-competencia-comunicativa-oral-inaugura-su-only-english-cafe\\\/#primaryimage\"},\"thumbnailUrl\":\"https:\\\/\\\/valenciasjb.salesianos.edu\\\/colegio\\\/wp-content\\\/uploads\\\/sites\\\/2\\\/2018\\\/11\\\/20181004_090321.jpg\",\"articleSection\":[\"Noticia Colegio\"],\"inLanguage\":\"es\"},{\"@type\":\"WebPage\",\"@id\":\"https:\\\/\\\/valenciasjb.salesianos.edu\\\/colegio\\\/el-alumnado-de-la-asignatura-de-competencia-comunicativa-oral-inaugura-su-only-english-cafe\\\/\",\"url\":\"https:\\\/\\\/valenciasjb.salesianos.edu\\\/colegio\\\/el-alumnado-de-la-asignatura-de-competencia-comunicativa-oral-inaugura-su-only-english-cafe\\\/\",\"name\":\"El alumnado de la asignatura de Competencia Comunicativa Oral inaugura su proyecto Only-English Caf\u00e9 - Colegio San Juan Bosco Valencia\",\"isPartOf\":{\"@id\":\"https:\\\/\\\/valenciasjb.salesianos.edu\\\/colegio\\\/#website\"},\"primaryImageOfPage\":{\"@id\":\"https:\\\/\\\/valenciasjb.salesianos.edu\\\/colegio\\\/el-alumnado-de-la-asignatura-de-competencia-comunicativa-oral-inaugura-su-only-english-cafe\\\/#primaryimage\"},\"image\":{\"@id\":\"https:\\\/\\\/valenciasjb.salesianos.edu\\\/colegio\\\/el-alumnado-de-la-asignatura-de-competencia-comunicativa-oral-inaugura-su-only-english-cafe\\\/#primaryimage\"},\"thumbnailUrl\":\"https:\\\/\\\/valenciasjb.salesianos.edu\\\/colegio\\\/wp-content\\\/uploads\\\/sites\\\/2\\\/2018\\\/11\\\/20181004_090321.jpg\",\"datePublished\":\"2018-11-09T23:10:40+00:00\",\"dateModified\":\"2018-11-10T07:34:06+00:00\",\"author\":{\"@id\":\"https:\\\/\\\/valenciasjb.salesianos.edu\\\/colegio\\\/#\\\/schema\\\/person\\\/1f45b67e52b27da175190a574db6bed9\"},\"breadcrumb\":{\"@id\":\"https:\\\/\\\/valenciasjb.salesianos.edu\\\/colegio\\\/el-alumnado-de-la-asignatura-de-competencia-comunicativa-oral-inaugura-su-only-english-cafe\\\/#breadcrumb\"},\"inLanguage\":\"es\",\"potentialAction\":[{\"@type\":\"ReadAction\",\"target\":[\"https:\\\/\\\/valenciasjb.salesianos.edu\\\/colegio\\\/el-alumnado-de-la-asignatura-de-competencia-comunicativa-oral-inaugura-su-only-english-cafe\\\/\"]}]},{\"@type\":\"ImageObject\",\"inLanguage\":\"es\",\"@id\":\"https:\\\/\\\/valenciasjb.salesianos.edu\\\/colegio\\\/el-alumnado-de-la-asignatura-de-competencia-comunicativa-oral-inaugura-su-only-english-cafe\\\/#primaryimage\",\"url\":\"https:\\\/\\\/valenciasjb.salesianos.edu\\\/colegio\\\/wp-content\\\/uploads\\\/sites\\\/2\\\/2018\\\/11\\\/20181004_090321.jpg\",\"contentUrl\":\"https:\\\/\\\/valenciasjb.salesianos.edu\\\/colegio\\\/wp-content\\\/uploads\\\/sites\\\/2\\\/2018\\\/11\\\/20181004_090321.jpg\",\"width\":4128,\"height\":3096},{\"@type\":\"BreadcrumbList\",\"@id\":\"https:\\\/\\\/valenciasjb.salesianos.edu\\\/colegio\\\/el-alumnado-de-la-asignatura-de-competencia-comunicativa-oral-inaugura-su-only-english-cafe\\\/#breadcrumb\",\"itemListElement\":[{\"@type\":\"ListItem\",\"position\":1,\"name\":\"Portada\",\"item\":\"https:\\\/\\\/valenciasjb.salesianos.edu\\\/colegio\\\/\"},{\"@type\":\"ListItem\",\"position\":2,\"name\":\"El alumnado de la asignatura de Competencia Comunicativa Oral inaugura su proyecto Only-English Caf\u00e9\"}]},{\"@type\":\"WebSite\",\"@id\":\"https:\\\/\\\/valenciasjb.salesianos.edu\\\/colegio\\\/#website\",\"url\":\"https:\\\/\\\/valenciasjb.salesianos.edu\\\/colegio\\\/\",\"name\":\"Colegio San Juan Bosco Valencia\",\"description\":\"P\u00e1gina oficial del Colegio Salesianos San Juan Bosco Valencia\",\"alternateName\":\"Salesianos.VSJB\",\"potentialAction\":[{\"@type\":\"SearchAction\",\"target\":{\"@type\":\"EntryPoint\",\"urlTemplate\":\"https:\\\/\\\/valenciasjb.salesianos.edu\\\/colegio\\\/?s={search_term_string}\"},\"query-input\":{\"@type\":\"PropertyValueSpecification\",\"valueRequired\":true,\"valueName\":\"search_term_string\"}}],\"inLanguage\":\"es\"},{\"@type\":\"Person\",\"@id\":\"https:\\\/\\\/valenciasjb.salesianos.edu\\\/colegio\\\/#\\\/schema\\\/person\\\/1f45b67e52b27da175190a574db6bed9\",\"name\":\"veronicapastor\",\"image\":{\"@type\":\"ImageObject\",\"inLanguage\":\"es\",\"@id\":\"https:\\\/\\\/secure.gravatar.com\\\/avatar\\\/e29bd40bace3fd935e1d6fdb7313ffc14628cc037c5e16f4c7369b20a2a6f7f0?s=96&d=mm&r=g\",\"url\":\"https:\\\/\\\/secure.gravatar.com\\\/avatar\\\/e29bd40bace3fd935e1d6fdb7313ffc14628cc037c5e16f4c7369b20a2a6f7f0?s=96&d=mm&r=g\",\"contentUrl\":\"https:\\\/\\\/secure.gravatar.com\\\/avatar\\\/e29bd40bace3fd935e1d6fdb7313ffc14628cc037c5e16f4c7369b20a2a6f7f0?s=96&d=mm&r=g\",\"caption\":\"veronicapastor\"}}]}<\/script>\n<!-- \/ Yoast SEO plugin. -->","yoast_head_json":{"title":"El alumnado de la asignatura de Competencia Comunicativa Oral inaugura su proyecto Only-English Caf\u00e9 - Colegio San Juan Bosco Valencia","robots":{"index":"index","follow":"follow","max-snippet":"max-snippet:-1","max-image-preview":"max-image-preview:large","max-video-preview":"max-video-preview:-1"},"canonical":"https:\/\/valenciasjb.salesianos.edu\/colegio\/el-alumnado-de-la-asignatura-de-competencia-comunicativa-oral-inaugura-su-only-english-cafe\/","og_locale":"es_ES","og_type":"article","og_title":"El alumnado de la asignatura de Competencia Comunicativa Oral inaugura su proyecto Only-English Caf\u00e9 - Colegio San Juan Bosco Valencia","og_description":"La Conseller\u00eda de Educaci\u00f3n ha aumentado las sesiones dedicadas exclusivamente a la pr\u00e1ctica oral en la materia Primera Lengua Extranjera (ingl\u00e9s) para mejorar la competencia comunicativa oral del alumnado en esta lengua. Una de las medidas adoptadas ha sido introducir en los cursos de 3\u00ba y 4\u00ba de ESO una nueva asignatura denominada Competencia Comunicativa [&hellip;]","og_url":"https:\/\/valenciasjb.salesianos.edu\/colegio\/el-alumnado-de-la-asignatura-de-competencia-comunicativa-oral-inaugura-su-only-english-cafe\/","og_site_name":"Colegio San Juan Bosco Valencia","article_publisher":"https:\/\/www.facebook.com\/ColegioSalesianoSanJuanBoscoValencia","article_published_time":"2018-11-09T23:10:40+00:00","article_modified_time":"2018-11-10T07:34:06+00:00","og_image":[{"width":1024,"height":768,"url":"https:\/\/valenciasjb.salesianos.edu\/colegio\/wp-content\/uploads\/sites\/2\/2018\/11\/20181004_090321-1024x768.jpg","type":"image\/jpeg"}],"author":"veronicapastor","twitter_card":"summary_large_image","twitter_creator":"@SalesianosVSJB","twitter_site":"@SalesianosVSJB","twitter_misc":{"Escrito por":"veronicapastor","Tiempo de lectura":"5 minutos"},"schema":{"@context":"https:\/\/schema.org","@graph":[{"@type":"Article","@id":"https:\/\/valenciasjb.salesianos.edu\/colegio\/el-alumnado-de-la-asignatura-de-competencia-comunicativa-oral-inaugura-su-only-english-cafe\/#article","isPartOf":{"@id":"https:\/\/valenciasjb.salesianos.edu\/colegio\/el-alumnado-de-la-asignatura-de-competencia-comunicativa-oral-inaugura-su-only-english-cafe\/"},"author":{"name":"veronicapastor","@id":"https:\/\/valenciasjb.salesianos.edu\/colegio\/#\/schema\/person\/1f45b67e52b27da175190a574db6bed9"},"headline":"El alumnado de la asignatura de Competencia Comunicativa Oral inaugura su proyecto Only-English Caf\u00e9","datePublished":"2018-11-09T23:10:40+00:00","dateModified":"2018-11-10T07:34:06+00:00","mainEntityOfPage":{"@id":"https:\/\/valenciasjb.salesianos.edu\/colegio\/el-alumnado-de-la-asignatura-de-competencia-comunicativa-oral-inaugura-su-only-english-cafe\/"},"wordCount":1020,"image":{"@id":"https:\/\/valenciasjb.salesianos.edu\/colegio\/el-alumnado-de-la-asignatura-de-competencia-comunicativa-oral-inaugura-su-only-english-cafe\/#primaryimage"},"thumbnailUrl":"https:\/\/valenciasjb.salesianos.edu\/colegio\/wp-content\/uploads\/sites\/2\/2018\/11\/20181004_090321.jpg","articleSection":["Noticia Colegio"],"inLanguage":"es"},{"@type":"WebPage","@id":"https:\/\/valenciasjb.salesianos.edu\/colegio\/el-alumnado-de-la-asignatura-de-competencia-comunicativa-oral-inaugura-su-only-english-cafe\/","url":"https:\/\/valenciasjb.salesianos.edu\/colegio\/el-alumnado-de-la-asignatura-de-competencia-comunicativa-oral-inaugura-su-only-english-cafe\/","name":"El alumnado de la asignatura de Competencia Comunicativa Oral inaugura su proyecto Only-English Caf\u00e9 - Colegio San Juan Bosco Valencia","isPartOf":{"@id":"https:\/\/valenciasjb.salesianos.edu\/colegio\/#website"},"primaryImageOfPage":{"@id":"https:\/\/valenciasjb.salesianos.edu\/colegio\/el-alumnado-de-la-asignatura-de-competencia-comunicativa-oral-inaugura-su-only-english-cafe\/#primaryimage"},"image":{"@id":"https:\/\/valenciasjb.salesianos.edu\/colegio\/el-alumnado-de-la-asignatura-de-competencia-comunicativa-oral-inaugura-su-only-english-cafe\/#primaryimage"},"thumbnailUrl":"https:\/\/valenciasjb.salesianos.edu\/colegio\/wp-content\/uploads\/sites\/2\/2018\/11\/20181004_090321.jpg","datePublished":"2018-11-09T23:10:40+00:00","dateModified":"2018-11-10T07:34:06+00:00","author":{"@id":"https:\/\/valenciasjb.salesianos.edu\/colegio\/#\/schema\/person\/1f45b67e52b27da175190a574db6bed9"},"breadcrumb":{"@id":"https:\/\/valenciasjb.salesianos.edu\/colegio\/el-alumnado-de-la-asignatura-de-competencia-comunicativa-oral-inaugura-su-only-english-cafe\/#breadcrumb"},"inLanguage":"es","potentialAction":[{"@type":"ReadAction","target":["https:\/\/valenciasjb.salesianos.edu\/colegio\/el-alumnado-de-la-asignatura-de-competencia-comunicativa-oral-inaugura-su-only-english-cafe\/"]}]},{"@type":"ImageObject","inLanguage":"es","@id":"https:\/\/valenciasjb.salesianos.edu\/colegio\/el-alumnado-de-la-asignatura-de-competencia-comunicativa-oral-inaugura-su-only-english-cafe\/#primaryimage","url":"https:\/\/valenciasjb.salesianos.edu\/colegio\/wp-content\/uploads\/sites\/2\/2018\/11\/20181004_090321.jpg","contentUrl":"https:\/\/valenciasjb.salesianos.edu\/colegio\/wp-content\/uploads\/sites\/2\/2018\/11\/20181004_090321.jpg","width":4128,"height":3096},{"@type":"BreadcrumbList","@id":"https:\/\/valenciasjb.salesianos.edu\/colegio\/el-alumnado-de-la-asignatura-de-competencia-comunicativa-oral-inaugura-su-only-english-cafe\/#breadcrumb","itemListElement":[{"@type":"ListItem","position":1,"name":"Portada","item":"https:\/\/valenciasjb.salesianos.edu\/colegio\/"},{"@type":"ListItem","position":2,"name":"El alumnado de la asignatura de Competencia Comunicativa Oral inaugura su proyecto Only-English Caf\u00e9"}]},{"@type":"WebSite","@id":"https:\/\/valenciasjb.salesianos.edu\/colegio\/#website","url":"https:\/\/valenciasjb.salesianos.edu\/colegio\/","name":"Colegio San Juan Bosco Valencia","description":"P\u00e1gina oficial del Colegio Salesianos San Juan Bosco Valencia","alternateName":"Salesianos.VSJB","potentialAction":[{"@type":"SearchAction","target":{"@type":"EntryPoint","urlTemplate":"https:\/\/valenciasjb.salesianos.edu\/colegio\/?s={search_term_string}"},"query-input":{"@type":"PropertyValueSpecification","valueRequired":true,"valueName":"search_term_string"}}],"inLanguage":"es"},{"@type":"Person","@id":"https:\/\/valenciasjb.salesianos.edu\/colegio\/#\/schema\/person\/1f45b67e52b27da175190a574db6bed9","name":"veronicapastor","image":{"@type":"ImageObject","inLanguage":"es","@id":"https:\/\/secure.gravatar.com\/avatar\/e29bd40bace3fd935e1d6fdb7313ffc14628cc037c5e16f4c7369b20a2a6f7f0?s=96&d=mm&r=g","url":"https:\/\/secure.gravatar.com\/avatar\/e29bd40bace3fd935e1d6fdb7313ffc14628cc037c5e16f4c7369b20a2a6f7f0?s=96&d=mm&r=g","contentUrl":"https:\/\/secure.gravatar.com\/avatar\/e29bd40bace3fd935e1d6fdb7313ffc14628cc037c5e16f4c7369b20a2a6f7f0?s=96&d=mm&r=g","caption":"veronicapastor"}}]}},"_links":{"self":[{"href":"https:\/\/valenciasjb.salesianos.edu\/colegio\/wp-json\/wp\/v2\/posts\/9864","targetHints":{"allow":["GET"]}}],"collection":[{"href":"https:\/\/valenciasjb.salesianos.edu\/colegio\/wp-json\/wp\/v2\/posts"}],"about":[{"href":"https:\/\/valenciasjb.salesianos.edu\/colegio\/wp-json\/wp\/v2\/types\/post"}],"author":[{"embeddable":true,"href":"https:\/\/valenciasjb.salesianos.edu\/colegio\/wp-json\/wp\/v2\/users\/6"}],"replies":[{"embeddable":true,"href":"https:\/\/valenciasjb.salesianos.edu\/colegio\/wp-json\/wp\/v2\/comments?post=9864"}],"version-history":[{"count":6,"href":"https:\/\/valenciasjb.salesianos.edu\/colegio\/wp-json\/wp\/v2\/posts\/9864\/revisions"}],"predecessor-version":[{"id":9878,"href":"https:\/\/valenciasjb.salesianos.edu\/colegio\/wp-json\/wp\/v2\/posts\/9864\/revisions\/9878"}],"wp:featuredmedia":[{"embeddable":true,"href":"https:\/\/valenciasjb.salesianos.edu\/colegio\/wp-json\/wp\/v2\/media\/9872"}],"wp:attachment":[{"href":"https:\/\/valenciasjb.salesianos.edu\/colegio\/wp-json\/wp\/v2\/media?parent=9864"}],"wp:term":[{"taxonomy":"category","embeddable":true,"href":"https:\/\/valenciasjb.salesianos.edu\/colegio\/wp-json\/wp\/v2\/categories?post=9864"},{"taxonomy":"post_tag","embeddable":true,"href":"https:\/\/valenciasjb.salesianos.edu\/colegio\/wp-json\/wp\/v2\/tags?post=9864"}],"curies":[{"name":"wp","href":"https:\/\/api.w.org\/{rel}","templated":true}]}}