{"id":9879,"date":"2018-11-11T22:10:47","date_gmt":"2018-11-11T21:10:47","guid":{"rendered":"https:\/\/valenciasjb.salesianos.edu\/colegio\/?p=9879"},"modified":"2018-11-11T22:10:47","modified_gmt":"2018-11-11T21:10:47","slug":"el-colegio-participa-en-el-ii-congres-internacional-ctem","status":"publish","type":"post","link":"https:\/\/valenciasjb.salesianos.edu\/colegio\/el-colegio-participa-en-el-ii-congres-internacional-ctem\/","title":{"rendered":"El colegio participa en el II Congr\u00e9s internacional CTEM"},"content":{"rendered":"<div id=\"fb-root\"><\/div>\n<p>[et_pb_section bb_built=\u00bb1&#8243; admin_label=\u00bbsection\u00bb][et_pb_row admin_label=\u00bbrow\u00bb background_position=\u00bbtop_left\u00bb background_repeat=\u00bbrepeat\u00bb background_size=\u00bbinitial\u00bb][et_pb_column type=\u00bb4_4&#8243;][et_pb_text admin_label=\u00bbEntradilla (Texto)\u00bb _builder_version=\u00bb3.0.105&#8243; background_layout=\u00bblight\u00bb text_orientation=\u00bbjustified\u00bb text_font=\u00bb|on|||\u00bb module_alignment=\u00bbleft\u00bb]<\/p>\n<div id=\"resumen\">\n<p><span style=\"font-weight: 400\">Los pasados d\u00edas 9 y 10 de noviembre, un grupo de profesorado del colegio ha participado en el II Congr\u00e9s internacional CTEM, sobre ciencia, tecnolog\u00eda, ingenier\u00eda y matem\u00e1ticas: Laura Moreno, del Departamento de Ciencias Naturales, y Mayte Briz y Samuel Cort\u00e9s, del Departamento de Matem\u00e1ticas. El profesor Samuel Cort\u00e9s ha realizado una comunicaci\u00f3n sobre la experiencia did\u00e1ctica \u201cEnigma: English Language in Maths\u201d.<\/span><\/p>\n<\/div>\n<div><\/div>\n<p>[\/et_pb_text][et_pb_text admin_label=\u00bbAutor (Texto)\u00bb _builder_version=\u00bb3.0.105&#8243; background_layout=\u00bblight\u00bb text_font=\u00bb||on||\u00bb]<\/p>\n<p>Redacci\u00f3n.<\/p>\n<p>[\/et_pb_text][et_pb_text admin_label=\u00bbDesarrollo (Texto)\u00bb _builder_version=\u00bb3.0.105&#8243; background_layout=\u00bblight\u00bb text_orientation=\u00bbjustified\u00bb module_alignment=\u00bbleft\u00bb]<\/p>\n<p><span style=\"font-weight: 400\">La experiencia \u201cEnigma: English Language in Maths\u201d se realiza en el colegio en el nivel de 4\u00ba de ESO dentro del proyecto interdisciplinar ENIGMA. Se trata de una actividad en colaboraci\u00f3n entre los departamentos de Matem\u00e1ticas y Lenguas Extranjeras, en la que el alumnado debe descifrar unos mensajes en ingl\u00e9s extra\u00eddos de la pel\u00edcula \u201cDescifrando Enigma\u201d, por medio de una serie de c\u00f3digos y t\u00e9cnicas de desencriptado y de unos problemas matem\u00e1ticos cuyos enunciados tambi\u00e9n se encuentran en ingl\u00e9s. En equipos de trabajo el alumnado debe descifrar los mensajes porque, a su vez, estos les servir\u00e1 para poder realizar la siguiente actividad del proyecto interdisciplinar.<\/span><\/p>\n<p><span style=\"font-weight: 400\">ENIGMA es un proyecto interdisciplinar basado en la pel\u00edcula \u201cDescifrando ENIGMA\u201d, en el que participan coordinadamente la mayor\u00eda de asignaturas de 4\u00ba de ESO y en el <\/span> <span style=\"font-weight: 400\">que se trabajan desde las diferentes asignaturas valores que aparecen en esta pel\u00edcula. M\u00e1s informaci\u00f3n sobre el proyecto: <\/span><a href=\"https:\/\/valenciasjb.salesianos.edu\/blog\/enigma-un-proyecto-interdisciplinar-para-el-alumnado-de-cuarto-de-eso\/\"><span style=\"font-weight: 400\">https:\/\/valenciasjb.salesianos.edu\/blog\/enigma-un-proyecto-interdisciplinar-para-el-alumnado-de-cuarto-de-eso\/<\/span><\/a> <span style=\"font-weight: 400\"><br \/>\n<\/span><span style=\"font-weight: 400\"><br \/>\n<\/span><span style=\"font-weight: 400\">El II Congr\u00e9s internacional CTEM de la Comunitat Valenciana, que se celebr\u00f3 en Burjassot (Valencia) los d\u00edas 9 y 10 de noviembre de 2018, pretende ampliar el espacio de encuentro del profesorado de Ciencias, Tecnolog\u00eda y Matem\u00e1ticas para ponerlo en contacto con otros profesores, investigadores y expertos no s\u00f3lo de \u00e1mbito nacional sino internacional, especialmente del \u00e1mbito europeo e iberoamericano.<\/span><span style=\"font-weight: 400\"><br \/>\n<\/span><span style=\"font-weight: 400\"><br \/>\n<\/span><span style=\"font-weight: 400\">El lema del II Congr\u00e9s internacional CTEM es \u00abSTEM para la ciudadan\u00eda\u00bb, lo que supone tambi\u00e9n un avance que profundiza en la idea de alfabetizaci\u00f3n cient\u00edfica para tratar su dimensi\u00f3n social y, especialmente, el papel de la ense\u00f1anza de las Ciencias, la Tecnolog\u00eda y las Matem\u00e1ticas en la formaci\u00f3n de una ciudadan\u00eda cr\u00edtica y responsable, capaz de responder a los grandes retos cient\u00edfico-tecnol\u00f3gicos del siglo XXI: innovaci\u00f3n, digitalizaci\u00f3n, gesti\u00f3n de grandes datos, cambio clim\u00e1tico, inteligencia artificial, etc.<\/span><\/p>\n<p>[\/et_pb_text][et_pb_text admin_label=\u00bbT\u00edtulo: Galer\u00eda de fotos (Texto)\u00bb _builder_version=\u00bb3.0.76&#8243; background_layout=\u00bblight\u00bb text_font=\u00bb|on|||\u00bb text_text_color=\u00bb#dc001b\u00bb border_style=\u00bbsolid\u00bb disabled=\u00bboff\u00bb disabled_on=\u00bboff|on|on\u00bb]<\/p>\n<p>Galer\u00eda de im\u00e1genes<\/p>\n<p>[\/et_pb_text][et_pb_gallery _builder_version=\u00bb3.0.105&#8243; posts_number=\u00bb8&#8243; show_title_and_caption=\u00bboff\u00bb show_pagination=\u00bbon\u00bb fullwidth=\u00bboff\u00bb orientation=\u00bblandscape\u00bb zoom_icon_color=\u00bb#dc001b\u00bb hover_overlay_color=\u00bbrgba(255,255,255,0.9)\u00bb hover_icon=\u00bb%%51%%\u00bb background_layout=\u00bblight\u00bb disabled=\u00bboff\u00bb disabled_on=\u00bboff|off|off\u00bb gallery_ids=\u00bb9880,9882,9883,9884,9885&#8243; pagination_font_size_tablet=\u00bb51&#8243; pagination_line_height_tablet=\u00bb2&#8243; \/][et_pb_video _builder_version=\u00bb3.0.51&#8243; disabled=\u00bbon\u00bb disabled_on=\u00bbon|on|on\u00bb \/][\/et_pb_column][\/et_pb_row][\/et_pb_section]<\/p>\n<!-- AddThis Advanced Settings generic via filter on the_content --><!-- AddThis Share Buttons generic via filter on the_content -->","protected":false},"excerpt":{"rendered":"<p>Los pasados d\u00edas 9 y 10 de noviembre, un grupo de profesorado del colegio ha participado en el II Congr\u00e9s internacional CTEM, sobre ciencia, tecnolog\u00eda, ingenier\u00eda y matem\u00e1ticas: Laura Moreno, del Departamento de Ciencias Naturales, y Mayte Briz y Samuel Cort\u00e9s, del Departamento de Matem\u00e1ticas. El profesor Samuel Cort\u00e9s ha realizado una comunicaci\u00f3n sobre la [&hellip;]<\/p>\n<p><!-- AddThis Advanced Settings generic via filter on get_the_excerpt --><!-- AddThis Share Buttons generic via filter on get_the_excerpt --><\/p>\n","protected":false},"author":6,"featured_media":9880,"comment_status":"closed","ping_status":"open","sticky":false,"template":"","format":"standard","meta":{"_et_pb_use_builder":"on","_et_pb_old_content":"","_et_gb_content_width":"","footnotes":""},"categories":[14],"tags":[],"class_list":["post-9879","post","type-post","status-publish","format-standard","has-post-thumbnail","hentry","category-noticia_colegio"],"yoast_head":"<!-- This site is optimized with the Yoast SEO plugin v28.4 - https:\/\/yoast.com\/product\/yoast-seo-wordpress\/ -->\n<title>El colegio participa en el II Congr\u00e9s internacional CTEM - Colegio San Juan Bosco Valencia<\/title>\n<meta name=\"robots\" content=\"index, follow, max-snippet:-1, max-image-preview:large, max-video-preview:-1\" \/>\n<link rel=\"canonical\" href=\"https:\/\/valenciasjb.salesianos.edu\/colegio\/el-colegio-participa-en-el-ii-congres-internacional-ctem\/\" \/>\n<meta property=\"og:locale\" content=\"es_ES\" \/>\n<meta property=\"og:type\" content=\"article\" \/>\n<meta property=\"og:title\" content=\"El colegio participa en el II Congr\u00e9s internacional CTEM - Colegio San Juan Bosco Valencia\" \/>\n<meta property=\"og:description\" content=\"Los pasados d\u00edas 9 y 10 de noviembre, un grupo de profesorado del colegio ha participado en el II Congr\u00e9s internacional CTEM, sobre ciencia, tecnolog\u00eda, ingenier\u00eda y matem\u00e1ticas: Laura Moreno, del Departamento de Ciencias Naturales, y Mayte Briz y Samuel Cort\u00e9s, del Departamento de Matem\u00e1ticas. El profesor Samuel Cort\u00e9s ha realizado una comunicaci\u00f3n sobre la [&hellip;]\" \/>\n<meta property=\"og:url\" content=\"https:\/\/valenciasjb.salesianos.edu\/colegio\/el-colegio-participa-en-el-ii-congres-internacional-ctem\/\" \/>\n<meta property=\"og:site_name\" content=\"Colegio San Juan Bosco Valencia\" \/>\n<meta property=\"article:publisher\" content=\"https:\/\/www.facebook.com\/ColegioSalesianoSanJuanBoscoValencia\" \/>\n<meta property=\"article:published_time\" content=\"2018-11-11T21:10:47+00:00\" \/>\n<meta property=\"og:image\" content=\"https:\/\/valenciasjb.salesianos.edu\/colegio\/wp-content\/uploads\/sites\/2\/2018\/11\/IMG_20181110_123249-1024x768.jpg\" \/>\n\t<meta property=\"og:image:width\" content=\"1024\" \/>\n\t<meta property=\"og:image:height\" content=\"768\" \/>\n\t<meta property=\"og:image:type\" content=\"image\/jpeg\" \/>\n<meta name=\"author\" content=\"veronicapastor\" \/>\n<meta name=\"twitter:card\" content=\"summary_large_image\" \/>\n<meta name=\"twitter:creator\" content=\"@SalesianosVSJB\" \/>\n<meta name=\"twitter:site\" content=\"@SalesianosVSJB\" \/>\n<meta name=\"twitter:label1\" content=\"Escrito por\" \/>\n\t<meta name=\"twitter:data1\" content=\"veronicapastor\" \/>\n\t<meta name=\"twitter:label2\" content=\"Tiempo de lectura\" \/>\n\t<meta name=\"twitter:data2\" content=\"3 minutos\" \/>\n<script type=\"application\/ld+json\" class=\"yoast-schema-graph\">{\"@context\":\"https:\\\/\\\/schema.org\",\"@graph\":[{\"@type\":\"Article\",\"@id\":\"https:\\\/\\\/valenciasjb.salesianos.edu\\\/colegio\\\/el-colegio-participa-en-el-ii-congres-internacional-ctem\\\/#article\",\"isPartOf\":{\"@id\":\"https:\\\/\\\/valenciasjb.salesianos.edu\\\/colegio\\\/el-colegio-participa-en-el-ii-congres-internacional-ctem\\\/\"},\"author\":{\"name\":\"veronicapastor\",\"@id\":\"https:\\\/\\\/valenciasjb.salesianos.edu\\\/colegio\\\/#\\\/schema\\\/person\\\/1f45b67e52b27da175190a574db6bed9\"},\"headline\":\"El colegio participa en el II Congr\u00e9s internacional CTEM\",\"datePublished\":\"2018-11-11T21:10:47+00:00\",\"mainEntityOfPage\":{\"@id\":\"https:\\\/\\\/valenciasjb.salesianos.edu\\\/colegio\\\/el-colegio-participa-en-el-ii-congres-internacional-ctem\\\/\"},\"wordCount\":613,\"image\":{\"@id\":\"https:\\\/\\\/valenciasjb.salesianos.edu\\\/colegio\\\/el-colegio-participa-en-el-ii-congres-internacional-ctem\\\/#primaryimage\"},\"thumbnailUrl\":\"https:\\\/\\\/valenciasjb.salesianos.edu\\\/colegio\\\/wp-content\\\/uploads\\\/sites\\\/2\\\/2018\\\/11\\\/IMG_20181110_123249.jpg\",\"articleSection\":[\"Noticia Colegio\"],\"inLanguage\":\"es\"},{\"@type\":\"WebPage\",\"@id\":\"https:\\\/\\\/valenciasjb.salesianos.edu\\\/colegio\\\/el-colegio-participa-en-el-ii-congres-internacional-ctem\\\/\",\"url\":\"https:\\\/\\\/valenciasjb.salesianos.edu\\\/colegio\\\/el-colegio-participa-en-el-ii-congres-internacional-ctem\\\/\",\"name\":\"El colegio participa en el II Congr\u00e9s internacional CTEM - Colegio San Juan Bosco Valencia\",\"isPartOf\":{\"@id\":\"https:\\\/\\\/valenciasjb.salesianos.edu\\\/colegio\\\/#website\"},\"primaryImageOfPage\":{\"@id\":\"https:\\\/\\\/valenciasjb.salesianos.edu\\\/colegio\\\/el-colegio-participa-en-el-ii-congres-internacional-ctem\\\/#primaryimage\"},\"image\":{\"@id\":\"https:\\\/\\\/valenciasjb.salesianos.edu\\\/colegio\\\/el-colegio-participa-en-el-ii-congres-internacional-ctem\\\/#primaryimage\"},\"thumbnailUrl\":\"https:\\\/\\\/valenciasjb.salesianos.edu\\\/colegio\\\/wp-content\\\/uploads\\\/sites\\\/2\\\/2018\\\/11\\\/IMG_20181110_123249.jpg\",\"datePublished\":\"2018-11-11T21:10:47+00:00\",\"author\":{\"@id\":\"https:\\\/\\\/valenciasjb.salesianos.edu\\\/colegio\\\/#\\\/schema\\\/person\\\/1f45b67e52b27da175190a574db6bed9\"},\"breadcrumb\":{\"@id\":\"https:\\\/\\\/valenciasjb.salesianos.edu\\\/colegio\\\/el-colegio-participa-en-el-ii-congres-internacional-ctem\\\/#breadcrumb\"},\"inLanguage\":\"es\",\"potentialAction\":[{\"@type\":\"ReadAction\",\"target\":[\"https:\\\/\\\/valenciasjb.salesianos.edu\\\/colegio\\\/el-colegio-participa-en-el-ii-congres-internacional-ctem\\\/\"]}]},{\"@type\":\"ImageObject\",\"inLanguage\":\"es\",\"@id\":\"https:\\\/\\\/valenciasjb.salesianos.edu\\\/colegio\\\/el-colegio-participa-en-el-ii-congres-internacional-ctem\\\/#primaryimage\",\"url\":\"https:\\\/\\\/valenciasjb.salesianos.edu\\\/colegio\\\/wp-content\\\/uploads\\\/sites\\\/2\\\/2018\\\/11\\\/IMG_20181110_123249.jpg\",\"contentUrl\":\"https:\\\/\\\/valenciasjb.salesianos.edu\\\/colegio\\\/wp-content\\\/uploads\\\/sites\\\/2\\\/2018\\\/11\\\/IMG_20181110_123249.jpg\",\"width\":4000,\"height\":3000},{\"@type\":\"BreadcrumbList\",\"@id\":\"https:\\\/\\\/valenciasjb.salesianos.edu\\\/colegio\\\/el-colegio-participa-en-el-ii-congres-internacional-ctem\\\/#breadcrumb\",\"itemListElement\":[{\"@type\":\"ListItem\",\"position\":1,\"name\":\"Portada\",\"item\":\"https:\\\/\\\/valenciasjb.salesianos.edu\\\/colegio\\\/\"},{\"@type\":\"ListItem\",\"position\":2,\"name\":\"El colegio participa en el II Congr\u00e9s internacional CTEM\"}]},{\"@type\":\"WebSite\",\"@id\":\"https:\\\/\\\/valenciasjb.salesianos.edu\\\/colegio\\\/#website\",\"url\":\"https:\\\/\\\/valenciasjb.salesianos.edu\\\/colegio\\\/\",\"name\":\"Colegio San Juan Bosco Valencia\",\"description\":\"P\u00e1gina oficial del Colegio Salesianos San Juan Bosco Valencia\",\"alternateName\":\"Salesianos.VSJB\",\"potentialAction\":[{\"@type\":\"SearchAction\",\"target\":{\"@type\":\"EntryPoint\",\"urlTemplate\":\"https:\\\/\\\/valenciasjb.salesianos.edu\\\/colegio\\\/?s={search_term_string}\"},\"query-input\":{\"@type\":\"PropertyValueSpecification\",\"valueRequired\":true,\"valueName\":\"search_term_string\"}}],\"inLanguage\":\"es\"},{\"@type\":\"Person\",\"@id\":\"https:\\\/\\\/valenciasjb.salesianos.edu\\\/colegio\\\/#\\\/schema\\\/person\\\/1f45b67e52b27da175190a574db6bed9\",\"name\":\"veronicapastor\",\"image\":{\"@type\":\"ImageObject\",\"inLanguage\":\"es\",\"@id\":\"https:\\\/\\\/secure.gravatar.com\\\/avatar\\\/e29bd40bace3fd935e1d6fdb7313ffc14628cc037c5e16f4c7369b20a2a6f7f0?s=96&d=mm&r=g\",\"url\":\"https:\\\/\\\/secure.gravatar.com\\\/avatar\\\/e29bd40bace3fd935e1d6fdb7313ffc14628cc037c5e16f4c7369b20a2a6f7f0?s=96&d=mm&r=g\",\"contentUrl\":\"https:\\\/\\\/secure.gravatar.com\\\/avatar\\\/e29bd40bace3fd935e1d6fdb7313ffc14628cc037c5e16f4c7369b20a2a6f7f0?s=96&d=mm&r=g\",\"caption\":\"veronicapastor\"}}]}<\/script>\n<!-- \/ Yoast SEO plugin. -->","yoast_head_json":{"title":"El colegio participa en el II Congr\u00e9s internacional CTEM - Colegio San Juan Bosco Valencia","robots":{"index":"index","follow":"follow","max-snippet":"max-snippet:-1","max-image-preview":"max-image-preview:large","max-video-preview":"max-video-preview:-1"},"canonical":"https:\/\/valenciasjb.salesianos.edu\/colegio\/el-colegio-participa-en-el-ii-congres-internacional-ctem\/","og_locale":"es_ES","og_type":"article","og_title":"El colegio participa en el II Congr\u00e9s internacional CTEM - Colegio San Juan Bosco Valencia","og_description":"Los pasados d\u00edas 9 y 10 de noviembre, un grupo de profesorado del colegio ha participado en el II Congr\u00e9s internacional CTEM, sobre ciencia, tecnolog\u00eda, ingenier\u00eda y matem\u00e1ticas: Laura Moreno, del Departamento de Ciencias Naturales, y Mayte Briz y Samuel Cort\u00e9s, del Departamento de Matem\u00e1ticas. El profesor Samuel Cort\u00e9s ha realizado una comunicaci\u00f3n sobre la [&hellip;]","og_url":"https:\/\/valenciasjb.salesianos.edu\/colegio\/el-colegio-participa-en-el-ii-congres-internacional-ctem\/","og_site_name":"Colegio San Juan Bosco Valencia","article_publisher":"https:\/\/www.facebook.com\/ColegioSalesianoSanJuanBoscoValencia","article_published_time":"2018-11-11T21:10:47+00:00","og_image":[{"width":1024,"height":768,"url":"https:\/\/valenciasjb.salesianos.edu\/colegio\/wp-content\/uploads\/sites\/2\/2018\/11\/IMG_20181110_123249-1024x768.jpg","type":"image\/jpeg"}],"author":"veronicapastor","twitter_card":"summary_large_image","twitter_creator":"@SalesianosVSJB","twitter_site":"@SalesianosVSJB","twitter_misc":{"Escrito por":"veronicapastor","Tiempo de lectura":"3 minutos"},"schema":{"@context":"https:\/\/schema.org","@graph":[{"@type":"Article","@id":"https:\/\/valenciasjb.salesianos.edu\/colegio\/el-colegio-participa-en-el-ii-congres-internacional-ctem\/#article","isPartOf":{"@id":"https:\/\/valenciasjb.salesianos.edu\/colegio\/el-colegio-participa-en-el-ii-congres-internacional-ctem\/"},"author":{"name":"veronicapastor","@id":"https:\/\/valenciasjb.salesianos.edu\/colegio\/#\/schema\/person\/1f45b67e52b27da175190a574db6bed9"},"headline":"El colegio participa en el II Congr\u00e9s internacional CTEM","datePublished":"2018-11-11T21:10:47+00:00","mainEntityOfPage":{"@id":"https:\/\/valenciasjb.salesianos.edu\/colegio\/el-colegio-participa-en-el-ii-congres-internacional-ctem\/"},"wordCount":613,"image":{"@id":"https:\/\/valenciasjb.salesianos.edu\/colegio\/el-colegio-participa-en-el-ii-congres-internacional-ctem\/#primaryimage"},"thumbnailUrl":"https:\/\/valenciasjb.salesianos.edu\/colegio\/wp-content\/uploads\/sites\/2\/2018\/11\/IMG_20181110_123249.jpg","articleSection":["Noticia Colegio"],"inLanguage":"es"},{"@type":"WebPage","@id":"https:\/\/valenciasjb.salesianos.edu\/colegio\/el-colegio-participa-en-el-ii-congres-internacional-ctem\/","url":"https:\/\/valenciasjb.salesianos.edu\/colegio\/el-colegio-participa-en-el-ii-congres-internacional-ctem\/","name":"El colegio participa en el II Congr\u00e9s internacional CTEM - Colegio San Juan Bosco Valencia","isPartOf":{"@id":"https:\/\/valenciasjb.salesianos.edu\/colegio\/#website"},"primaryImageOfPage":{"@id":"https:\/\/valenciasjb.salesianos.edu\/colegio\/el-colegio-participa-en-el-ii-congres-internacional-ctem\/#primaryimage"},"image":{"@id":"https:\/\/valenciasjb.salesianos.edu\/colegio\/el-colegio-participa-en-el-ii-congres-internacional-ctem\/#primaryimage"},"thumbnailUrl":"https:\/\/valenciasjb.salesianos.edu\/colegio\/wp-content\/uploads\/sites\/2\/2018\/11\/IMG_20181110_123249.jpg","datePublished":"2018-11-11T21:10:47+00:00","author":{"@id":"https:\/\/valenciasjb.salesianos.edu\/colegio\/#\/schema\/person\/1f45b67e52b27da175190a574db6bed9"},"breadcrumb":{"@id":"https:\/\/valenciasjb.salesianos.edu\/colegio\/el-colegio-participa-en-el-ii-congres-internacional-ctem\/#breadcrumb"},"inLanguage":"es","potentialAction":[{"@type":"ReadAction","target":["https:\/\/valenciasjb.salesianos.edu\/colegio\/el-colegio-participa-en-el-ii-congres-internacional-ctem\/"]}]},{"@type":"ImageObject","inLanguage":"es","@id":"https:\/\/valenciasjb.salesianos.edu\/colegio\/el-colegio-participa-en-el-ii-congres-internacional-ctem\/#primaryimage","url":"https:\/\/valenciasjb.salesianos.edu\/colegio\/wp-content\/uploads\/sites\/2\/2018\/11\/IMG_20181110_123249.jpg","contentUrl":"https:\/\/valenciasjb.salesianos.edu\/colegio\/wp-content\/uploads\/sites\/2\/2018\/11\/IMG_20181110_123249.jpg","width":4000,"height":3000},{"@type":"BreadcrumbList","@id":"https:\/\/valenciasjb.salesianos.edu\/colegio\/el-colegio-participa-en-el-ii-congres-internacional-ctem\/#breadcrumb","itemListElement":[{"@type":"ListItem","position":1,"name":"Portada","item":"https:\/\/valenciasjb.salesianos.edu\/colegio\/"},{"@type":"ListItem","position":2,"name":"El colegio participa en el II Congr\u00e9s internacional CTEM"}]},{"@type":"WebSite","@id":"https:\/\/valenciasjb.salesianos.edu\/colegio\/#website","url":"https:\/\/valenciasjb.salesianos.edu\/colegio\/","name":"Colegio San Juan Bosco Valencia","description":"P\u00e1gina oficial del Colegio Salesianos San Juan Bosco Valencia","alternateName":"Salesianos.VSJB","potentialAction":[{"@type":"SearchAction","target":{"@type":"EntryPoint","urlTemplate":"https:\/\/valenciasjb.salesianos.edu\/colegio\/?s={search_term_string}"},"query-input":{"@type":"PropertyValueSpecification","valueRequired":true,"valueName":"search_term_string"}}],"inLanguage":"es"},{"@type":"Person","@id":"https:\/\/valenciasjb.salesianos.edu\/colegio\/#\/schema\/person\/1f45b67e52b27da175190a574db6bed9","name":"veronicapastor","image":{"@type":"ImageObject","inLanguage":"es","@id":"https:\/\/secure.gravatar.com\/avatar\/e29bd40bace3fd935e1d6fdb7313ffc14628cc037c5e16f4c7369b20a2a6f7f0?s=96&d=mm&r=g","url":"https:\/\/secure.gravatar.com\/avatar\/e29bd40bace3fd935e1d6fdb7313ffc14628cc037c5e16f4c7369b20a2a6f7f0?s=96&d=mm&r=g","contentUrl":"https:\/\/secure.gravatar.com\/avatar\/e29bd40bace3fd935e1d6fdb7313ffc14628cc037c5e16f4c7369b20a2a6f7f0?s=96&d=mm&r=g","caption":"veronicapastor"}}]}},"_links":{"self":[{"href":"https:\/\/valenciasjb.salesianos.edu\/colegio\/wp-json\/wp\/v2\/posts\/9879","targetHints":{"allow":["GET"]}}],"collection":[{"href":"https:\/\/valenciasjb.salesianos.edu\/colegio\/wp-json\/wp\/v2\/posts"}],"about":[{"href":"https:\/\/valenciasjb.salesianos.edu\/colegio\/wp-json\/wp\/v2\/types\/post"}],"author":[{"embeddable":true,"href":"https:\/\/valenciasjb.salesianos.edu\/colegio\/wp-json\/wp\/v2\/users\/6"}],"replies":[{"embeddable":true,"href":"https:\/\/valenciasjb.salesianos.edu\/colegio\/wp-json\/wp\/v2\/comments?post=9879"}],"version-history":[{"count":1,"href":"https:\/\/valenciasjb.salesianos.edu\/colegio\/wp-json\/wp\/v2\/posts\/9879\/revisions"}],"predecessor-version":[{"id":9886,"href":"https:\/\/valenciasjb.salesianos.edu\/colegio\/wp-json\/wp\/v2\/posts\/9879\/revisions\/9886"}],"wp:featuredmedia":[{"embeddable":true,"href":"https:\/\/valenciasjb.salesianos.edu\/colegio\/wp-json\/wp\/v2\/media\/9880"}],"wp:attachment":[{"href":"https:\/\/valenciasjb.salesianos.edu\/colegio\/wp-json\/wp\/v2\/media?parent=9879"}],"wp:term":[{"taxonomy":"category","embeddable":true,"href":"https:\/\/valenciasjb.salesianos.edu\/colegio\/wp-json\/wp\/v2\/categories?post=9879"},{"taxonomy":"post_tag","embeddable":true,"href":"https:\/\/valenciasjb.salesianos.edu\/colegio\/wp-json\/wp\/v2\/tags?post=9879"}],"curies":[{"name":"wp","href":"https:\/\/api.w.org\/{rel}","templated":true}]}}