{"id":9887,"date":"2018-11-12T21:32:21","date_gmt":"2018-11-12T20:32:21","guid":{"rendered":"https:\/\/valenciasjb.salesianos.edu\/colegio\/?p=9887"},"modified":"2018-11-12T21:32:21","modified_gmt":"2018-11-12T20:32:21","slug":"els-alumnes-reben-a-linspector-et-projecte-de-ciencies-a-tercer-de-primaria","status":"publish","type":"post","link":"https:\/\/valenciasjb.salesianos.edu\/colegio\/els-alumnes-reben-a-linspector-et-projecte-de-ciencies-a-tercer-de-primaria\/","title":{"rendered":"Els alumnes reben a L\u2019Inspector Et: projecte de ci\u00e8ncies a tercer de prim\u00e0ria"},"content":{"rendered":"<div id=\"fb-root\"><\/div>\n<p>[et_pb_section bb_built=\u00bb1&#8243; admin_label=\u00bbsection\u00bb][et_pb_row admin_label=\u00bbrow\u00bb background_position=\u00bbtop_left\u00bb background_repeat=\u00bbrepeat\u00bb background_size=\u00bbinitial\u00bb][et_pb_column type=\u00bb4_4&#8243;][et_pb_text admin_label=\u00bbEntradilla (Texto)\u00bb _builder_version=\u00bb3.0.105&#8243; background_layout=\u00bblight\u00bb text_orientation=\u00bbjustified\u00bb text_font=\u00bb|on|||\u00bb module_alignment=\u00bbleft\u00bb]<\/p>\n<div id=\"resumen\">\n<p>Els alumnes de tercer de prim\u00e0ria, han rebut a les seues aules al protagonista del seu projecte de ci\u00e8ncies naturals i ci\u00e8ncies socials, l\u2019inspector Et. Des que va comen\u00e7ar el curs, han estat investigant amb ell el motiu de la desaparici\u00f3 d\u2019un iceberg al poble dels Inuit a Grenl\u00e0ndia i a Irlanda, el misteri de les illes canviants. Despr\u00e9s de resoldre junts aquestos dos enigmes, l\u2019Inspector Et ja no vol tornar a sa casa a Val\u00e8ncia, s\u2019ha despertat la seua curiositat i vol continuar viatjant. Per\u00f2 ara ja no sap on! Aix\u00ed que ens ha vingut a visitar per trobar amb la nostra ajuda i la del mapa mundi quin ser\u00e0 el seu pr\u00f2xim dest\u00ed.<\/p>\n<\/div>\n<div><\/div>\n<p>[\/et_pb_text][et_pb_text admin_label=\u00bbAutor (Texto)\u00bb _builder_version=\u00bb3.0.105&#8243; background_layout=\u00bblight\u00bb text_font=\u00bb||on||\u00bb]<\/p>\n<p>Els professors de 3r EP<\/p>\n<p>[\/et_pb_text][et_pb_text admin_label=\u00bbDesarrollo (Texto)\u00bb _builder_version=\u00bb3.0.105&#8243; background_layout=\u00bblight\u00bb text_orientation=\u00bbjustified\u00bb module_alignment=\u00bbleft\u00bb]<\/p>\n<p>L\u2019Inspector \u00e9s un defensor del medi ambient i de la naturalesa i troba, all\u00e0 on va, la soluci\u00f3 per a que entre tots cuidem un poc m\u00e9s el nostre planeta terra, la nostra casa com\u00fa. Quins altres enigmes investigaran els nostres xiquets de tercer amb l\u2019inspector Et? Quina soluci\u00f3 trobaran per al pr\u00f2xim problema ambiental?<\/p>\n<p>[\/et_pb_text][et_pb_text admin_label=\u00bbT\u00edtulo: Galer\u00eda de fotos (Texto)\u00bb _builder_version=\u00bb3.0.76&#8243; background_layout=\u00bblight\u00bb text_font=\u00bb|on|||\u00bb text_text_color=\u00bb#dc001b\u00bb border_style=\u00bbsolid\u00bb disabled=\u00bboff\u00bb disabled_on=\u00bboff|on|on\u00bb]<\/p>\n<p>Galer\u00eda de im\u00e1genes<\/p>\n<p>[\/et_pb_text][et_pb_gallery _builder_version=\u00bb3.0.105&#8243; posts_number=\u00bb8&#8243; show_title_and_caption=\u00bboff\u00bb show_pagination=\u00bbon\u00bb fullwidth=\u00bboff\u00bb orientation=\u00bblandscape\u00bb zoom_icon_color=\u00bb#dc001b\u00bb hover_overlay_color=\u00bbrgba(255,255,255,0.9)\u00bb hover_icon=\u00bb%%51%%\u00bb background_layout=\u00bblight\u00bb disabled=\u00bboff\u00bb disabled_on=\u00bboff|off|off\u00bb gallery_ids=\u00bb9895,9894,9893,9892,9891,9890,9889,9888&#8243; pagination_font_size_tablet=\u00bb51&#8243; pagination_line_height_tablet=\u00bb2&#8243; \/][et_pb_video _builder_version=\u00bb3.0.51&#8243; disabled=\u00bbon\u00bb disabled_on=\u00bbon|on|on\u00bb \/][\/et_pb_column][\/et_pb_row][\/et_pb_section]<\/p>\n<!-- AddThis Advanced Settings generic via filter on the_content --><!-- AddThis Share Buttons generic via filter on the_content -->","protected":false},"excerpt":{"rendered":"<p>Els alumnes de tercer de prim\u00e0ria, han rebut a les seues aules al protagonista del seu projecte de ci\u00e8ncies naturals i ci\u00e8ncies socials, l\u2019inspector Et. Des que va comen\u00e7ar el curs, han estat investigant amb ell el motiu de la desaparici\u00f3 d\u2019un iceberg al poble dels Inuit a Grenl\u00e0ndia i a Irlanda, el misteri de [&hellip;]<\/p>\n<p><!-- AddThis Advanced Settings generic via filter on get_the_excerpt --><!-- AddThis Share Buttons generic via filter on get_the_excerpt --><\/p>\n","protected":false},"author":6,"featured_media":9893,"comment_status":"closed","ping_status":"open","sticky":false,"template":"","format":"standard","meta":{"_et_pb_use_builder":"on","_et_pb_old_content":"","_et_gb_content_width":"","footnotes":""},"categories":[14],"tags":[],"class_list":["post-9887","post","type-post","status-publish","format-standard","has-post-thumbnail","hentry","category-noticia_colegio"],"yoast_head":"<!-- This site is optimized with the Yoast SEO plugin v28.4 - https:\/\/yoast.com\/product\/yoast-seo-wordpress\/ -->\n<title>Els alumnes reben a L\u2019Inspector Et: projecte de ci\u00e8ncies a tercer de prim\u00e0ria - Colegio San Juan Bosco Valencia<\/title>\n<meta name=\"robots\" content=\"index, follow, max-snippet:-1, max-image-preview:large, max-video-preview:-1\" \/>\n<link rel=\"canonical\" href=\"https:\/\/valenciasjb.salesianos.edu\/colegio\/els-alumnes-reben-a-linspector-et-projecte-de-ciencies-a-tercer-de-primaria\/\" \/>\n<meta property=\"og:locale\" content=\"es_ES\" \/>\n<meta property=\"og:type\" content=\"article\" \/>\n<meta property=\"og:title\" content=\"Els alumnes reben a L\u2019Inspector Et: projecte de ci\u00e8ncies a tercer de prim\u00e0ria - Colegio San Juan Bosco Valencia\" \/>\n<meta property=\"og:description\" content=\"Els alumnes de tercer de prim\u00e0ria, han rebut a les seues aules al protagonista del seu projecte de ci\u00e8ncies naturals i ci\u00e8ncies socials, l\u2019inspector Et. Des que va comen\u00e7ar el curs, han estat investigant amb ell el motiu de la desaparici\u00f3 d\u2019un iceberg al poble dels Inuit a Grenl\u00e0ndia i a Irlanda, el misteri de [&hellip;]\" \/>\n<meta property=\"og:url\" content=\"https:\/\/valenciasjb.salesianos.edu\/colegio\/els-alumnes-reben-a-linspector-et-projecte-de-ciencies-a-tercer-de-primaria\/\" \/>\n<meta property=\"og:site_name\" content=\"Colegio San Juan Bosco Valencia\" \/>\n<meta property=\"article:publisher\" content=\"https:\/\/www.facebook.com\/ColegioSalesianoSanJuanBoscoValencia\" \/>\n<meta property=\"article:published_time\" content=\"2018-11-12T20:32:21+00:00\" \/>\n<meta property=\"og:image\" content=\"https:\/\/valenciasjb.salesianos.edu\/colegio\/wp-content\/uploads\/sites\/2\/2018\/11\/Copia-de-20181029_095720-1024x576.jpg\" \/>\n\t<meta property=\"og:image:width\" content=\"1024\" \/>\n\t<meta property=\"og:image:height\" content=\"576\" \/>\n\t<meta property=\"og:image:type\" content=\"image\/jpeg\" \/>\n<meta name=\"author\" content=\"veronicapastor\" \/>\n<meta name=\"twitter:card\" content=\"summary_large_image\" \/>\n<meta name=\"twitter:creator\" content=\"@SalesianosVSJB\" \/>\n<meta name=\"twitter:site\" content=\"@SalesianosVSJB\" \/>\n<meta name=\"twitter:label1\" content=\"Escrito por\" \/>\n\t<meta name=\"twitter:data1\" content=\"veronicapastor\" \/>\n\t<meta name=\"twitter:label2\" content=\"Tiempo de lectura\" \/>\n\t<meta name=\"twitter:data2\" content=\"2 minutos\" \/>\n<script type=\"application\/ld+json\" class=\"yoast-schema-graph\">{\"@context\":\"https:\\\/\\\/schema.org\",\"@graph\":[{\"@type\":\"Article\",\"@id\":\"https:\\\/\\\/valenciasjb.salesianos.edu\\\/colegio\\\/els-alumnes-reben-a-linspector-et-projecte-de-ciencies-a-tercer-de-primaria\\\/#article\",\"isPartOf\":{\"@id\":\"https:\\\/\\\/valenciasjb.salesianos.edu\\\/colegio\\\/els-alumnes-reben-a-linspector-et-projecte-de-ciencies-a-tercer-de-primaria\\\/\"},\"author\":{\"name\":\"veronicapastor\",\"@id\":\"https:\\\/\\\/valenciasjb.salesianos.edu\\\/colegio\\\/#\\\/schema\\\/person\\\/1f45b67e52b27da175190a574db6bed9\"},\"headline\":\"Els alumnes reben a L\u2019Inspector Et: projecte de ci\u00e8ncies a tercer de prim\u00e0ria\",\"datePublished\":\"2018-11-12T20:32:21+00:00\",\"mainEntityOfPage\":{\"@id\":\"https:\\\/\\\/valenciasjb.salesianos.edu\\\/colegio\\\/els-alumnes-reben-a-linspector-et-projecte-de-ciencies-a-tercer-de-primaria\\\/\"},\"wordCount\":412,\"image\":{\"@id\":\"https:\\\/\\\/valenciasjb.salesianos.edu\\\/colegio\\\/els-alumnes-reben-a-linspector-et-projecte-de-ciencies-a-tercer-de-primaria\\\/#primaryimage\"},\"thumbnailUrl\":\"https:\\\/\\\/valenciasjb.salesianos.edu\\\/colegio\\\/wp-content\\\/uploads\\\/sites\\\/2\\\/2018\\\/11\\\/Copia-de-20181029_095720.jpg\",\"articleSection\":[\"Noticia Colegio\"],\"inLanguage\":\"es\"},{\"@type\":\"WebPage\",\"@id\":\"https:\\\/\\\/valenciasjb.salesianos.edu\\\/colegio\\\/els-alumnes-reben-a-linspector-et-projecte-de-ciencies-a-tercer-de-primaria\\\/\",\"url\":\"https:\\\/\\\/valenciasjb.salesianos.edu\\\/colegio\\\/els-alumnes-reben-a-linspector-et-projecte-de-ciencies-a-tercer-de-primaria\\\/\",\"name\":\"Els alumnes reben a L\u2019Inspector Et: projecte de ci\u00e8ncies a tercer de prim\u00e0ria - Colegio San Juan Bosco Valencia\",\"isPartOf\":{\"@id\":\"https:\\\/\\\/valenciasjb.salesianos.edu\\\/colegio\\\/#website\"},\"primaryImageOfPage\":{\"@id\":\"https:\\\/\\\/valenciasjb.salesianos.edu\\\/colegio\\\/els-alumnes-reben-a-linspector-et-projecte-de-ciencies-a-tercer-de-primaria\\\/#primaryimage\"},\"image\":{\"@id\":\"https:\\\/\\\/valenciasjb.salesianos.edu\\\/colegio\\\/els-alumnes-reben-a-linspector-et-projecte-de-ciencies-a-tercer-de-primaria\\\/#primaryimage\"},\"thumbnailUrl\":\"https:\\\/\\\/valenciasjb.salesianos.edu\\\/colegio\\\/wp-content\\\/uploads\\\/sites\\\/2\\\/2018\\\/11\\\/Copia-de-20181029_095720.jpg\",\"datePublished\":\"2018-11-12T20:32:21+00:00\",\"author\":{\"@id\":\"https:\\\/\\\/valenciasjb.salesianos.edu\\\/colegio\\\/#\\\/schema\\\/person\\\/1f45b67e52b27da175190a574db6bed9\"},\"breadcrumb\":{\"@id\":\"https:\\\/\\\/valenciasjb.salesianos.edu\\\/colegio\\\/els-alumnes-reben-a-linspector-et-projecte-de-ciencies-a-tercer-de-primaria\\\/#breadcrumb\"},\"inLanguage\":\"es\",\"potentialAction\":[{\"@type\":\"ReadAction\",\"target\":[\"https:\\\/\\\/valenciasjb.salesianos.edu\\\/colegio\\\/els-alumnes-reben-a-linspector-et-projecte-de-ciencies-a-tercer-de-primaria\\\/\"]}]},{\"@type\":\"ImageObject\",\"inLanguage\":\"es\",\"@id\":\"https:\\\/\\\/valenciasjb.salesianos.edu\\\/colegio\\\/els-alumnes-reben-a-linspector-et-projecte-de-ciencies-a-tercer-de-primaria\\\/#primaryimage\",\"url\":\"https:\\\/\\\/valenciasjb.salesianos.edu\\\/colegio\\\/wp-content\\\/uploads\\\/sites\\\/2\\\/2018\\\/11\\\/Copia-de-20181029_095720.jpg\",\"contentUrl\":\"https:\\\/\\\/valenciasjb.salesianos.edu\\\/colegio\\\/wp-content\\\/uploads\\\/sites\\\/2\\\/2018\\\/11\\\/Copia-de-20181029_095720.jpg\",\"width\":4128,\"height\":2322},{\"@type\":\"BreadcrumbList\",\"@id\":\"https:\\\/\\\/valenciasjb.salesianos.edu\\\/colegio\\\/els-alumnes-reben-a-linspector-et-projecte-de-ciencies-a-tercer-de-primaria\\\/#breadcrumb\",\"itemListElement\":[{\"@type\":\"ListItem\",\"position\":1,\"name\":\"Portada\",\"item\":\"https:\\\/\\\/valenciasjb.salesianos.edu\\\/colegio\\\/\"},{\"@type\":\"ListItem\",\"position\":2,\"name\":\"Els alumnes reben a L\u2019Inspector Et: projecte de ci\u00e8ncies a tercer de prim\u00e0ria\"}]},{\"@type\":\"WebSite\",\"@id\":\"https:\\\/\\\/valenciasjb.salesianos.edu\\\/colegio\\\/#website\",\"url\":\"https:\\\/\\\/valenciasjb.salesianos.edu\\\/colegio\\\/\",\"name\":\"Colegio San Juan Bosco Valencia\",\"description\":\"P\u00e1gina oficial del Colegio Salesianos San Juan Bosco Valencia\",\"alternateName\":\"Salesianos.VSJB\",\"potentialAction\":[{\"@type\":\"SearchAction\",\"target\":{\"@type\":\"EntryPoint\",\"urlTemplate\":\"https:\\\/\\\/valenciasjb.salesianos.edu\\\/colegio\\\/?s={search_term_string}\"},\"query-input\":{\"@type\":\"PropertyValueSpecification\",\"valueRequired\":true,\"valueName\":\"search_term_string\"}}],\"inLanguage\":\"es\"},{\"@type\":\"Person\",\"@id\":\"https:\\\/\\\/valenciasjb.salesianos.edu\\\/colegio\\\/#\\\/schema\\\/person\\\/1f45b67e52b27da175190a574db6bed9\",\"name\":\"veronicapastor\",\"image\":{\"@type\":\"ImageObject\",\"inLanguage\":\"es\",\"@id\":\"https:\\\/\\\/secure.gravatar.com\\\/avatar\\\/e29bd40bace3fd935e1d6fdb7313ffc14628cc037c5e16f4c7369b20a2a6f7f0?s=96&d=mm&r=g\",\"url\":\"https:\\\/\\\/secure.gravatar.com\\\/avatar\\\/e29bd40bace3fd935e1d6fdb7313ffc14628cc037c5e16f4c7369b20a2a6f7f0?s=96&d=mm&r=g\",\"contentUrl\":\"https:\\\/\\\/secure.gravatar.com\\\/avatar\\\/e29bd40bace3fd935e1d6fdb7313ffc14628cc037c5e16f4c7369b20a2a6f7f0?s=96&d=mm&r=g\",\"caption\":\"veronicapastor\"}}]}<\/script>\n<!-- \/ Yoast SEO plugin. -->","yoast_head_json":{"title":"Els alumnes reben a L\u2019Inspector Et: projecte de ci\u00e8ncies a tercer de prim\u00e0ria - Colegio San Juan Bosco Valencia","robots":{"index":"index","follow":"follow","max-snippet":"max-snippet:-1","max-image-preview":"max-image-preview:large","max-video-preview":"max-video-preview:-1"},"canonical":"https:\/\/valenciasjb.salesianos.edu\/colegio\/els-alumnes-reben-a-linspector-et-projecte-de-ciencies-a-tercer-de-primaria\/","og_locale":"es_ES","og_type":"article","og_title":"Els alumnes reben a L\u2019Inspector Et: projecte de ci\u00e8ncies a tercer de prim\u00e0ria - Colegio San Juan Bosco Valencia","og_description":"Els alumnes de tercer de prim\u00e0ria, han rebut a les seues aules al protagonista del seu projecte de ci\u00e8ncies naturals i ci\u00e8ncies socials, l\u2019inspector Et. Des que va comen\u00e7ar el curs, han estat investigant amb ell el motiu de la desaparici\u00f3 d\u2019un iceberg al poble dels Inuit a Grenl\u00e0ndia i a Irlanda, el misteri de [&hellip;]","og_url":"https:\/\/valenciasjb.salesianos.edu\/colegio\/els-alumnes-reben-a-linspector-et-projecte-de-ciencies-a-tercer-de-primaria\/","og_site_name":"Colegio San Juan Bosco Valencia","article_publisher":"https:\/\/www.facebook.com\/ColegioSalesianoSanJuanBoscoValencia","article_published_time":"2018-11-12T20:32:21+00:00","og_image":[{"width":1024,"height":576,"url":"https:\/\/valenciasjb.salesianos.edu\/colegio\/wp-content\/uploads\/sites\/2\/2018\/11\/Copia-de-20181029_095720-1024x576.jpg","type":"image\/jpeg"}],"author":"veronicapastor","twitter_card":"summary_large_image","twitter_creator":"@SalesianosVSJB","twitter_site":"@SalesianosVSJB","twitter_misc":{"Escrito por":"veronicapastor","Tiempo de lectura":"2 minutos"},"schema":{"@context":"https:\/\/schema.org","@graph":[{"@type":"Article","@id":"https:\/\/valenciasjb.salesianos.edu\/colegio\/els-alumnes-reben-a-linspector-et-projecte-de-ciencies-a-tercer-de-primaria\/#article","isPartOf":{"@id":"https:\/\/valenciasjb.salesianos.edu\/colegio\/els-alumnes-reben-a-linspector-et-projecte-de-ciencies-a-tercer-de-primaria\/"},"author":{"name":"veronicapastor","@id":"https:\/\/valenciasjb.salesianos.edu\/colegio\/#\/schema\/person\/1f45b67e52b27da175190a574db6bed9"},"headline":"Els alumnes reben a L\u2019Inspector Et: projecte de ci\u00e8ncies a tercer de prim\u00e0ria","datePublished":"2018-11-12T20:32:21+00:00","mainEntityOfPage":{"@id":"https:\/\/valenciasjb.salesianos.edu\/colegio\/els-alumnes-reben-a-linspector-et-projecte-de-ciencies-a-tercer-de-primaria\/"},"wordCount":412,"image":{"@id":"https:\/\/valenciasjb.salesianos.edu\/colegio\/els-alumnes-reben-a-linspector-et-projecte-de-ciencies-a-tercer-de-primaria\/#primaryimage"},"thumbnailUrl":"https:\/\/valenciasjb.salesianos.edu\/colegio\/wp-content\/uploads\/sites\/2\/2018\/11\/Copia-de-20181029_095720.jpg","articleSection":["Noticia Colegio"],"inLanguage":"es"},{"@type":"WebPage","@id":"https:\/\/valenciasjb.salesianos.edu\/colegio\/els-alumnes-reben-a-linspector-et-projecte-de-ciencies-a-tercer-de-primaria\/","url":"https:\/\/valenciasjb.salesianos.edu\/colegio\/els-alumnes-reben-a-linspector-et-projecte-de-ciencies-a-tercer-de-primaria\/","name":"Els alumnes reben a L\u2019Inspector Et: projecte de ci\u00e8ncies a tercer de prim\u00e0ria - Colegio San Juan Bosco Valencia","isPartOf":{"@id":"https:\/\/valenciasjb.salesianos.edu\/colegio\/#website"},"primaryImageOfPage":{"@id":"https:\/\/valenciasjb.salesianos.edu\/colegio\/els-alumnes-reben-a-linspector-et-projecte-de-ciencies-a-tercer-de-primaria\/#primaryimage"},"image":{"@id":"https:\/\/valenciasjb.salesianos.edu\/colegio\/els-alumnes-reben-a-linspector-et-projecte-de-ciencies-a-tercer-de-primaria\/#primaryimage"},"thumbnailUrl":"https:\/\/valenciasjb.salesianos.edu\/colegio\/wp-content\/uploads\/sites\/2\/2018\/11\/Copia-de-20181029_095720.jpg","datePublished":"2018-11-12T20:32:21+00:00","author":{"@id":"https:\/\/valenciasjb.salesianos.edu\/colegio\/#\/schema\/person\/1f45b67e52b27da175190a574db6bed9"},"breadcrumb":{"@id":"https:\/\/valenciasjb.salesianos.edu\/colegio\/els-alumnes-reben-a-linspector-et-projecte-de-ciencies-a-tercer-de-primaria\/#breadcrumb"},"inLanguage":"es","potentialAction":[{"@type":"ReadAction","target":["https:\/\/valenciasjb.salesianos.edu\/colegio\/els-alumnes-reben-a-linspector-et-projecte-de-ciencies-a-tercer-de-primaria\/"]}]},{"@type":"ImageObject","inLanguage":"es","@id":"https:\/\/valenciasjb.salesianos.edu\/colegio\/els-alumnes-reben-a-linspector-et-projecte-de-ciencies-a-tercer-de-primaria\/#primaryimage","url":"https:\/\/valenciasjb.salesianos.edu\/colegio\/wp-content\/uploads\/sites\/2\/2018\/11\/Copia-de-20181029_095720.jpg","contentUrl":"https:\/\/valenciasjb.salesianos.edu\/colegio\/wp-content\/uploads\/sites\/2\/2018\/11\/Copia-de-20181029_095720.jpg","width":4128,"height":2322},{"@type":"BreadcrumbList","@id":"https:\/\/valenciasjb.salesianos.edu\/colegio\/els-alumnes-reben-a-linspector-et-projecte-de-ciencies-a-tercer-de-primaria\/#breadcrumb","itemListElement":[{"@type":"ListItem","position":1,"name":"Portada","item":"https:\/\/valenciasjb.salesianos.edu\/colegio\/"},{"@type":"ListItem","position":2,"name":"Els alumnes reben a L\u2019Inspector Et: projecte de ci\u00e8ncies a tercer de prim\u00e0ria"}]},{"@type":"WebSite","@id":"https:\/\/valenciasjb.salesianos.edu\/colegio\/#website","url":"https:\/\/valenciasjb.salesianos.edu\/colegio\/","name":"Colegio San Juan Bosco Valencia","description":"P\u00e1gina oficial del Colegio Salesianos San Juan Bosco Valencia","alternateName":"Salesianos.VSJB","potentialAction":[{"@type":"SearchAction","target":{"@type":"EntryPoint","urlTemplate":"https:\/\/valenciasjb.salesianos.edu\/colegio\/?s={search_term_string}"},"query-input":{"@type":"PropertyValueSpecification","valueRequired":true,"valueName":"search_term_string"}}],"inLanguage":"es"},{"@type":"Person","@id":"https:\/\/valenciasjb.salesianos.edu\/colegio\/#\/schema\/person\/1f45b67e52b27da175190a574db6bed9","name":"veronicapastor","image":{"@type":"ImageObject","inLanguage":"es","@id":"https:\/\/secure.gravatar.com\/avatar\/e29bd40bace3fd935e1d6fdb7313ffc14628cc037c5e16f4c7369b20a2a6f7f0?s=96&d=mm&r=g","url":"https:\/\/secure.gravatar.com\/avatar\/e29bd40bace3fd935e1d6fdb7313ffc14628cc037c5e16f4c7369b20a2a6f7f0?s=96&d=mm&r=g","contentUrl":"https:\/\/secure.gravatar.com\/avatar\/e29bd40bace3fd935e1d6fdb7313ffc14628cc037c5e16f4c7369b20a2a6f7f0?s=96&d=mm&r=g","caption":"veronicapastor"}}]}},"_links":{"self":[{"href":"https:\/\/valenciasjb.salesianos.edu\/colegio\/wp-json\/wp\/v2\/posts\/9887","targetHints":{"allow":["GET"]}}],"collection":[{"href":"https:\/\/valenciasjb.salesianos.edu\/colegio\/wp-json\/wp\/v2\/posts"}],"about":[{"href":"https:\/\/valenciasjb.salesianos.edu\/colegio\/wp-json\/wp\/v2\/types\/post"}],"author":[{"embeddable":true,"href":"https:\/\/valenciasjb.salesianos.edu\/colegio\/wp-json\/wp\/v2\/users\/6"}],"replies":[{"embeddable":true,"href":"https:\/\/valenciasjb.salesianos.edu\/colegio\/wp-json\/wp\/v2\/comments?post=9887"}],"version-history":[{"count":1,"href":"https:\/\/valenciasjb.salesianos.edu\/colegio\/wp-json\/wp\/v2\/posts\/9887\/revisions"}],"predecessor-version":[{"id":9896,"href":"https:\/\/valenciasjb.salesianos.edu\/colegio\/wp-json\/wp\/v2\/posts\/9887\/revisions\/9896"}],"wp:featuredmedia":[{"embeddable":true,"href":"https:\/\/valenciasjb.salesianos.edu\/colegio\/wp-json\/wp\/v2\/media\/9893"}],"wp:attachment":[{"href":"https:\/\/valenciasjb.salesianos.edu\/colegio\/wp-json\/wp\/v2\/media?parent=9887"}],"wp:term":[{"taxonomy":"category","embeddable":true,"href":"https:\/\/valenciasjb.salesianos.edu\/colegio\/wp-json\/wp\/v2\/categories?post=9887"},{"taxonomy":"post_tag","embeddable":true,"href":"https:\/\/valenciasjb.salesianos.edu\/colegio\/wp-json\/wp\/v2\/tags?post=9887"}],"curies":[{"name":"wp","href":"https:\/\/api.w.org\/{rel}","templated":true}]}}