{"id":9928,"date":"2018-11-27T10:01:55","date_gmt":"2018-11-27T09:01:55","guid":{"rendered":"https:\/\/valenciasjb.salesianos.edu\/colegio\/?p=9928"},"modified":"2018-11-27T10:01:55","modified_gmt":"2018-11-27T09:01:55","slug":"la-edicion-navidena-del-concierto-solidario-testigos-de-la-luz-pretende-renovar-nuestra-responsabilidad-y-nuestro-compromiso-como-cristianos-de-ser-testimonios-de-la-llegada-de-jesus","status":"publish","type":"post","link":"https:\/\/valenciasjb.salesianos.edu\/colegio\/la-edicion-navidena-del-concierto-solidario-testigos-de-la-luz-pretende-renovar-nuestra-responsabilidad-y-nuestro-compromiso-como-cristianos-de-ser-testimonios-de-la-llegada-de-jesus\/","title":{"rendered":"La edici\u00f3n navide\u00f1a del Concierto Solidario \u201cTestigos de la Luz\u201d pretende renovar nuestra responsabilidad y nuestro compromiso como cristianos de ser testimonios de la llegada de Jes\u00fas"},"content":{"rendered":"<div id=\"fb-root\"><\/div>\n<p>[et_pb_section bb_built=\u00bb1&#8243; admin_label=\u00bbsection\u00bb][et_pb_row admin_label=\u00bbrow\u00bb background_position=\u00bbtop_left\u00bb background_repeat=\u00bbrepeat\u00bb background_size=\u00bbinitial\u00bb][et_pb_column type=\u00bb4_4&#8243;][et_pb_text admin_label=\u00bbEntradilla (Texto)\u00bb _builder_version=\u00bb3.0.105&#8243; background_layout=\u00bblight\u00bb text_orientation=\u00bbjustified\u00bb text_font=\u00bb|on|||\u00bb module_alignment=\u00bbleft\u00bb]<\/p>\n<div id=\"resumen\">\n<p><span style=\"font-weight: 400\">En menos de un mes, nuestro colegio estrenar\u00e1 el esperado Concierto Solidario de este curso con el t\u00edtulo \u201cTestigos de la Luz\u201d. Con este lema queremos renovar por Navidad nuestra responsabilidad y nuestro compromiso como cristianos de ser testimonios de la llegada de Jes\u00fas. Guiados por la Estrella e iluminados por la luz de su nacimiento, queremos contribuir a erradicar las injusticias del mundo y reforzar las buenas acciones que se llevan adelante.<\/span><\/p>\n<\/div>\n<div><\/div>\n<p>[\/et_pb_text][et_pb_text admin_label=\u00bbAutor (Texto)\u00bb _builder_version=\u00bb3.0.105&#8243; background_layout=\u00bblight\u00bb text_font=\u00bb||on||\u00bb]<\/p>\n<p>Redacci\u00f3n.<\/p>\n<p>[\/et_pb_text][et_pb_text admin_label=\u00bbDesarrollo (Texto)\u00bb _builder_version=\u00bb3.0.105&#8243; background_layout=\u00bblight\u00bb text_orientation=\u00bbjustified\u00bb module_alignment=\u00bbleft\u00bb]<\/p>\n<p><span style=\"font-weight: 400\">En esta edici\u00f3n navide\u00f1a del Concierto Solidario, en el que participan 240 personas de forma directa e indirecta, se podr\u00e1 disfrutar de un formato algo distinto al de las anteriores ediciones. Los espectadores que asistan al teatro del Colegio Salesiano San Juan Bosco de Valencia podr\u00e1n disfrutar de dos horas de espect\u00e1culo con magn\u00edficas versiones y arreglos de villancicos navide\u00f1os interpretados en directo por 8 m\u00fasicos, 90 cantantes y m\u00e1s de 100 bailarines. Adem\u00e1s, un grupo de casi 20 actrices actuar\u00e1n sobre el escenario para contar cuatro historias navide\u00f1as independientes con un potente mensaje y en donde la \u201cestrella\u201d jugar\u00e1 un papel importante.<\/span><\/p>\n<p><span style=\"font-weight: 400\">Las representaciones ser\u00e1n el viernes 21 de diciembre a las 19:00, el s\u00e1bado 22 a las 20:00 y el domingo 23 a las 18:00.<\/span><\/p>\n<p><span style=\"font-weight: 400\">Las entradas podr\u00e1n adquirirse el mi\u00e9rcoles 12 de diciembre de 17:30 a 19:00 en la sala 80 del colegio, acceso por el patio, desde 3\u20ac. Todo el dinero que se recaude en la venta de entradas y con las \u00a0donaciones que se realicen en el momento de su compra, ir\u00e1n destinadas a tres ONG: ACNUR, Juegaterapia y C\u00e1ritas Parroquia Mar\u00eda Auxiliadora. Adem\u00e1s, tanto al empezar como al acabar el espect\u00e1culo, y durante el tiempo de descanso, habr\u00e1 un estand de cada una de las ONG en el que poder informarse, hablar con sus voluntarios y adquirir productos de la Organizaci\u00f3n.<\/span><\/p>\n<p>[\/et_pb_text][et_pb_text admin_label=\u00bbT\u00edtulo: Galer\u00eda de fotos (Texto)\u00bb _builder_version=\u00bb3.0.76&#8243; background_layout=\u00bblight\u00bb text_font=\u00bb|on|||\u00bb text_text_color=\u00bb#dc001b\u00bb border_style=\u00bbsolid\u00bb disabled=\u00bboff\u00bb disabled_on=\u00bboff|on|on\u00bb]<\/p>\n<p>Galer\u00eda de im\u00e1genes<\/p>\n<p>[\/et_pb_text][et_pb_gallery _builder_version=\u00bb3.0.105&#8243; posts_number=\u00bb8&#8243; show_title_and_caption=\u00bboff\u00bb show_pagination=\u00bbon\u00bb fullwidth=\u00bboff\u00bb orientation=\u00bblandscape\u00bb zoom_icon_color=\u00bb#dc001b\u00bb hover_overlay_color=\u00bbrgba(255,255,255,0.9)\u00bb hover_icon=\u00bb%%51%%\u00bb background_layout=\u00bblight\u00bb disabled=\u00bboff\u00bb disabled_on=\u00bboff|off|off\u00bb gallery_ids=\u00bb9930,9929&#8243; pagination_font_size_tablet=\u00bb51&#8243; pagination_line_height_tablet=\u00bb2&#8243; \/][et_pb_video _builder_version=\u00bb3.0.105&#8243; disabled=\u00bboff\u00bb disabled_on=\u00bboff|off|off\u00bb src=\u00bbhttps:\/\/youtu.be\/aE4SXGKoZhA\u00bb \/][\/et_pb_column][\/et_pb_row][\/et_pb_section]<\/p>\n<!-- AddThis Advanced Settings generic via filter on the_content --><!-- AddThis Share Buttons generic via filter on the_content -->","protected":false},"excerpt":{"rendered":"<p>En menos de un mes, nuestro colegio estrenar\u00e1 el esperado Concierto Solidario de este curso con el t\u00edtulo \u201cTestigos de la Luz\u201d. Con este lema queremos renovar por Navidad nuestra responsabilidad y nuestro compromiso como cristianos de ser testimonios de la llegada de Jes\u00fas. Guiados por la Estrella e iluminados por la luz de su [&hellip;]<\/p>\n<p><!-- AddThis Advanced Settings generic via filter on get_the_excerpt --><!-- AddThis Share Buttons generic via filter on get_the_excerpt --><\/p>\n","protected":false},"author":6,"featured_media":9930,"comment_status":"closed","ping_status":"open","sticky":false,"template":"","format":"standard","meta":{"_et_pb_use_builder":"on","_et_pb_old_content":"","_et_gb_content_width":"","footnotes":""},"categories":[14],"tags":[],"class_list":["post-9928","post","type-post","status-publish","format-standard","has-post-thumbnail","hentry","category-noticia_colegio"],"yoast_head":"<!-- This site is optimized with the Yoast SEO plugin v28.4 - https:\/\/yoast.com\/product\/yoast-seo-wordpress\/ -->\n<title>La edici\u00f3n navide\u00f1a del Concierto Solidario \u201cTestigos de la Luz\u201d pretende renovar nuestra responsabilidad y nuestro compromiso como cristianos de ser testimonios de la llegada de Jes\u00fas - Colegio San Juan Bosco Valencia<\/title>\n<meta name=\"robots\" content=\"index, follow, max-snippet:-1, max-image-preview:large, max-video-preview:-1\" \/>\n<link rel=\"canonical\" href=\"https:\/\/valenciasjb.salesianos.edu\/colegio\/la-edicion-navidena-del-concierto-solidario-testigos-de-la-luz-pretende-renovar-nuestra-responsabilidad-y-nuestro-compromiso-como-cristianos-de-ser-testimonios-de-la-llegada-de-jesus\/\" \/>\n<meta property=\"og:locale\" content=\"es_ES\" \/>\n<meta property=\"og:type\" content=\"article\" \/>\n<meta property=\"og:title\" content=\"La edici\u00f3n navide\u00f1a del Concierto Solidario \u201cTestigos de la Luz\u201d pretende renovar nuestra responsabilidad y nuestro compromiso como cristianos de ser testimonios de la llegada de Jes\u00fas - Colegio San Juan Bosco Valencia\" \/>\n<meta property=\"og:description\" content=\"En menos de un mes, nuestro colegio estrenar\u00e1 el esperado Concierto Solidario de este curso con el t\u00edtulo \u201cTestigos de la Luz\u201d. Con este lema queremos renovar por Navidad nuestra responsabilidad y nuestro compromiso como cristianos de ser testimonios de la llegada de Jes\u00fas. Guiados por la Estrella e iluminados por la luz de su [&hellip;]\" \/>\n<meta property=\"og:url\" content=\"https:\/\/valenciasjb.salesianos.edu\/colegio\/la-edicion-navidena-del-concierto-solidario-testigos-de-la-luz-pretende-renovar-nuestra-responsabilidad-y-nuestro-compromiso-como-cristianos-de-ser-testimonios-de-la-llegada-de-jesus\/\" \/>\n<meta property=\"og:site_name\" content=\"Colegio San Juan Bosco Valencia\" \/>\n<meta property=\"article:publisher\" content=\"https:\/\/www.facebook.com\/ColegioSalesianoSanJuanBoscoValencia\" \/>\n<meta property=\"article:published_time\" content=\"2018-11-27T09:01:55+00:00\" \/>\n<meta property=\"og:image\" content=\"https:\/\/valenciasjb.salesianos.edu\/colegio\/wp-content\/uploads\/sites\/2\/2018\/11\/Captura-de-pantalla-de-2018-11-27-095742.png\" \/>\n\t<meta property=\"og:image:width\" content=\"1366\" \/>\n\t<meta property=\"og:image:height\" content=\"768\" \/>\n\t<meta property=\"og:image:type\" content=\"image\/png\" \/>\n<meta name=\"author\" content=\"veronicapastor\" \/>\n<meta name=\"twitter:card\" content=\"summary_large_image\" \/>\n<meta name=\"twitter:creator\" content=\"@SalesianosVSJB\" \/>\n<meta name=\"twitter:site\" content=\"@SalesianosVSJB\" \/>\n<meta name=\"twitter:label1\" content=\"Escrito por\" \/>\n\t<meta name=\"twitter:data1\" content=\"veronicapastor\" \/>\n\t<meta name=\"twitter:label2\" content=\"Tiempo de lectura\" \/>\n\t<meta name=\"twitter:data2\" content=\"3 minutos\" \/>\n<script type=\"application\/ld+json\" class=\"yoast-schema-graph\">{\"@context\":\"https:\\\/\\\/schema.org\",\"@graph\":[{\"@type\":\"Article\",\"@id\":\"https:\\\/\\\/valenciasjb.salesianos.edu\\\/colegio\\\/la-edicion-navidena-del-concierto-solidario-testigos-de-la-luz-pretende-renovar-nuestra-responsabilidad-y-nuestro-compromiso-como-cristianos-de-ser-testimonios-de-la-llegada-de-jesus\\\/#article\",\"isPartOf\":{\"@id\":\"https:\\\/\\\/valenciasjb.salesianos.edu\\\/colegio\\\/la-edicion-navidena-del-concierto-solidario-testigos-de-la-luz-pretende-renovar-nuestra-responsabilidad-y-nuestro-compromiso-como-cristianos-de-ser-testimonios-de-la-llegada-de-jesus\\\/\"},\"author\":{\"name\":\"veronicapastor\",\"@id\":\"https:\\\/\\\/valenciasjb.salesianos.edu\\\/colegio\\\/#\\\/schema\\\/person\\\/1f45b67e52b27da175190a574db6bed9\"},\"headline\":\"La edici\u00f3n navide\u00f1a del Concierto Solidario \u201cTestigos de la Luz\u201d pretende renovar nuestra responsabilidad y nuestro compromiso como cristianos de ser testimonios de la llegada de Jes\u00fas\",\"datePublished\":\"2018-11-27T09:01:55+00:00\",\"mainEntityOfPage\":{\"@id\":\"https:\\\/\\\/valenciasjb.salesianos.edu\\\/colegio\\\/la-edicion-navidena-del-concierto-solidario-testigos-de-la-luz-pretende-renovar-nuestra-responsabilidad-y-nuestro-compromiso-como-cristianos-de-ser-testimonios-de-la-llegada-de-jesus\\\/\"},\"wordCount\":550,\"image\":{\"@id\":\"https:\\\/\\\/valenciasjb.salesianos.edu\\\/colegio\\\/la-edicion-navidena-del-concierto-solidario-testigos-de-la-luz-pretende-renovar-nuestra-responsabilidad-y-nuestro-compromiso-como-cristianos-de-ser-testimonios-de-la-llegada-de-jesus\\\/#primaryimage\"},\"thumbnailUrl\":\"https:\\\/\\\/valenciasjb.salesianos.edu\\\/colegio\\\/wp-content\\\/uploads\\\/sites\\\/2\\\/2018\\\/11\\\/Captura-de-pantalla-de-2018-11-27-095742.png\",\"articleSection\":[\"Noticia Colegio\"],\"inLanguage\":\"es\"},{\"@type\":\"WebPage\",\"@id\":\"https:\\\/\\\/valenciasjb.salesianos.edu\\\/colegio\\\/la-edicion-navidena-del-concierto-solidario-testigos-de-la-luz-pretende-renovar-nuestra-responsabilidad-y-nuestro-compromiso-como-cristianos-de-ser-testimonios-de-la-llegada-de-jesus\\\/\",\"url\":\"https:\\\/\\\/valenciasjb.salesianos.edu\\\/colegio\\\/la-edicion-navidena-del-concierto-solidario-testigos-de-la-luz-pretende-renovar-nuestra-responsabilidad-y-nuestro-compromiso-como-cristianos-de-ser-testimonios-de-la-llegada-de-jesus\\\/\",\"name\":\"La edici\u00f3n navide\u00f1a del Concierto Solidario \u201cTestigos de la Luz\u201d pretende renovar nuestra responsabilidad y nuestro compromiso como cristianos de ser testimonios de la llegada de Jes\u00fas - Colegio San Juan Bosco Valencia\",\"isPartOf\":{\"@id\":\"https:\\\/\\\/valenciasjb.salesianos.edu\\\/colegio\\\/#website\"},\"primaryImageOfPage\":{\"@id\":\"https:\\\/\\\/valenciasjb.salesianos.edu\\\/colegio\\\/la-edicion-navidena-del-concierto-solidario-testigos-de-la-luz-pretende-renovar-nuestra-responsabilidad-y-nuestro-compromiso-como-cristianos-de-ser-testimonios-de-la-llegada-de-jesus\\\/#primaryimage\"},\"image\":{\"@id\":\"https:\\\/\\\/valenciasjb.salesianos.edu\\\/colegio\\\/la-edicion-navidena-del-concierto-solidario-testigos-de-la-luz-pretende-renovar-nuestra-responsabilidad-y-nuestro-compromiso-como-cristianos-de-ser-testimonios-de-la-llegada-de-jesus\\\/#primaryimage\"},\"thumbnailUrl\":\"https:\\\/\\\/valenciasjb.salesianos.edu\\\/colegio\\\/wp-content\\\/uploads\\\/sites\\\/2\\\/2018\\\/11\\\/Captura-de-pantalla-de-2018-11-27-095742.png\",\"datePublished\":\"2018-11-27T09:01:55+00:00\",\"author\":{\"@id\":\"https:\\\/\\\/valenciasjb.salesianos.edu\\\/colegio\\\/#\\\/schema\\\/person\\\/1f45b67e52b27da175190a574db6bed9\"},\"breadcrumb\":{\"@id\":\"https:\\\/\\\/valenciasjb.salesianos.edu\\\/colegio\\\/la-edicion-navidena-del-concierto-solidario-testigos-de-la-luz-pretende-renovar-nuestra-responsabilidad-y-nuestro-compromiso-como-cristianos-de-ser-testimonios-de-la-llegada-de-jesus\\\/#breadcrumb\"},\"inLanguage\":\"es\",\"potentialAction\":[{\"@type\":\"ReadAction\",\"target\":[\"https:\\\/\\\/valenciasjb.salesianos.edu\\\/colegio\\\/la-edicion-navidena-del-concierto-solidario-testigos-de-la-luz-pretende-renovar-nuestra-responsabilidad-y-nuestro-compromiso-como-cristianos-de-ser-testimonios-de-la-llegada-de-jesus\\\/\"]}]},{\"@type\":\"ImageObject\",\"inLanguage\":\"es\",\"@id\":\"https:\\\/\\\/valenciasjb.salesianos.edu\\\/colegio\\\/la-edicion-navidena-del-concierto-solidario-testigos-de-la-luz-pretende-renovar-nuestra-responsabilidad-y-nuestro-compromiso-como-cristianos-de-ser-testimonios-de-la-llegada-de-jesus\\\/#primaryimage\",\"url\":\"https:\\\/\\\/valenciasjb.salesianos.edu\\\/colegio\\\/wp-content\\\/uploads\\\/sites\\\/2\\\/2018\\\/11\\\/Captura-de-pantalla-de-2018-11-27-095742.png\",\"contentUrl\":\"https:\\\/\\\/valenciasjb.salesianos.edu\\\/colegio\\\/wp-content\\\/uploads\\\/sites\\\/2\\\/2018\\\/11\\\/Captura-de-pantalla-de-2018-11-27-095742.png\",\"width\":1366,\"height\":768},{\"@type\":\"BreadcrumbList\",\"@id\":\"https:\\\/\\\/valenciasjb.salesianos.edu\\\/colegio\\\/la-edicion-navidena-del-concierto-solidario-testigos-de-la-luz-pretende-renovar-nuestra-responsabilidad-y-nuestro-compromiso-como-cristianos-de-ser-testimonios-de-la-llegada-de-jesus\\\/#breadcrumb\",\"itemListElement\":[{\"@type\":\"ListItem\",\"position\":1,\"name\":\"Portada\",\"item\":\"https:\\\/\\\/valenciasjb.salesianos.edu\\\/colegio\\\/\"},{\"@type\":\"ListItem\",\"position\":2,\"name\":\"La edici\u00f3n navide\u00f1a del Concierto Solidario \u201cTestigos de la Luz\u201d pretende renovar nuestra responsabilidad y nuestro compromiso como cristianos de ser testimonios de la llegada de Jes\u00fas\"}]},{\"@type\":\"WebSite\",\"@id\":\"https:\\\/\\\/valenciasjb.salesianos.edu\\\/colegio\\\/#website\",\"url\":\"https:\\\/\\\/valenciasjb.salesianos.edu\\\/colegio\\\/\",\"name\":\"Colegio San Juan Bosco Valencia\",\"description\":\"P\u00e1gina oficial del Colegio Salesianos San Juan Bosco Valencia\",\"alternateName\":\"Salesianos.VSJB\",\"potentialAction\":[{\"@type\":\"SearchAction\",\"target\":{\"@type\":\"EntryPoint\",\"urlTemplate\":\"https:\\\/\\\/valenciasjb.salesianos.edu\\\/colegio\\\/?s={search_term_string}\"},\"query-input\":{\"@type\":\"PropertyValueSpecification\",\"valueRequired\":true,\"valueName\":\"search_term_string\"}}],\"inLanguage\":\"es\"},{\"@type\":\"Person\",\"@id\":\"https:\\\/\\\/valenciasjb.salesianos.edu\\\/colegio\\\/#\\\/schema\\\/person\\\/1f45b67e52b27da175190a574db6bed9\",\"name\":\"veronicapastor\",\"image\":{\"@type\":\"ImageObject\",\"inLanguage\":\"es\",\"@id\":\"https:\\\/\\\/secure.gravatar.com\\\/avatar\\\/e29bd40bace3fd935e1d6fdb7313ffc14628cc037c5e16f4c7369b20a2a6f7f0?s=96&d=mm&r=g\",\"url\":\"https:\\\/\\\/secure.gravatar.com\\\/avatar\\\/e29bd40bace3fd935e1d6fdb7313ffc14628cc037c5e16f4c7369b20a2a6f7f0?s=96&d=mm&r=g\",\"contentUrl\":\"https:\\\/\\\/secure.gravatar.com\\\/avatar\\\/e29bd40bace3fd935e1d6fdb7313ffc14628cc037c5e16f4c7369b20a2a6f7f0?s=96&d=mm&r=g\",\"caption\":\"veronicapastor\"}}]}<\/script>\n<!-- \/ Yoast SEO plugin. -->","yoast_head_json":{"title":"La edici\u00f3n navide\u00f1a del Concierto Solidario \u201cTestigos de la Luz\u201d pretende renovar nuestra responsabilidad y nuestro compromiso como cristianos de ser testimonios de la llegada de Jes\u00fas - Colegio San Juan Bosco Valencia","robots":{"index":"index","follow":"follow","max-snippet":"max-snippet:-1","max-image-preview":"max-image-preview:large","max-video-preview":"max-video-preview:-1"},"canonical":"https:\/\/valenciasjb.salesianos.edu\/colegio\/la-edicion-navidena-del-concierto-solidario-testigos-de-la-luz-pretende-renovar-nuestra-responsabilidad-y-nuestro-compromiso-como-cristianos-de-ser-testimonios-de-la-llegada-de-jesus\/","og_locale":"es_ES","og_type":"article","og_title":"La edici\u00f3n navide\u00f1a del Concierto Solidario \u201cTestigos de la Luz\u201d pretende renovar nuestra responsabilidad y nuestro compromiso como cristianos de ser testimonios de la llegada de Jes\u00fas - Colegio San Juan Bosco Valencia","og_description":"En menos de un mes, nuestro colegio estrenar\u00e1 el esperado Concierto Solidario de este curso con el t\u00edtulo \u201cTestigos de la Luz\u201d. Con este lema queremos renovar por Navidad nuestra responsabilidad y nuestro compromiso como cristianos de ser testimonios de la llegada de Jes\u00fas. Guiados por la Estrella e iluminados por la luz de su [&hellip;]","og_url":"https:\/\/valenciasjb.salesianos.edu\/colegio\/la-edicion-navidena-del-concierto-solidario-testigos-de-la-luz-pretende-renovar-nuestra-responsabilidad-y-nuestro-compromiso-como-cristianos-de-ser-testimonios-de-la-llegada-de-jesus\/","og_site_name":"Colegio San Juan Bosco Valencia","article_publisher":"https:\/\/www.facebook.com\/ColegioSalesianoSanJuanBoscoValencia","article_published_time":"2018-11-27T09:01:55+00:00","og_image":[{"width":1366,"height":768,"url":"https:\/\/valenciasjb.salesianos.edu\/colegio\/wp-content\/uploads\/sites\/2\/2018\/11\/Captura-de-pantalla-de-2018-11-27-095742.png","type":"image\/png"}],"author":"veronicapastor","twitter_card":"summary_large_image","twitter_creator":"@SalesianosVSJB","twitter_site":"@SalesianosVSJB","twitter_misc":{"Escrito por":"veronicapastor","Tiempo de lectura":"3 minutos"},"schema":{"@context":"https:\/\/schema.org","@graph":[{"@type":"Article","@id":"https:\/\/valenciasjb.salesianos.edu\/colegio\/la-edicion-navidena-del-concierto-solidario-testigos-de-la-luz-pretende-renovar-nuestra-responsabilidad-y-nuestro-compromiso-como-cristianos-de-ser-testimonios-de-la-llegada-de-jesus\/#article","isPartOf":{"@id":"https:\/\/valenciasjb.salesianos.edu\/colegio\/la-edicion-navidena-del-concierto-solidario-testigos-de-la-luz-pretende-renovar-nuestra-responsabilidad-y-nuestro-compromiso-como-cristianos-de-ser-testimonios-de-la-llegada-de-jesus\/"},"author":{"name":"veronicapastor","@id":"https:\/\/valenciasjb.salesianos.edu\/colegio\/#\/schema\/person\/1f45b67e52b27da175190a574db6bed9"},"headline":"La edici\u00f3n navide\u00f1a del Concierto Solidario \u201cTestigos de la Luz\u201d pretende renovar nuestra responsabilidad y nuestro compromiso como cristianos de ser testimonios de la llegada de Jes\u00fas","datePublished":"2018-11-27T09:01:55+00:00","mainEntityOfPage":{"@id":"https:\/\/valenciasjb.salesianos.edu\/colegio\/la-edicion-navidena-del-concierto-solidario-testigos-de-la-luz-pretende-renovar-nuestra-responsabilidad-y-nuestro-compromiso-como-cristianos-de-ser-testimonios-de-la-llegada-de-jesus\/"},"wordCount":550,"image":{"@id":"https:\/\/valenciasjb.salesianos.edu\/colegio\/la-edicion-navidena-del-concierto-solidario-testigos-de-la-luz-pretende-renovar-nuestra-responsabilidad-y-nuestro-compromiso-como-cristianos-de-ser-testimonios-de-la-llegada-de-jesus\/#primaryimage"},"thumbnailUrl":"https:\/\/valenciasjb.salesianos.edu\/colegio\/wp-content\/uploads\/sites\/2\/2018\/11\/Captura-de-pantalla-de-2018-11-27-095742.png","articleSection":["Noticia Colegio"],"inLanguage":"es"},{"@type":"WebPage","@id":"https:\/\/valenciasjb.salesianos.edu\/colegio\/la-edicion-navidena-del-concierto-solidario-testigos-de-la-luz-pretende-renovar-nuestra-responsabilidad-y-nuestro-compromiso-como-cristianos-de-ser-testimonios-de-la-llegada-de-jesus\/","url":"https:\/\/valenciasjb.salesianos.edu\/colegio\/la-edicion-navidena-del-concierto-solidario-testigos-de-la-luz-pretende-renovar-nuestra-responsabilidad-y-nuestro-compromiso-como-cristianos-de-ser-testimonios-de-la-llegada-de-jesus\/","name":"La edici\u00f3n navide\u00f1a del Concierto Solidario \u201cTestigos de la Luz\u201d pretende renovar nuestra responsabilidad y nuestro compromiso como cristianos de ser testimonios de la llegada de Jes\u00fas - Colegio San Juan Bosco Valencia","isPartOf":{"@id":"https:\/\/valenciasjb.salesianos.edu\/colegio\/#website"},"primaryImageOfPage":{"@id":"https:\/\/valenciasjb.salesianos.edu\/colegio\/la-edicion-navidena-del-concierto-solidario-testigos-de-la-luz-pretende-renovar-nuestra-responsabilidad-y-nuestro-compromiso-como-cristianos-de-ser-testimonios-de-la-llegada-de-jesus\/#primaryimage"},"image":{"@id":"https:\/\/valenciasjb.salesianos.edu\/colegio\/la-edicion-navidena-del-concierto-solidario-testigos-de-la-luz-pretende-renovar-nuestra-responsabilidad-y-nuestro-compromiso-como-cristianos-de-ser-testimonios-de-la-llegada-de-jesus\/#primaryimage"},"thumbnailUrl":"https:\/\/valenciasjb.salesianos.edu\/colegio\/wp-content\/uploads\/sites\/2\/2018\/11\/Captura-de-pantalla-de-2018-11-27-095742.png","datePublished":"2018-11-27T09:01:55+00:00","author":{"@id":"https:\/\/valenciasjb.salesianos.edu\/colegio\/#\/schema\/person\/1f45b67e52b27da175190a574db6bed9"},"breadcrumb":{"@id":"https:\/\/valenciasjb.salesianos.edu\/colegio\/la-edicion-navidena-del-concierto-solidario-testigos-de-la-luz-pretende-renovar-nuestra-responsabilidad-y-nuestro-compromiso-como-cristianos-de-ser-testimonios-de-la-llegada-de-jesus\/#breadcrumb"},"inLanguage":"es","potentialAction":[{"@type":"ReadAction","target":["https:\/\/valenciasjb.salesianos.edu\/colegio\/la-edicion-navidena-del-concierto-solidario-testigos-de-la-luz-pretende-renovar-nuestra-responsabilidad-y-nuestro-compromiso-como-cristianos-de-ser-testimonios-de-la-llegada-de-jesus\/"]}]},{"@type":"ImageObject","inLanguage":"es","@id":"https:\/\/valenciasjb.salesianos.edu\/colegio\/la-edicion-navidena-del-concierto-solidario-testigos-de-la-luz-pretende-renovar-nuestra-responsabilidad-y-nuestro-compromiso-como-cristianos-de-ser-testimonios-de-la-llegada-de-jesus\/#primaryimage","url":"https:\/\/valenciasjb.salesianos.edu\/colegio\/wp-content\/uploads\/sites\/2\/2018\/11\/Captura-de-pantalla-de-2018-11-27-095742.png","contentUrl":"https:\/\/valenciasjb.salesianos.edu\/colegio\/wp-content\/uploads\/sites\/2\/2018\/11\/Captura-de-pantalla-de-2018-11-27-095742.png","width":1366,"height":768},{"@type":"BreadcrumbList","@id":"https:\/\/valenciasjb.salesianos.edu\/colegio\/la-edicion-navidena-del-concierto-solidario-testigos-de-la-luz-pretende-renovar-nuestra-responsabilidad-y-nuestro-compromiso-como-cristianos-de-ser-testimonios-de-la-llegada-de-jesus\/#breadcrumb","itemListElement":[{"@type":"ListItem","position":1,"name":"Portada","item":"https:\/\/valenciasjb.salesianos.edu\/colegio\/"},{"@type":"ListItem","position":2,"name":"La edici\u00f3n navide\u00f1a del Concierto Solidario \u201cTestigos de la Luz\u201d pretende renovar nuestra responsabilidad y nuestro compromiso como cristianos de ser testimonios de la llegada de Jes\u00fas"}]},{"@type":"WebSite","@id":"https:\/\/valenciasjb.salesianos.edu\/colegio\/#website","url":"https:\/\/valenciasjb.salesianos.edu\/colegio\/","name":"Colegio San Juan Bosco Valencia","description":"P\u00e1gina oficial del Colegio Salesianos San Juan Bosco Valencia","alternateName":"Salesianos.VSJB","potentialAction":[{"@type":"SearchAction","target":{"@type":"EntryPoint","urlTemplate":"https:\/\/valenciasjb.salesianos.edu\/colegio\/?s={search_term_string}"},"query-input":{"@type":"PropertyValueSpecification","valueRequired":true,"valueName":"search_term_string"}}],"inLanguage":"es"},{"@type":"Person","@id":"https:\/\/valenciasjb.salesianos.edu\/colegio\/#\/schema\/person\/1f45b67e52b27da175190a574db6bed9","name":"veronicapastor","image":{"@type":"ImageObject","inLanguage":"es","@id":"https:\/\/secure.gravatar.com\/avatar\/e29bd40bace3fd935e1d6fdb7313ffc14628cc037c5e16f4c7369b20a2a6f7f0?s=96&d=mm&r=g","url":"https:\/\/secure.gravatar.com\/avatar\/e29bd40bace3fd935e1d6fdb7313ffc14628cc037c5e16f4c7369b20a2a6f7f0?s=96&d=mm&r=g","contentUrl":"https:\/\/secure.gravatar.com\/avatar\/e29bd40bace3fd935e1d6fdb7313ffc14628cc037c5e16f4c7369b20a2a6f7f0?s=96&d=mm&r=g","caption":"veronicapastor"}}]}},"_links":{"self":[{"href":"https:\/\/valenciasjb.salesianos.edu\/colegio\/wp-json\/wp\/v2\/posts\/9928","targetHints":{"allow":["GET"]}}],"collection":[{"href":"https:\/\/valenciasjb.salesianos.edu\/colegio\/wp-json\/wp\/v2\/posts"}],"about":[{"href":"https:\/\/valenciasjb.salesianos.edu\/colegio\/wp-json\/wp\/v2\/types\/post"}],"author":[{"embeddable":true,"href":"https:\/\/valenciasjb.salesianos.edu\/colegio\/wp-json\/wp\/v2\/users\/6"}],"replies":[{"embeddable":true,"href":"https:\/\/valenciasjb.salesianos.edu\/colegio\/wp-json\/wp\/v2\/comments?post=9928"}],"version-history":[{"count":2,"href":"https:\/\/valenciasjb.salesianos.edu\/colegio\/wp-json\/wp\/v2\/posts\/9928\/revisions"}],"predecessor-version":[{"id":9932,"href":"https:\/\/valenciasjb.salesianos.edu\/colegio\/wp-json\/wp\/v2\/posts\/9928\/revisions\/9932"}],"wp:featuredmedia":[{"embeddable":true,"href":"https:\/\/valenciasjb.salesianos.edu\/colegio\/wp-json\/wp\/v2\/media\/9930"}],"wp:attachment":[{"href":"https:\/\/valenciasjb.salesianos.edu\/colegio\/wp-json\/wp\/v2\/media?parent=9928"}],"wp:term":[{"taxonomy":"category","embeddable":true,"href":"https:\/\/valenciasjb.salesianos.edu\/colegio\/wp-json\/wp\/v2\/categories?post=9928"},{"taxonomy":"post_tag","embeddable":true,"href":"https:\/\/valenciasjb.salesianos.edu\/colegio\/wp-json\/wp\/v2\/tags?post=9928"}],"curies":[{"name":"wp","href":"https:\/\/api.w.org\/{rel}","templated":true}]}}