{"id":9933,"date":"2018-11-27T18:40:22","date_gmt":"2018-11-27T17:40:22","guid":{"rendered":"https:\/\/valenciasjb.salesianos.edu\/colegio\/?p=9933"},"modified":"2018-11-27T18:45:04","modified_gmt":"2018-11-27T17:45:04","slug":"tres-alumnes-de-2n-deso-participen-al-concurs-de-radio-rosquilletres-da-punt","status":"publish","type":"post","link":"https:\/\/valenciasjb.salesianos.edu\/colegio\/tres-alumnes-de-2n-deso-participen-al-concurs-de-radio-rosquilletres-da-punt\/","title":{"rendered":"Tres alumnes de 2n d&#8217;ESO participen al concurs de r\u00e0dio \u00abRosquilletres\u00bb d&#8217;\u00c0 punt"},"content":{"rendered":"<div id=\"fb-root\"><\/div>\n<p>[et_pb_section bb_built=\u00bb1&#8243; admin_label=\u00bbsection\u00bb][et_pb_row admin_label=\u00bbrow\u00bb background_position=\u00bbtop_left\u00bb background_repeat=\u00bbrepeat\u00bb background_size=\u00bbinitial\u00bb][et_pb_column type=\u00bb4_4&#8243;][et_pb_text admin_label=\u00bbEntradilla (Texto)\u00bb _builder_version=\u00bb3.0.105&#8243; background_layout=\u00bblight\u00bb text_orientation=\u00bbjustified\u00bb text_font=\u00bb|on|||\u00bb module_alignment=\u00bbleft\u00bb]<\/p>\n<div id=\"resumen\">\n<div><b>Tres alumnes de 2n ESO, Andr\u00e9s G\u00f3mez, Victoria Molina i Irene Canales, han participat hui al concurs de r\u00e0dio\u00a0<\/b><b>\u00abRosquilletres\u00bb\u00a0<\/b><b>d&#8217;\u00c0 punt . Han representat molt b\u00e9 a la nostra escola defenent totes i cadascuna de les proves.<\/b><b><\/b><\/div>\n<\/div>\n<div><\/div>\n<p>[\/et_pb_text][et_pb_text admin_label=\u00bbAutor (Texto)\u00bb _builder_version=\u00bb3.0.105&#8243; background_layout=\u00bblight\u00bb text_font=\u00bb||on||\u00bb]<\/p>\n<p>Sonia P\u00e9rez.<\/p>\n<p>[\/et_pb_text][et_pb_text admin_label=\u00bbDesarrollo (Texto)\u00bb _builder_version=\u00bb3.0.105&#8243; background_layout=\u00bblight\u00bb text_orientation=\u00bbjustified\u00bb module_alignment=\u00bbleft\u00bb]<\/p>\n<div>Han lletrejat, han trobat el barbarisme intr\u00fas i han respost a preguntes sobre una can\u00e7\u00f3 en valenci\u00e0. La seua bona actuaci\u00f3 ha fet que guanyaren el programa de hui i que estem a una molt bona posici\u00f3 del \u00abRosqui-r\u00e0nquing\u00bb. Amb aquesta bona puntuaci\u00f3, arribaran a disputar semifinals o la Gran Final? Haurem d&#8217;esperar per saber-ho.<\/div>\n<div>Enhorabona! Estem molt orgullosos de com heu representat al nostre col\u00b7legi!<\/div>\n<p>[\/et_pb_text][et_pb_text admin_label=\u00bbT\u00edtulo: Galer\u00eda de fotos (Texto)\u00bb _builder_version=\u00bb3.0.76&#8243; background_layout=\u00bblight\u00bb text_font=\u00bb|on|||\u00bb text_text_color=\u00bb#dc001b\u00bb border_style=\u00bbsolid\u00bb disabled=\u00bboff\u00bb disabled_on=\u00bboff|on|on\u00bb]<\/p>\n<p>Galer\u00eda de im\u00e1genes<\/p>\n<p>[\/et_pb_text][et_pb_gallery _builder_version=\u00bb3.0.105&#8243; posts_number=\u00bb8&#8243; show_title_and_caption=\u00bboff\u00bb show_pagination=\u00bbon\u00bb fullwidth=\u00bboff\u00bb orientation=\u00bblandscape\u00bb zoom_icon_color=\u00bb#dc001b\u00bb hover_overlay_color=\u00bbrgba(255,255,255,0.9)\u00bb hover_icon=\u00bb%%51%%\u00bb background_layout=\u00bblight\u00bb disabled=\u00bboff\u00bb disabled_on=\u00bboff|off|off\u00bb gallery_ids=\u00bb9935,9936,9937,9934&#8243; pagination_font_size_tablet=\u00bb51&#8243; pagination_line_height_tablet=\u00bb2&#8243; \/][et_pb_video _builder_version=\u00bb3.0.51&#8243; disabled=\u00bbon\u00bb disabled_on=\u00bbon|on|on\u00bb \/][\/et_pb_column][\/et_pb_row][\/et_pb_section]<\/p>\n<!-- AddThis Advanced Settings generic via filter on the_content --><!-- AddThis Share Buttons generic via filter on the_content -->","protected":false},"excerpt":{"rendered":"<p>Tres alumnes de 2n ESO, Andr\u00e9s G\u00f3mez, Victoria Molina i Irene Canales, han participat hui al concurs de r\u00e0dio\u00a0\u00abRosquilletres\u00bb\u00a0d&#8217;\u00c0 punt . Han representat molt b\u00e9 a la nostra escola defenent totes i cadascuna de les proves. Sonia P\u00e9rez. Han lletrejat, han trobat el barbarisme intr\u00fas i han respost a preguntes sobre una can\u00e7\u00f3 en valenci\u00e0. [&hellip;]<\/p>\n<p><!-- AddThis Advanced Settings generic via filter on get_the_excerpt --><!-- AddThis Share Buttons generic via filter on get_the_excerpt --><\/p>\n","protected":false},"author":6,"featured_media":9937,"comment_status":"closed","ping_status":"open","sticky":false,"template":"","format":"standard","meta":{"_et_pb_use_builder":"on","_et_pb_old_content":"","_et_gb_content_width":"","footnotes":""},"categories":[14],"tags":[],"class_list":["post-9933","post","type-post","status-publish","format-standard","has-post-thumbnail","hentry","category-noticia_colegio"],"yoast_head":"<!-- This site is optimized with the Yoast SEO plugin v28.4 - https:\/\/yoast.com\/product\/yoast-seo-wordpress\/ -->\n<title>Tres alumnes de 2n d&#039;ESO participen al concurs de r\u00e0dio &quot;Rosquilletres&quot; d&#039;\u00c0 punt - Colegio San Juan Bosco Valencia<\/title>\n<meta name=\"robots\" content=\"index, follow, max-snippet:-1, max-image-preview:large, max-video-preview:-1\" \/>\n<link rel=\"canonical\" href=\"https:\/\/valenciasjb.salesianos.edu\/colegio\/tres-alumnes-de-2n-deso-participen-al-concurs-de-radio-rosquilletres-da-punt\/\" \/>\n<meta property=\"og:locale\" content=\"es_ES\" \/>\n<meta property=\"og:type\" content=\"article\" \/>\n<meta property=\"og:title\" content=\"Tres alumnes de 2n d&#039;ESO participen al concurs de r\u00e0dio &quot;Rosquilletres&quot; d&#039;\u00c0 punt - Colegio San Juan Bosco Valencia\" \/>\n<meta property=\"og:description\" content=\"Tres alumnes de 2n ESO, Andr\u00e9s G\u00f3mez, Victoria Molina i Irene Canales, han participat hui al concurs de r\u00e0dio\u00a0&quot;Rosquilletres&quot;\u00a0d&#039;\u00c0 punt . Han representat molt b\u00e9 a la nostra escola defenent totes i cadascuna de les proves. Sonia P\u00e9rez. Han lletrejat, han trobat el barbarisme intr\u00fas i han respost a preguntes sobre una can\u00e7\u00f3 en valenci\u00e0. [&hellip;]\" \/>\n<meta property=\"og:url\" content=\"https:\/\/valenciasjb.salesianos.edu\/colegio\/tres-alumnes-de-2n-deso-participen-al-concurs-de-radio-rosquilletres-da-punt\/\" \/>\n<meta property=\"og:site_name\" content=\"Colegio San Juan Bosco Valencia\" \/>\n<meta property=\"article:publisher\" content=\"https:\/\/www.facebook.com\/ColegioSalesianoSanJuanBoscoValencia\" \/>\n<meta property=\"article:published_time\" content=\"2018-11-27T17:40:22+00:00\" \/>\n<meta property=\"article:modified_time\" content=\"2018-11-27T17:45:04+00:00\" \/>\n<meta property=\"og:image\" content=\"https:\/\/valenciasjb.salesianos.edu\/colegio\/wp-content\/uploads\/sites\/2\/2018\/11\/IMG_4632.jpg\" \/>\n\t<meta property=\"og:image:width\" content=\"2016\" \/>\n\t<meta property=\"og:image:height\" content=\"1512\" \/>\n\t<meta property=\"og:image:type\" content=\"image\/jpeg\" \/>\n<meta name=\"author\" content=\"veronicapastor\" \/>\n<meta name=\"twitter:card\" content=\"summary_large_image\" \/>\n<meta name=\"twitter:creator\" content=\"@SalesianosVSJB\" \/>\n<meta name=\"twitter:site\" content=\"@SalesianosVSJB\" \/>\n<meta name=\"twitter:label1\" content=\"Escrito por\" \/>\n\t<meta name=\"twitter:data1\" content=\"veronicapastor\" \/>\n\t<meta name=\"twitter:label2\" content=\"Tiempo de lectura\" \/>\n\t<meta name=\"twitter:data2\" content=\"2 minutos\" \/>\n<script type=\"application\/ld+json\" class=\"yoast-schema-graph\">{\"@context\":\"https:\\\/\\\/schema.org\",\"@graph\":[{\"@type\":\"Article\",\"@id\":\"https:\\\/\\\/valenciasjb.salesianos.edu\\\/colegio\\\/tres-alumnes-de-2n-deso-participen-al-concurs-de-radio-rosquilletres-da-punt\\\/#article\",\"isPartOf\":{\"@id\":\"https:\\\/\\\/valenciasjb.salesianos.edu\\\/colegio\\\/tres-alumnes-de-2n-deso-participen-al-concurs-de-radio-rosquilletres-da-punt\\\/\"},\"author\":{\"name\":\"veronicapastor\",\"@id\":\"https:\\\/\\\/valenciasjb.salesianos.edu\\\/colegio\\\/#\\\/schema\\\/person\\\/1f45b67e52b27da175190a574db6bed9\"},\"headline\":\"Tres alumnes de 2n d&#8217;ESO participen al concurs de r\u00e0dio \u00abRosquilletres\u00bb d&#8217;\u00c0 punt\",\"datePublished\":\"2018-11-27T17:40:22+00:00\",\"dateModified\":\"2018-11-27T17:45:04+00:00\",\"mainEntityOfPage\":{\"@id\":\"https:\\\/\\\/valenciasjb.salesianos.edu\\\/colegio\\\/tres-alumnes-de-2n-deso-participen-al-concurs-de-radio-rosquilletres-da-punt\\\/\"},\"wordCount\":333,\"image\":{\"@id\":\"https:\\\/\\\/valenciasjb.salesianos.edu\\\/colegio\\\/tres-alumnes-de-2n-deso-participen-al-concurs-de-radio-rosquilletres-da-punt\\\/#primaryimage\"},\"thumbnailUrl\":\"https:\\\/\\\/valenciasjb.salesianos.edu\\\/colegio\\\/wp-content\\\/uploads\\\/sites\\\/2\\\/2018\\\/11\\\/IMG_4632.jpg\",\"articleSection\":[\"Noticia Colegio\"],\"inLanguage\":\"es\"},{\"@type\":\"WebPage\",\"@id\":\"https:\\\/\\\/valenciasjb.salesianos.edu\\\/colegio\\\/tres-alumnes-de-2n-deso-participen-al-concurs-de-radio-rosquilletres-da-punt\\\/\",\"url\":\"https:\\\/\\\/valenciasjb.salesianos.edu\\\/colegio\\\/tres-alumnes-de-2n-deso-participen-al-concurs-de-radio-rosquilletres-da-punt\\\/\",\"name\":\"Tres alumnes de 2n d'ESO participen al concurs de r\u00e0dio \\\"Rosquilletres\\\" d'\u00c0 punt - Colegio San Juan Bosco Valencia\",\"isPartOf\":{\"@id\":\"https:\\\/\\\/valenciasjb.salesianos.edu\\\/colegio\\\/#website\"},\"primaryImageOfPage\":{\"@id\":\"https:\\\/\\\/valenciasjb.salesianos.edu\\\/colegio\\\/tres-alumnes-de-2n-deso-participen-al-concurs-de-radio-rosquilletres-da-punt\\\/#primaryimage\"},\"image\":{\"@id\":\"https:\\\/\\\/valenciasjb.salesianos.edu\\\/colegio\\\/tres-alumnes-de-2n-deso-participen-al-concurs-de-radio-rosquilletres-da-punt\\\/#primaryimage\"},\"thumbnailUrl\":\"https:\\\/\\\/valenciasjb.salesianos.edu\\\/colegio\\\/wp-content\\\/uploads\\\/sites\\\/2\\\/2018\\\/11\\\/IMG_4632.jpg\",\"datePublished\":\"2018-11-27T17:40:22+00:00\",\"dateModified\":\"2018-11-27T17:45:04+00:00\",\"author\":{\"@id\":\"https:\\\/\\\/valenciasjb.salesianos.edu\\\/colegio\\\/#\\\/schema\\\/person\\\/1f45b67e52b27da175190a574db6bed9\"},\"breadcrumb\":{\"@id\":\"https:\\\/\\\/valenciasjb.salesianos.edu\\\/colegio\\\/tres-alumnes-de-2n-deso-participen-al-concurs-de-radio-rosquilletres-da-punt\\\/#breadcrumb\"},\"inLanguage\":\"es\",\"potentialAction\":[{\"@type\":\"ReadAction\",\"target\":[\"https:\\\/\\\/valenciasjb.salesianos.edu\\\/colegio\\\/tres-alumnes-de-2n-deso-participen-al-concurs-de-radio-rosquilletres-da-punt\\\/\"]}]},{\"@type\":\"ImageObject\",\"inLanguage\":\"es\",\"@id\":\"https:\\\/\\\/valenciasjb.salesianos.edu\\\/colegio\\\/tres-alumnes-de-2n-deso-participen-al-concurs-de-radio-rosquilletres-da-punt\\\/#primaryimage\",\"url\":\"https:\\\/\\\/valenciasjb.salesianos.edu\\\/colegio\\\/wp-content\\\/uploads\\\/sites\\\/2\\\/2018\\\/11\\\/IMG_4632.jpg\",\"contentUrl\":\"https:\\\/\\\/valenciasjb.salesianos.edu\\\/colegio\\\/wp-content\\\/uploads\\\/sites\\\/2\\\/2018\\\/11\\\/IMG_4632.jpg\",\"width\":2016,\"height\":1512},{\"@type\":\"BreadcrumbList\",\"@id\":\"https:\\\/\\\/valenciasjb.salesianos.edu\\\/colegio\\\/tres-alumnes-de-2n-deso-participen-al-concurs-de-radio-rosquilletres-da-punt\\\/#breadcrumb\",\"itemListElement\":[{\"@type\":\"ListItem\",\"position\":1,\"name\":\"Portada\",\"item\":\"https:\\\/\\\/valenciasjb.salesianos.edu\\\/colegio\\\/\"},{\"@type\":\"ListItem\",\"position\":2,\"name\":\"Tres alumnes de 2n d&#8217;ESO participen al concurs de r\u00e0dio \u00abRosquilletres\u00bb d&#8217;\u00c0 punt\"}]},{\"@type\":\"WebSite\",\"@id\":\"https:\\\/\\\/valenciasjb.salesianos.edu\\\/colegio\\\/#website\",\"url\":\"https:\\\/\\\/valenciasjb.salesianos.edu\\\/colegio\\\/\",\"name\":\"Colegio San Juan Bosco Valencia\",\"description\":\"P\u00e1gina oficial del Colegio Salesianos San Juan Bosco Valencia\",\"alternateName\":\"Salesianos.VSJB\",\"potentialAction\":[{\"@type\":\"SearchAction\",\"target\":{\"@type\":\"EntryPoint\",\"urlTemplate\":\"https:\\\/\\\/valenciasjb.salesianos.edu\\\/colegio\\\/?s={search_term_string}\"},\"query-input\":{\"@type\":\"PropertyValueSpecification\",\"valueRequired\":true,\"valueName\":\"search_term_string\"}}],\"inLanguage\":\"es\"},{\"@type\":\"Person\",\"@id\":\"https:\\\/\\\/valenciasjb.salesianos.edu\\\/colegio\\\/#\\\/schema\\\/person\\\/1f45b67e52b27da175190a574db6bed9\",\"name\":\"veronicapastor\",\"image\":{\"@type\":\"ImageObject\",\"inLanguage\":\"es\",\"@id\":\"https:\\\/\\\/secure.gravatar.com\\\/avatar\\\/e29bd40bace3fd935e1d6fdb7313ffc14628cc037c5e16f4c7369b20a2a6f7f0?s=96&d=mm&r=g\",\"url\":\"https:\\\/\\\/secure.gravatar.com\\\/avatar\\\/e29bd40bace3fd935e1d6fdb7313ffc14628cc037c5e16f4c7369b20a2a6f7f0?s=96&d=mm&r=g\",\"contentUrl\":\"https:\\\/\\\/secure.gravatar.com\\\/avatar\\\/e29bd40bace3fd935e1d6fdb7313ffc14628cc037c5e16f4c7369b20a2a6f7f0?s=96&d=mm&r=g\",\"caption\":\"veronicapastor\"}}]}<\/script>\n<!-- \/ Yoast SEO plugin. -->","yoast_head_json":{"title":"Tres alumnes de 2n d'ESO participen al concurs de r\u00e0dio \"Rosquilletres\" d'\u00c0 punt - Colegio San Juan Bosco Valencia","robots":{"index":"index","follow":"follow","max-snippet":"max-snippet:-1","max-image-preview":"max-image-preview:large","max-video-preview":"max-video-preview:-1"},"canonical":"https:\/\/valenciasjb.salesianos.edu\/colegio\/tres-alumnes-de-2n-deso-participen-al-concurs-de-radio-rosquilletres-da-punt\/","og_locale":"es_ES","og_type":"article","og_title":"Tres alumnes de 2n d'ESO participen al concurs de r\u00e0dio \"Rosquilletres\" d'\u00c0 punt - Colegio San Juan Bosco Valencia","og_description":"Tres alumnes de 2n ESO, Andr\u00e9s G\u00f3mez, Victoria Molina i Irene Canales, han participat hui al concurs de r\u00e0dio\u00a0\"Rosquilletres\"\u00a0d'\u00c0 punt . Han representat molt b\u00e9 a la nostra escola defenent totes i cadascuna de les proves. Sonia P\u00e9rez. Han lletrejat, han trobat el barbarisme intr\u00fas i han respost a preguntes sobre una can\u00e7\u00f3 en valenci\u00e0. [&hellip;]","og_url":"https:\/\/valenciasjb.salesianos.edu\/colegio\/tres-alumnes-de-2n-deso-participen-al-concurs-de-radio-rosquilletres-da-punt\/","og_site_name":"Colegio San Juan Bosco Valencia","article_publisher":"https:\/\/www.facebook.com\/ColegioSalesianoSanJuanBoscoValencia","article_published_time":"2018-11-27T17:40:22+00:00","article_modified_time":"2018-11-27T17:45:04+00:00","og_image":[{"width":2016,"height":1512,"url":"https:\/\/valenciasjb.salesianos.edu\/colegio\/wp-content\/uploads\/sites\/2\/2018\/11\/IMG_4632.jpg","type":"image\/jpeg"}],"author":"veronicapastor","twitter_card":"summary_large_image","twitter_creator":"@SalesianosVSJB","twitter_site":"@SalesianosVSJB","twitter_misc":{"Escrito por":"veronicapastor","Tiempo de lectura":"2 minutos"},"schema":{"@context":"https:\/\/schema.org","@graph":[{"@type":"Article","@id":"https:\/\/valenciasjb.salesianos.edu\/colegio\/tres-alumnes-de-2n-deso-participen-al-concurs-de-radio-rosquilletres-da-punt\/#article","isPartOf":{"@id":"https:\/\/valenciasjb.salesianos.edu\/colegio\/tres-alumnes-de-2n-deso-participen-al-concurs-de-radio-rosquilletres-da-punt\/"},"author":{"name":"veronicapastor","@id":"https:\/\/valenciasjb.salesianos.edu\/colegio\/#\/schema\/person\/1f45b67e52b27da175190a574db6bed9"},"headline":"Tres alumnes de 2n d&#8217;ESO participen al concurs de r\u00e0dio \u00abRosquilletres\u00bb d&#8217;\u00c0 punt","datePublished":"2018-11-27T17:40:22+00:00","dateModified":"2018-11-27T17:45:04+00:00","mainEntityOfPage":{"@id":"https:\/\/valenciasjb.salesianos.edu\/colegio\/tres-alumnes-de-2n-deso-participen-al-concurs-de-radio-rosquilletres-da-punt\/"},"wordCount":333,"image":{"@id":"https:\/\/valenciasjb.salesianos.edu\/colegio\/tres-alumnes-de-2n-deso-participen-al-concurs-de-radio-rosquilletres-da-punt\/#primaryimage"},"thumbnailUrl":"https:\/\/valenciasjb.salesianos.edu\/colegio\/wp-content\/uploads\/sites\/2\/2018\/11\/IMG_4632.jpg","articleSection":["Noticia Colegio"],"inLanguage":"es"},{"@type":"WebPage","@id":"https:\/\/valenciasjb.salesianos.edu\/colegio\/tres-alumnes-de-2n-deso-participen-al-concurs-de-radio-rosquilletres-da-punt\/","url":"https:\/\/valenciasjb.salesianos.edu\/colegio\/tres-alumnes-de-2n-deso-participen-al-concurs-de-radio-rosquilletres-da-punt\/","name":"Tres alumnes de 2n d'ESO participen al concurs de r\u00e0dio \"Rosquilletres\" d'\u00c0 punt - Colegio San Juan Bosco Valencia","isPartOf":{"@id":"https:\/\/valenciasjb.salesianos.edu\/colegio\/#website"},"primaryImageOfPage":{"@id":"https:\/\/valenciasjb.salesianos.edu\/colegio\/tres-alumnes-de-2n-deso-participen-al-concurs-de-radio-rosquilletres-da-punt\/#primaryimage"},"image":{"@id":"https:\/\/valenciasjb.salesianos.edu\/colegio\/tres-alumnes-de-2n-deso-participen-al-concurs-de-radio-rosquilletres-da-punt\/#primaryimage"},"thumbnailUrl":"https:\/\/valenciasjb.salesianos.edu\/colegio\/wp-content\/uploads\/sites\/2\/2018\/11\/IMG_4632.jpg","datePublished":"2018-11-27T17:40:22+00:00","dateModified":"2018-11-27T17:45:04+00:00","author":{"@id":"https:\/\/valenciasjb.salesianos.edu\/colegio\/#\/schema\/person\/1f45b67e52b27da175190a574db6bed9"},"breadcrumb":{"@id":"https:\/\/valenciasjb.salesianos.edu\/colegio\/tres-alumnes-de-2n-deso-participen-al-concurs-de-radio-rosquilletres-da-punt\/#breadcrumb"},"inLanguage":"es","potentialAction":[{"@type":"ReadAction","target":["https:\/\/valenciasjb.salesianos.edu\/colegio\/tres-alumnes-de-2n-deso-participen-al-concurs-de-radio-rosquilletres-da-punt\/"]}]},{"@type":"ImageObject","inLanguage":"es","@id":"https:\/\/valenciasjb.salesianos.edu\/colegio\/tres-alumnes-de-2n-deso-participen-al-concurs-de-radio-rosquilletres-da-punt\/#primaryimage","url":"https:\/\/valenciasjb.salesianos.edu\/colegio\/wp-content\/uploads\/sites\/2\/2018\/11\/IMG_4632.jpg","contentUrl":"https:\/\/valenciasjb.salesianos.edu\/colegio\/wp-content\/uploads\/sites\/2\/2018\/11\/IMG_4632.jpg","width":2016,"height":1512},{"@type":"BreadcrumbList","@id":"https:\/\/valenciasjb.salesianos.edu\/colegio\/tres-alumnes-de-2n-deso-participen-al-concurs-de-radio-rosquilletres-da-punt\/#breadcrumb","itemListElement":[{"@type":"ListItem","position":1,"name":"Portada","item":"https:\/\/valenciasjb.salesianos.edu\/colegio\/"},{"@type":"ListItem","position":2,"name":"Tres alumnes de 2n d&#8217;ESO participen al concurs de r\u00e0dio \u00abRosquilletres\u00bb d&#8217;\u00c0 punt"}]},{"@type":"WebSite","@id":"https:\/\/valenciasjb.salesianos.edu\/colegio\/#website","url":"https:\/\/valenciasjb.salesianos.edu\/colegio\/","name":"Colegio San Juan Bosco Valencia","description":"P\u00e1gina oficial del Colegio Salesianos San Juan Bosco Valencia","alternateName":"Salesianos.VSJB","potentialAction":[{"@type":"SearchAction","target":{"@type":"EntryPoint","urlTemplate":"https:\/\/valenciasjb.salesianos.edu\/colegio\/?s={search_term_string}"},"query-input":{"@type":"PropertyValueSpecification","valueRequired":true,"valueName":"search_term_string"}}],"inLanguage":"es"},{"@type":"Person","@id":"https:\/\/valenciasjb.salesianos.edu\/colegio\/#\/schema\/person\/1f45b67e52b27da175190a574db6bed9","name":"veronicapastor","image":{"@type":"ImageObject","inLanguage":"es","@id":"https:\/\/secure.gravatar.com\/avatar\/e29bd40bace3fd935e1d6fdb7313ffc14628cc037c5e16f4c7369b20a2a6f7f0?s=96&d=mm&r=g","url":"https:\/\/secure.gravatar.com\/avatar\/e29bd40bace3fd935e1d6fdb7313ffc14628cc037c5e16f4c7369b20a2a6f7f0?s=96&d=mm&r=g","contentUrl":"https:\/\/secure.gravatar.com\/avatar\/e29bd40bace3fd935e1d6fdb7313ffc14628cc037c5e16f4c7369b20a2a6f7f0?s=96&d=mm&r=g","caption":"veronicapastor"}}]}},"_links":{"self":[{"href":"https:\/\/valenciasjb.salesianos.edu\/colegio\/wp-json\/wp\/v2\/posts\/9933","targetHints":{"allow":["GET"]}}],"collection":[{"href":"https:\/\/valenciasjb.salesianos.edu\/colegio\/wp-json\/wp\/v2\/posts"}],"about":[{"href":"https:\/\/valenciasjb.salesianos.edu\/colegio\/wp-json\/wp\/v2\/types\/post"}],"author":[{"embeddable":true,"href":"https:\/\/valenciasjb.salesianos.edu\/colegio\/wp-json\/wp\/v2\/users\/6"}],"replies":[{"embeddable":true,"href":"https:\/\/valenciasjb.salesianos.edu\/colegio\/wp-json\/wp\/v2\/comments?post=9933"}],"version-history":[{"count":3,"href":"https:\/\/valenciasjb.salesianos.edu\/colegio\/wp-json\/wp\/v2\/posts\/9933\/revisions"}],"predecessor-version":[{"id":9940,"href":"https:\/\/valenciasjb.salesianos.edu\/colegio\/wp-json\/wp\/v2\/posts\/9933\/revisions\/9940"}],"wp:featuredmedia":[{"embeddable":true,"href":"https:\/\/valenciasjb.salesianos.edu\/colegio\/wp-json\/wp\/v2\/media\/9937"}],"wp:attachment":[{"href":"https:\/\/valenciasjb.salesianos.edu\/colegio\/wp-json\/wp\/v2\/media?parent=9933"}],"wp:term":[{"taxonomy":"category","embeddable":true,"href":"https:\/\/valenciasjb.salesianos.edu\/colegio\/wp-json\/wp\/v2\/categories?post=9933"},{"taxonomy":"post_tag","embeddable":true,"href":"https:\/\/valenciasjb.salesianos.edu\/colegio\/wp-json\/wp\/v2\/tags?post=9933"}],"curies":[{"name":"wp","href":"https:\/\/api.w.org\/{rel}","templated":true}]}}