{"id":9960,"date":"2018-12-07T10:32:32","date_gmt":"2018-12-07T09:32:32","guid":{"rendered":"https:\/\/valenciasjb.salesianos.edu\/colegio\/?p=9960"},"modified":"2018-12-07T10:32:32","modified_gmt":"2018-12-07T09:32:32","slug":"ciclo-de-conferencias-la-vida-con-filosofia-en-coordinacion-entre-el-colegio-salesiano-san-juan-bosco-y-la-universidad-catolica-de-valencia","status":"publish","type":"post","link":"https:\/\/valenciasjb.salesianos.edu\/colegio\/ciclo-de-conferencias-la-vida-con-filosofia-en-coordinacion-entre-el-colegio-salesiano-san-juan-bosco-y-la-universidad-catolica-de-valencia\/","title":{"rendered":"Ciclo de Conferencias \u201cLa vida con filosof\u00eda\u201d en coordinaci\u00f3n entre el Colegio Salesiano San Juan Bosco y la Universidad Cat\u00f3lica de Valencia"},"content":{"rendered":"<div id=\"fb-root\"><\/div>\n<p>[et_pb_section bb_built=\u00bb1&#8243; admin_label=\u00bbsection\u00bb][et_pb_row admin_label=\u00bbrow\u00bb background_position=\u00bbtop_left\u00bb background_repeat=\u00bbrepeat\u00bb background_size=\u00bbinitial\u00bb][et_pb_column type=\u00bb4_4&#8243;][et_pb_text admin_label=\u00bbEntradilla (Texto)\u00bb _builder_version=\u00bb3.0.105&#8243; background_layout=\u00bblight\u00bb text_orientation=\u00bbjustified\u00bb text_font=\u00bb|on|||\u00bb module_alignment=\u00bbleft\u00bb]<\/p>\n<div id=\"resumen\">\n<p align=\"justify\"><span style=\"color: #222222\"><span style=\"font-family: Arial, Helvetica, sans-serif\"><span style=\"font-size: medium\"><span style=\"font-size: small\">Desde el Colegio Salesiano San Juan Bosco de Valencia, con la coordinaci\u00f3n del Departamento de Ciencias Sociales y Humanidades, y en colaboraci\u00f3n con la Universidad Cat\u00f3lica de Valencia, se est\u00e1 promoviendo un ciclo de conferencias con el t\u00edtulo \u00abLA VIDA CON FILOSOF\u00cdA\u00bb. La primera de estas conferencias tendr\u00e1 lugar el martes 11 de diciembre a las 18:00h, bajo el t\u00edtulo \u00abLiderazgo \u00e9tico en profesores y alumnos\u00bb.<\/span><\/span><\/span><\/span><\/p>\n<\/div>\n<div><\/div>\n<p>[\/et_pb_text][et_pb_text admin_label=\u00bbAutor (Texto)\u00bb _builder_version=\u00bb3.0.105&#8243; background_layout=\u00bblight\u00bb text_font=\u00bb||on||\u00bb]<\/p>\n<p>Redacci\u00f3n.<\/p>\n<p>[\/et_pb_text][et_pb_text admin_label=\u00bbDesarrollo (Texto)\u00bb _builder_version=\u00bb3.0.105&#8243; background_layout=\u00bblight\u00bb text_orientation=\u00bbjustified\u00bb module_alignment=\u00bbleft\u00bb]<\/p>\n<p align=\"justify\"><span style=\"color: #222222\"><span style=\"font-family: Arial, Helvetica, sans-serif\"><span style=\"font-size: small\">Se trata de una buena oportunidad para comprobar de primera mano c\u00f3mo el pensamiento y la filosof\u00eda forman parte importante de nuestro d\u00eda a d\u00eda. Por eso os invitamos a asistir, rellenando este formulario de inscripci\u00f3n:<\/span><\/span><\/span><\/p>\n<p align=\"justify\"><span style=\"color: #222222\"><span style=\"font-family: Arial, Helvetica, sans-serif\"><span style=\"font-size: small\"><a href=\"https:\/\/docs.google.com\/forms\/d\/e\/1FAIpQLSfRde5R6x-GIkX7MxzraQVOkrvdo87bE-iqTGs3eY9UoEkA6A\/viewform\">https:\/\/docs.google.com\/forms\/d\/e\/1FAIpQLSfRde5R6x-GIkX7MxzraQVOkrvdo87bE-iqTGs3eY9UoEkA6A\/viewform<\/a><\/span><\/span><\/span><\/p>\n<p>[\/et_pb_text][et_pb_text admin_label=\u00bbT\u00edtulo: Galer\u00eda de fotos (Texto)\u00bb _builder_version=\u00bb3.0.76&#8243; background_layout=\u00bblight\u00bb text_font=\u00bb|on|||\u00bb text_text_color=\u00bb#dc001b\u00bb border_style=\u00bbsolid\u00bb disabled=\u00bboff\u00bb disabled_on=\u00bboff|on|on\u00bb]<\/p>\n<p>Galer\u00eda de im\u00e1genes<\/p>\n<p>[\/et_pb_text][et_pb_gallery _builder_version=\u00bb3.0.105&#8243; posts_number=\u00bb8&#8243; show_title_and_caption=\u00bboff\u00bb show_pagination=\u00bbon\u00bb fullwidth=\u00bboff\u00bb orientation=\u00bblandscape\u00bb zoom_icon_color=\u00bb#dc001b\u00bb hover_overlay_color=\u00bbrgba(255,255,255,0.9)\u00bb hover_icon=\u00bb%%51%%\u00bb background_layout=\u00bblight\u00bb disabled=\u00bboff\u00bb disabled_on=\u00bboff|off|off\u00bb gallery_ids=\u00bb9961&#8243; pagination_font_size_tablet=\u00bb51&#8243; pagination_line_height_tablet=\u00bb2&#8243; \/][et_pb_video _builder_version=\u00bb3.0.51&#8243; disabled=\u00bbon\u00bb disabled_on=\u00bbon|on|on\u00bb \/][\/et_pb_column][\/et_pb_row][\/et_pb_section]<\/p>\n<!-- AddThis Advanced Settings generic via filter on the_content --><!-- AddThis Share Buttons generic via filter on the_content -->","protected":false},"excerpt":{"rendered":"<p>Desde el Colegio Salesiano San Juan Bosco de Valencia, con la coordinaci\u00f3n del Departamento de Ciencias Sociales y Humanidades, y en colaboraci\u00f3n con la Universidad Cat\u00f3lica de Valencia, se est\u00e1 promoviendo un ciclo de conferencias con el t\u00edtulo \u00abLA VIDA CON FILOSOF\u00cdA\u00bb. La primera de estas conferencias tendr\u00e1 lugar el martes 11 de diciembre a [&hellip;]<\/p>\n<p><!-- AddThis Advanced Settings generic via filter on get_the_excerpt --><!-- AddThis Share Buttons generic via filter on get_the_excerpt --><\/p>\n","protected":false},"author":6,"featured_media":9961,"comment_status":"closed","ping_status":"open","sticky":false,"template":"","format":"standard","meta":{"_et_pb_use_builder":"on","_et_pb_old_content":"","_et_gb_content_width":"","footnotes":""},"categories":[14],"tags":[],"class_list":["post-9960","post","type-post","status-publish","format-standard","has-post-thumbnail","hentry","category-noticia_colegio"],"yoast_head":"<!-- This site is optimized with the Yoast SEO plugin v28.4 - https:\/\/yoast.com\/product\/yoast-seo-wordpress\/ -->\n<title>Ciclo de Conferencias \u201cLa vida con filosof\u00eda\u201d en coordinaci\u00f3n entre el Colegio Salesiano San Juan Bosco y la Universidad Cat\u00f3lica de Valencia - Colegio San Juan Bosco Valencia<\/title>\n<meta name=\"robots\" content=\"index, follow, max-snippet:-1, max-image-preview:large, max-video-preview:-1\" \/>\n<link rel=\"canonical\" href=\"https:\/\/valenciasjb.salesianos.edu\/colegio\/ciclo-de-conferencias-la-vida-con-filosofia-en-coordinacion-entre-el-colegio-salesiano-san-juan-bosco-y-la-universidad-catolica-de-valencia\/\" \/>\n<meta property=\"og:locale\" content=\"es_ES\" \/>\n<meta property=\"og:type\" content=\"article\" \/>\n<meta property=\"og:title\" content=\"Ciclo de Conferencias \u201cLa vida con filosof\u00eda\u201d en coordinaci\u00f3n entre el Colegio Salesiano San Juan Bosco y la Universidad Cat\u00f3lica de Valencia - Colegio San Juan Bosco Valencia\" \/>\n<meta property=\"og:description\" content=\"Desde el Colegio Salesiano San Juan Bosco de Valencia, con la coordinaci\u00f3n del Departamento de Ciencias Sociales y Humanidades, y en colaboraci\u00f3n con la Universidad Cat\u00f3lica de Valencia, se est\u00e1 promoviendo un ciclo de conferencias con el t\u00edtulo &quot;LA VIDA CON FILOSOF\u00cdA&quot;. La primera de estas conferencias tendr\u00e1 lugar el martes 11 de diciembre a [&hellip;]\" \/>\n<meta property=\"og:url\" content=\"https:\/\/valenciasjb.salesianos.edu\/colegio\/ciclo-de-conferencias-la-vida-con-filosofia-en-coordinacion-entre-el-colegio-salesiano-san-juan-bosco-y-la-universidad-catolica-de-valencia\/\" \/>\n<meta property=\"og:site_name\" content=\"Colegio San Juan Bosco Valencia\" \/>\n<meta property=\"article:publisher\" content=\"https:\/\/www.facebook.com\/ColegioSalesianoSanJuanBoscoValencia\" \/>\n<meta property=\"article:published_time\" content=\"2018-12-07T09:32:32+00:00\" \/>\n<meta property=\"og:image\" content=\"https:\/\/valenciasjb.salesianos.edu\/colegio\/wp-content\/uploads\/sites\/2\/2018\/12\/poster-conferencias-v2-724x1024.jpg\" \/>\n\t<meta property=\"og:image:width\" content=\"724\" \/>\n\t<meta property=\"og:image:height\" content=\"1024\" \/>\n\t<meta property=\"og:image:type\" content=\"image\/jpeg\" \/>\n<meta name=\"author\" content=\"veronicapastor\" \/>\n<meta name=\"twitter:card\" content=\"summary_large_image\" \/>\n<meta name=\"twitter:creator\" content=\"@SalesianosVSJB\" \/>\n<meta name=\"twitter:site\" content=\"@SalesianosVSJB\" \/>\n<meta name=\"twitter:label1\" content=\"Escrito por\" \/>\n\t<meta name=\"twitter:data1\" content=\"veronicapastor\" \/>\n\t<meta name=\"twitter:label2\" content=\"Tiempo de lectura\" \/>\n\t<meta name=\"twitter:data2\" content=\"2 minutos\" \/>\n<script type=\"application\/ld+json\" class=\"yoast-schema-graph\">{\"@context\":\"https:\\\/\\\/schema.org\",\"@graph\":[{\"@type\":\"Article\",\"@id\":\"https:\\\/\\\/valenciasjb.salesianos.edu\\\/colegio\\\/ciclo-de-conferencias-la-vida-con-filosofia-en-coordinacion-entre-el-colegio-salesiano-san-juan-bosco-y-la-universidad-catolica-de-valencia\\\/#article\",\"isPartOf\":{\"@id\":\"https:\\\/\\\/valenciasjb.salesianos.edu\\\/colegio\\\/ciclo-de-conferencias-la-vida-con-filosofia-en-coordinacion-entre-el-colegio-salesiano-san-juan-bosco-y-la-universidad-catolica-de-valencia\\\/\"},\"author\":{\"name\":\"veronicapastor\",\"@id\":\"https:\\\/\\\/valenciasjb.salesianos.edu\\\/colegio\\\/#\\\/schema\\\/person\\\/1f45b67e52b27da175190a574db6bed9\"},\"headline\":\"Ciclo de Conferencias \u201cLa vida con filosof\u00eda\u201d en coordinaci\u00f3n entre el Colegio Salesiano San Juan Bosco y la Universidad Cat\u00f3lica de Valencia\",\"datePublished\":\"2018-12-07T09:32:32+00:00\",\"mainEntityOfPage\":{\"@id\":\"https:\\\/\\\/valenciasjb.salesianos.edu\\\/colegio\\\/ciclo-de-conferencias-la-vida-con-filosofia-en-coordinacion-entre-el-colegio-salesiano-san-juan-bosco-y-la-universidad-catolica-de-valencia\\\/\"},\"wordCount\":360,\"image\":{\"@id\":\"https:\\\/\\\/valenciasjb.salesianos.edu\\\/colegio\\\/ciclo-de-conferencias-la-vida-con-filosofia-en-coordinacion-entre-el-colegio-salesiano-san-juan-bosco-y-la-universidad-catolica-de-valencia\\\/#primaryimage\"},\"thumbnailUrl\":\"https:\\\/\\\/valenciasjb.salesianos.edu\\\/colegio\\\/wp-content\\\/uploads\\\/sites\\\/2\\\/2018\\\/12\\\/poster-conferencias-v2.jpg\",\"articleSection\":[\"Noticia Colegio\"],\"inLanguage\":\"es\"},{\"@type\":\"WebPage\",\"@id\":\"https:\\\/\\\/valenciasjb.salesianos.edu\\\/colegio\\\/ciclo-de-conferencias-la-vida-con-filosofia-en-coordinacion-entre-el-colegio-salesiano-san-juan-bosco-y-la-universidad-catolica-de-valencia\\\/\",\"url\":\"https:\\\/\\\/valenciasjb.salesianos.edu\\\/colegio\\\/ciclo-de-conferencias-la-vida-con-filosofia-en-coordinacion-entre-el-colegio-salesiano-san-juan-bosco-y-la-universidad-catolica-de-valencia\\\/\",\"name\":\"Ciclo de Conferencias \u201cLa vida con filosof\u00eda\u201d en coordinaci\u00f3n entre el Colegio Salesiano San Juan Bosco y la Universidad Cat\u00f3lica de Valencia - Colegio San Juan Bosco Valencia\",\"isPartOf\":{\"@id\":\"https:\\\/\\\/valenciasjb.salesianos.edu\\\/colegio\\\/#website\"},\"primaryImageOfPage\":{\"@id\":\"https:\\\/\\\/valenciasjb.salesianos.edu\\\/colegio\\\/ciclo-de-conferencias-la-vida-con-filosofia-en-coordinacion-entre-el-colegio-salesiano-san-juan-bosco-y-la-universidad-catolica-de-valencia\\\/#primaryimage\"},\"image\":{\"@id\":\"https:\\\/\\\/valenciasjb.salesianos.edu\\\/colegio\\\/ciclo-de-conferencias-la-vida-con-filosofia-en-coordinacion-entre-el-colegio-salesiano-san-juan-bosco-y-la-universidad-catolica-de-valencia\\\/#primaryimage\"},\"thumbnailUrl\":\"https:\\\/\\\/valenciasjb.salesianos.edu\\\/colegio\\\/wp-content\\\/uploads\\\/sites\\\/2\\\/2018\\\/12\\\/poster-conferencias-v2.jpg\",\"datePublished\":\"2018-12-07T09:32:32+00:00\",\"author\":{\"@id\":\"https:\\\/\\\/valenciasjb.salesianos.edu\\\/colegio\\\/#\\\/schema\\\/person\\\/1f45b67e52b27da175190a574db6bed9\"},\"breadcrumb\":{\"@id\":\"https:\\\/\\\/valenciasjb.salesianos.edu\\\/colegio\\\/ciclo-de-conferencias-la-vida-con-filosofia-en-coordinacion-entre-el-colegio-salesiano-san-juan-bosco-y-la-universidad-catolica-de-valencia\\\/#breadcrumb\"},\"inLanguage\":\"es\",\"potentialAction\":[{\"@type\":\"ReadAction\",\"target\":[\"https:\\\/\\\/valenciasjb.salesianos.edu\\\/colegio\\\/ciclo-de-conferencias-la-vida-con-filosofia-en-coordinacion-entre-el-colegio-salesiano-san-juan-bosco-y-la-universidad-catolica-de-valencia\\\/\"]}]},{\"@type\":\"ImageObject\",\"inLanguage\":\"es\",\"@id\":\"https:\\\/\\\/valenciasjb.salesianos.edu\\\/colegio\\\/ciclo-de-conferencias-la-vida-con-filosofia-en-coordinacion-entre-el-colegio-salesiano-san-juan-bosco-y-la-universidad-catolica-de-valencia\\\/#primaryimage\",\"url\":\"https:\\\/\\\/valenciasjb.salesianos.edu\\\/colegio\\\/wp-content\\\/uploads\\\/sites\\\/2\\\/2018\\\/12\\\/poster-conferencias-v2.jpg\",\"contentUrl\":\"https:\\\/\\\/valenciasjb.salesianos.edu\\\/colegio\\\/wp-content\\\/uploads\\\/sites\\\/2\\\/2018\\\/12\\\/poster-conferencias-v2.jpg\",\"width\":2480,\"height\":3508},{\"@type\":\"BreadcrumbList\",\"@id\":\"https:\\\/\\\/valenciasjb.salesianos.edu\\\/colegio\\\/ciclo-de-conferencias-la-vida-con-filosofia-en-coordinacion-entre-el-colegio-salesiano-san-juan-bosco-y-la-universidad-catolica-de-valencia\\\/#breadcrumb\",\"itemListElement\":[{\"@type\":\"ListItem\",\"position\":1,\"name\":\"Portada\",\"item\":\"https:\\\/\\\/valenciasjb.salesianos.edu\\\/colegio\\\/\"},{\"@type\":\"ListItem\",\"position\":2,\"name\":\"Ciclo de Conferencias \u201cLa vida con filosof\u00eda\u201d en coordinaci\u00f3n entre el Colegio Salesiano San Juan Bosco y la Universidad Cat\u00f3lica de Valencia\"}]},{\"@type\":\"WebSite\",\"@id\":\"https:\\\/\\\/valenciasjb.salesianos.edu\\\/colegio\\\/#website\",\"url\":\"https:\\\/\\\/valenciasjb.salesianos.edu\\\/colegio\\\/\",\"name\":\"Colegio San Juan Bosco Valencia\",\"description\":\"P\u00e1gina oficial del Colegio Salesianos San Juan Bosco Valencia\",\"alternateName\":\"Salesianos.VSJB\",\"potentialAction\":[{\"@type\":\"SearchAction\",\"target\":{\"@type\":\"EntryPoint\",\"urlTemplate\":\"https:\\\/\\\/valenciasjb.salesianos.edu\\\/colegio\\\/?s={search_term_string}\"},\"query-input\":{\"@type\":\"PropertyValueSpecification\",\"valueRequired\":true,\"valueName\":\"search_term_string\"}}],\"inLanguage\":\"es\"},{\"@type\":\"Person\",\"@id\":\"https:\\\/\\\/valenciasjb.salesianos.edu\\\/colegio\\\/#\\\/schema\\\/person\\\/1f45b67e52b27da175190a574db6bed9\",\"name\":\"veronicapastor\",\"image\":{\"@type\":\"ImageObject\",\"inLanguage\":\"es\",\"@id\":\"https:\\\/\\\/secure.gravatar.com\\\/avatar\\\/e29bd40bace3fd935e1d6fdb7313ffc14628cc037c5e16f4c7369b20a2a6f7f0?s=96&d=mm&r=g\",\"url\":\"https:\\\/\\\/secure.gravatar.com\\\/avatar\\\/e29bd40bace3fd935e1d6fdb7313ffc14628cc037c5e16f4c7369b20a2a6f7f0?s=96&d=mm&r=g\",\"contentUrl\":\"https:\\\/\\\/secure.gravatar.com\\\/avatar\\\/e29bd40bace3fd935e1d6fdb7313ffc14628cc037c5e16f4c7369b20a2a6f7f0?s=96&d=mm&r=g\",\"caption\":\"veronicapastor\"}}]}<\/script>\n<!-- \/ Yoast SEO plugin. -->","yoast_head_json":{"title":"Ciclo de Conferencias \u201cLa vida con filosof\u00eda\u201d en coordinaci\u00f3n entre el Colegio Salesiano San Juan Bosco y la Universidad Cat\u00f3lica de Valencia - Colegio San Juan Bosco Valencia","robots":{"index":"index","follow":"follow","max-snippet":"max-snippet:-1","max-image-preview":"max-image-preview:large","max-video-preview":"max-video-preview:-1"},"canonical":"https:\/\/valenciasjb.salesianos.edu\/colegio\/ciclo-de-conferencias-la-vida-con-filosofia-en-coordinacion-entre-el-colegio-salesiano-san-juan-bosco-y-la-universidad-catolica-de-valencia\/","og_locale":"es_ES","og_type":"article","og_title":"Ciclo de Conferencias \u201cLa vida con filosof\u00eda\u201d en coordinaci\u00f3n entre el Colegio Salesiano San Juan Bosco y la Universidad Cat\u00f3lica de Valencia - Colegio San Juan Bosco Valencia","og_description":"Desde el Colegio Salesiano San Juan Bosco de Valencia, con la coordinaci\u00f3n del Departamento de Ciencias Sociales y Humanidades, y en colaboraci\u00f3n con la Universidad Cat\u00f3lica de Valencia, se est\u00e1 promoviendo un ciclo de conferencias con el t\u00edtulo \"LA VIDA CON FILOSOF\u00cdA\". La primera de estas conferencias tendr\u00e1 lugar el martes 11 de diciembre a [&hellip;]","og_url":"https:\/\/valenciasjb.salesianos.edu\/colegio\/ciclo-de-conferencias-la-vida-con-filosofia-en-coordinacion-entre-el-colegio-salesiano-san-juan-bosco-y-la-universidad-catolica-de-valencia\/","og_site_name":"Colegio San Juan Bosco Valencia","article_publisher":"https:\/\/www.facebook.com\/ColegioSalesianoSanJuanBoscoValencia","article_published_time":"2018-12-07T09:32:32+00:00","og_image":[{"width":724,"height":1024,"url":"https:\/\/valenciasjb.salesianos.edu\/colegio\/wp-content\/uploads\/sites\/2\/2018\/12\/poster-conferencias-v2-724x1024.jpg","type":"image\/jpeg"}],"author":"veronicapastor","twitter_card":"summary_large_image","twitter_creator":"@SalesianosVSJB","twitter_site":"@SalesianosVSJB","twitter_misc":{"Escrito por":"veronicapastor","Tiempo de lectura":"2 minutos"},"schema":{"@context":"https:\/\/schema.org","@graph":[{"@type":"Article","@id":"https:\/\/valenciasjb.salesianos.edu\/colegio\/ciclo-de-conferencias-la-vida-con-filosofia-en-coordinacion-entre-el-colegio-salesiano-san-juan-bosco-y-la-universidad-catolica-de-valencia\/#article","isPartOf":{"@id":"https:\/\/valenciasjb.salesianos.edu\/colegio\/ciclo-de-conferencias-la-vida-con-filosofia-en-coordinacion-entre-el-colegio-salesiano-san-juan-bosco-y-la-universidad-catolica-de-valencia\/"},"author":{"name":"veronicapastor","@id":"https:\/\/valenciasjb.salesianos.edu\/colegio\/#\/schema\/person\/1f45b67e52b27da175190a574db6bed9"},"headline":"Ciclo de Conferencias \u201cLa vida con filosof\u00eda\u201d en coordinaci\u00f3n entre el Colegio Salesiano San Juan Bosco y la Universidad Cat\u00f3lica de Valencia","datePublished":"2018-12-07T09:32:32+00:00","mainEntityOfPage":{"@id":"https:\/\/valenciasjb.salesianos.edu\/colegio\/ciclo-de-conferencias-la-vida-con-filosofia-en-coordinacion-entre-el-colegio-salesiano-san-juan-bosco-y-la-universidad-catolica-de-valencia\/"},"wordCount":360,"image":{"@id":"https:\/\/valenciasjb.salesianos.edu\/colegio\/ciclo-de-conferencias-la-vida-con-filosofia-en-coordinacion-entre-el-colegio-salesiano-san-juan-bosco-y-la-universidad-catolica-de-valencia\/#primaryimage"},"thumbnailUrl":"https:\/\/valenciasjb.salesianos.edu\/colegio\/wp-content\/uploads\/sites\/2\/2018\/12\/poster-conferencias-v2.jpg","articleSection":["Noticia Colegio"],"inLanguage":"es"},{"@type":"WebPage","@id":"https:\/\/valenciasjb.salesianos.edu\/colegio\/ciclo-de-conferencias-la-vida-con-filosofia-en-coordinacion-entre-el-colegio-salesiano-san-juan-bosco-y-la-universidad-catolica-de-valencia\/","url":"https:\/\/valenciasjb.salesianos.edu\/colegio\/ciclo-de-conferencias-la-vida-con-filosofia-en-coordinacion-entre-el-colegio-salesiano-san-juan-bosco-y-la-universidad-catolica-de-valencia\/","name":"Ciclo de Conferencias \u201cLa vida con filosof\u00eda\u201d en coordinaci\u00f3n entre el Colegio Salesiano San Juan Bosco y la Universidad Cat\u00f3lica de Valencia - Colegio San Juan Bosco Valencia","isPartOf":{"@id":"https:\/\/valenciasjb.salesianos.edu\/colegio\/#website"},"primaryImageOfPage":{"@id":"https:\/\/valenciasjb.salesianos.edu\/colegio\/ciclo-de-conferencias-la-vida-con-filosofia-en-coordinacion-entre-el-colegio-salesiano-san-juan-bosco-y-la-universidad-catolica-de-valencia\/#primaryimage"},"image":{"@id":"https:\/\/valenciasjb.salesianos.edu\/colegio\/ciclo-de-conferencias-la-vida-con-filosofia-en-coordinacion-entre-el-colegio-salesiano-san-juan-bosco-y-la-universidad-catolica-de-valencia\/#primaryimage"},"thumbnailUrl":"https:\/\/valenciasjb.salesianos.edu\/colegio\/wp-content\/uploads\/sites\/2\/2018\/12\/poster-conferencias-v2.jpg","datePublished":"2018-12-07T09:32:32+00:00","author":{"@id":"https:\/\/valenciasjb.salesianos.edu\/colegio\/#\/schema\/person\/1f45b67e52b27da175190a574db6bed9"},"breadcrumb":{"@id":"https:\/\/valenciasjb.salesianos.edu\/colegio\/ciclo-de-conferencias-la-vida-con-filosofia-en-coordinacion-entre-el-colegio-salesiano-san-juan-bosco-y-la-universidad-catolica-de-valencia\/#breadcrumb"},"inLanguage":"es","potentialAction":[{"@type":"ReadAction","target":["https:\/\/valenciasjb.salesianos.edu\/colegio\/ciclo-de-conferencias-la-vida-con-filosofia-en-coordinacion-entre-el-colegio-salesiano-san-juan-bosco-y-la-universidad-catolica-de-valencia\/"]}]},{"@type":"ImageObject","inLanguage":"es","@id":"https:\/\/valenciasjb.salesianos.edu\/colegio\/ciclo-de-conferencias-la-vida-con-filosofia-en-coordinacion-entre-el-colegio-salesiano-san-juan-bosco-y-la-universidad-catolica-de-valencia\/#primaryimage","url":"https:\/\/valenciasjb.salesianos.edu\/colegio\/wp-content\/uploads\/sites\/2\/2018\/12\/poster-conferencias-v2.jpg","contentUrl":"https:\/\/valenciasjb.salesianos.edu\/colegio\/wp-content\/uploads\/sites\/2\/2018\/12\/poster-conferencias-v2.jpg","width":2480,"height":3508},{"@type":"BreadcrumbList","@id":"https:\/\/valenciasjb.salesianos.edu\/colegio\/ciclo-de-conferencias-la-vida-con-filosofia-en-coordinacion-entre-el-colegio-salesiano-san-juan-bosco-y-la-universidad-catolica-de-valencia\/#breadcrumb","itemListElement":[{"@type":"ListItem","position":1,"name":"Portada","item":"https:\/\/valenciasjb.salesianos.edu\/colegio\/"},{"@type":"ListItem","position":2,"name":"Ciclo de Conferencias \u201cLa vida con filosof\u00eda\u201d en coordinaci\u00f3n entre el Colegio Salesiano San Juan Bosco y la Universidad Cat\u00f3lica de Valencia"}]},{"@type":"WebSite","@id":"https:\/\/valenciasjb.salesianos.edu\/colegio\/#website","url":"https:\/\/valenciasjb.salesianos.edu\/colegio\/","name":"Colegio San Juan Bosco Valencia","description":"P\u00e1gina oficial del Colegio Salesianos San Juan Bosco Valencia","alternateName":"Salesianos.VSJB","potentialAction":[{"@type":"SearchAction","target":{"@type":"EntryPoint","urlTemplate":"https:\/\/valenciasjb.salesianos.edu\/colegio\/?s={search_term_string}"},"query-input":{"@type":"PropertyValueSpecification","valueRequired":true,"valueName":"search_term_string"}}],"inLanguage":"es"},{"@type":"Person","@id":"https:\/\/valenciasjb.salesianos.edu\/colegio\/#\/schema\/person\/1f45b67e52b27da175190a574db6bed9","name":"veronicapastor","image":{"@type":"ImageObject","inLanguage":"es","@id":"https:\/\/secure.gravatar.com\/avatar\/e29bd40bace3fd935e1d6fdb7313ffc14628cc037c5e16f4c7369b20a2a6f7f0?s=96&d=mm&r=g","url":"https:\/\/secure.gravatar.com\/avatar\/e29bd40bace3fd935e1d6fdb7313ffc14628cc037c5e16f4c7369b20a2a6f7f0?s=96&d=mm&r=g","contentUrl":"https:\/\/secure.gravatar.com\/avatar\/e29bd40bace3fd935e1d6fdb7313ffc14628cc037c5e16f4c7369b20a2a6f7f0?s=96&d=mm&r=g","caption":"veronicapastor"}}]}},"_links":{"self":[{"href":"https:\/\/valenciasjb.salesianos.edu\/colegio\/wp-json\/wp\/v2\/posts\/9960","targetHints":{"allow":["GET"]}}],"collection":[{"href":"https:\/\/valenciasjb.salesianos.edu\/colegio\/wp-json\/wp\/v2\/posts"}],"about":[{"href":"https:\/\/valenciasjb.salesianos.edu\/colegio\/wp-json\/wp\/v2\/types\/post"}],"author":[{"embeddable":true,"href":"https:\/\/valenciasjb.salesianos.edu\/colegio\/wp-json\/wp\/v2\/users\/6"}],"replies":[{"embeddable":true,"href":"https:\/\/valenciasjb.salesianos.edu\/colegio\/wp-json\/wp\/v2\/comments?post=9960"}],"version-history":[{"count":2,"href":"https:\/\/valenciasjb.salesianos.edu\/colegio\/wp-json\/wp\/v2\/posts\/9960\/revisions"}],"predecessor-version":[{"id":9963,"href":"https:\/\/valenciasjb.salesianos.edu\/colegio\/wp-json\/wp\/v2\/posts\/9960\/revisions\/9963"}],"wp:featuredmedia":[{"embeddable":true,"href":"https:\/\/valenciasjb.salesianos.edu\/colegio\/wp-json\/wp\/v2\/media\/9961"}],"wp:attachment":[{"href":"https:\/\/valenciasjb.salesianos.edu\/colegio\/wp-json\/wp\/v2\/media?parent=9960"}],"wp:term":[{"taxonomy":"category","embeddable":true,"href":"https:\/\/valenciasjb.salesianos.edu\/colegio\/wp-json\/wp\/v2\/categories?post=9960"},{"taxonomy":"post_tag","embeddable":true,"href":"https:\/\/valenciasjb.salesianos.edu\/colegio\/wp-json\/wp\/v2\/tags?post=9960"}],"curies":[{"name":"wp","href":"https:\/\/api.w.org\/{rel}","templated":true}]}}