{"id":9964,"date":"2018-12-10T10:37:40","date_gmt":"2018-12-10T09:37:40","guid":{"rendered":"https:\/\/valenciasjb.salesianos.edu\/colegio\/?p=9964"},"modified":"2018-12-10T10:41:59","modified_gmt":"2018-12-10T09:41:59","slug":"los-medios-se-hacen-eco-del-concierto-solidario-testigos-de-la-luz","status":"publish","type":"post","link":"https:\/\/valenciasjb.salesianos.edu\/colegio\/los-medios-se-hacen-eco-del-concierto-solidario-testigos-de-la-luz\/","title":{"rendered":"Los medios se hacen eco del Concierto Solidario \u201cTestigos de la Luz\u201d"},"content":{"rendered":"<div id=\"fb-root\"><\/div>\n<p>[et_pb_section bb_built=\u00bb1&#8243; admin_label=\u00bbsection\u00bb][et_pb_row admin_label=\u00bbrow\u00bb background_position=\u00bbtop_left\u00bb background_repeat=\u00bbrepeat\u00bb background_size=\u00bbinitial\u00bb][et_pb_column type=\u00bb4_4&#8243;][et_pb_text admin_label=\u00bbEntradilla (Texto)\u00bb _builder_version=\u00bb3.0.105&#8243; background_layout=\u00bblight\u00bb text_orientation=\u00bbjustified\u00bb text_font=\u00bb|on|||\u00bb module_alignment=\u00bbleft\u00bb]<\/p>\n<div id=\"resumen\">\n<p><span style=\"font-weight: 400\">El pasado viernes, 7 de diciembre, el peri\u00f3dico La Vanguardia public\u00f3 la noticia en la que anunciaba el pr\u00f3ximo Concierto Solidario del Colegio Salesiano San Juan Bosco de Valencia, edici\u00f3n navide\u00f1a, llamado \u201cTestigo de la Luz\u201d.<\/span><\/p>\n<\/div>\n<div><\/div>\n<p>[\/et_pb_text][et_pb_text admin_label=\u00bbAutor (Texto)\u00bb _builder_version=\u00bb3.0.85&#8243; background_layout=\u00bblight\u00bb text_font=\u00bb||on||\u00bb]<\/p>\n<p>Redacci\u00f3n<\/p>\n<p>[\/et_pb_text][et_pb_text admin_label=\u00bbDesarrollo (Texto)\u00bb _builder_version=\u00bb3.0.105&#8243; background_layout=\u00bblight\u00bb text_orientation=\u00bbjustified\u00bb module_alignment=\u00bbleft\u00bb]<\/p>\n<p><span style=\"font-weight: 400\">El art\u00edculo al completo puede leerse en la siguiente direcci\u00f3n web: <\/span><a href=\"https:\/\/www.lavanguardia.com\/vida\/20181207\/453406552793\/la-obra-navidena-solidaria-de-los-salesianos-de-valencia-reune-a-240-personas.html?fbclid=IwAR1OZOpqn_kYPSTxB7ArBfe_bgC08qLsbyvlAWlDD_nzQdCbBBJ8j7N-B8o\"><span style=\"font-weight: 400\">https:\/\/www.lavanguardia.com\/vida\/20181207\/453406552793\/la-obra-navidena-solidaria-de-los-salesianos-de-valencia-reune-a-240-personas.html<\/span><\/a><\/p>\n<p><span style=\"font-weight: 400\">La Vanguardia destaca en su art\u00edculo que es un proyecto de muy amplia convocatoria, que implica a toda la comunidad educativa. Tambi\u00e9n el fin solidario al que va destinado el Concierto, ya que todo lo recaudado se destinar\u00e1 a diferentes organizaciones para personas que lo necesitan: Juegaterapia, ACNUR y C\u00e1ritas Parroquia Mar\u00eda Auxiliadora. Finalmente, la intenci\u00f3n del Colegio con este tipo de iniciativas: erradicar las injusticias del mundo y reforzar las buenas acciones que se llevan adelante, para transmitir un mensaje de esperanza, amor y paz. Un potente mensaje donde la \u201cestrella\u201d desempe\u00f1ar\u00e1 un papel importante.<\/span><\/p>\n<p><span style=\"font-weight: 400\">Toda la comunidad educativa se prepara para la llegada de Jes\u00fas y quiere celebrarlo con este concierto que nos une como familia; una familia con una larga trayectoria de conciertos solidarios, como destacan tambi\u00e9n los medios de comunicaci\u00f3n, en los que siempre hemos buscado poner nuestro granito de arena para cambiar este mundo. \u00a1Queremos ser LUZ para el mundo!<\/span><\/p>\n<p>[\/et_pb_text][et_pb_text admin_label=\u00bbT\u00edtulo: Galer\u00eda de fotos (Texto)\u00bb _builder_version=\u00bb3.0.76&#8243; background_layout=\u00bblight\u00bb text_font=\u00bb|on|||\u00bb text_text_color=\u00bb#dc001b\u00bb border_style=\u00bbsolid\u00bb disabled=\u00bboff\u00bb disabled_on=\u00bboff|on|on\u00bb]<\/p>\n<p>Galer\u00eda de im\u00e1genes<\/p>\n<p>[\/et_pb_text][et_pb_gallery _builder_version=\u00bb3.0.105&#8243; posts_number=\u00bb8&#8243; show_title_and_caption=\u00bboff\u00bb show_pagination=\u00bbon\u00bb fullwidth=\u00bboff\u00bb orientation=\u00bblandscape\u00bb zoom_icon_color=\u00bb#dc001b\u00bb hover_overlay_color=\u00bbrgba(255,255,255,0.9)\u00bb hover_icon=\u00bb%%51%%\u00bb background_layout=\u00bblight\u00bb disabled=\u00bboff\u00bb disabled_on=\u00bboff|off|off\u00bb gallery_ids=\u00bb9965&#8243; pagination_font_size_tablet=\u00bb51&#8243; pagination_line_height_tablet=\u00bb2&#8243; \/][et_pb_video _builder_version=\u00bb3.0.51&#8243; disabled=\u00bbon\u00bb disabled_on=\u00bbon|on|on\u00bb \/][\/et_pb_column][\/et_pb_row][\/et_pb_section]<\/p>\n<!-- AddThis Advanced Settings generic via filter on the_content --><!-- AddThis Share Buttons generic via filter on the_content -->","protected":false},"excerpt":{"rendered":"<p>El pasado viernes, 7 de diciembre, el peri\u00f3dico La Vanguardia public\u00f3 la noticia en la que anunciaba el pr\u00f3ximo Concierto Solidario del Colegio Salesiano San Juan Bosco de Valencia, edici\u00f3n navide\u00f1a, llamado \u201cTestigo de la Luz\u201d. Redacci\u00f3n El art\u00edculo al completo puede leerse en la siguiente direcci\u00f3n web: https:\/\/www.lavanguardia.com\/vida\/20181207\/453406552793\/la-obra-navidena-solidaria-de-los-salesianos-de-valencia-reune-a-240-personas.html La Vanguardia destaca en su art\u00edculo [&hellip;]<\/p>\n<p><!-- AddThis Advanced Settings generic via filter on get_the_excerpt --><!-- AddThis Share Buttons generic via filter on get_the_excerpt --><\/p>\n","protected":false},"author":6,"featured_media":9965,"comment_status":"closed","ping_status":"open","sticky":false,"template":"","format":"standard","meta":{"_et_pb_use_builder":"on","_et_pb_old_content":"","_et_gb_content_width":"","footnotes":""},"categories":[14],"tags":[],"class_list":["post-9964","post","type-post","status-publish","format-standard","has-post-thumbnail","hentry","category-noticia_colegio"],"yoast_head":"<!-- This site is optimized with the Yoast SEO plugin v28.4 - https:\/\/yoast.com\/product\/yoast-seo-wordpress\/ -->\n<title>Los medios se hacen eco del Concierto Solidario \u201cTestigos de la Luz\u201d - Colegio San Juan Bosco Valencia<\/title>\n<meta name=\"robots\" content=\"index, follow, max-snippet:-1, max-image-preview:large, max-video-preview:-1\" \/>\n<link rel=\"canonical\" href=\"https:\/\/valenciasjb.salesianos.edu\/colegio\/los-medios-se-hacen-eco-del-concierto-solidario-testigos-de-la-luz\/\" \/>\n<meta property=\"og:locale\" content=\"es_ES\" \/>\n<meta property=\"og:type\" content=\"article\" \/>\n<meta property=\"og:title\" content=\"Los medios se hacen eco del Concierto Solidario \u201cTestigos de la Luz\u201d - Colegio San Juan Bosco Valencia\" \/>\n<meta property=\"og:description\" content=\"El pasado viernes, 7 de diciembre, el peri\u00f3dico La Vanguardia public\u00f3 la noticia en la que anunciaba el pr\u00f3ximo Concierto Solidario del Colegio Salesiano San Juan Bosco de Valencia, edici\u00f3n navide\u00f1a, llamado \u201cTestigo de la Luz\u201d. Redacci\u00f3n El art\u00edculo al completo puede leerse en la siguiente direcci\u00f3n web: https:\/\/www.lavanguardia.com\/vida\/20181207\/453406552793\/la-obra-navidena-solidaria-de-los-salesianos-de-valencia-reune-a-240-personas.html La Vanguardia destaca en su art\u00edculo [&hellip;]\" \/>\n<meta property=\"og:url\" content=\"https:\/\/valenciasjb.salesianos.edu\/colegio\/los-medios-se-hacen-eco-del-concierto-solidario-testigos-de-la-luz\/\" \/>\n<meta property=\"og:site_name\" content=\"Colegio San Juan Bosco Valencia\" \/>\n<meta property=\"article:publisher\" content=\"https:\/\/www.facebook.com\/ColegioSalesianoSanJuanBoscoValencia\" \/>\n<meta property=\"article:published_time\" content=\"2018-12-10T09:37:40+00:00\" \/>\n<meta property=\"article:modified_time\" content=\"2018-12-10T09:41:59+00:00\" \/>\n<meta property=\"og:image\" content=\"https:\/\/valenciasjb.salesianos.edu\/colegio\/wp-content\/uploads\/sites\/2\/2018\/12\/47685650_2073088499381011_2968196385813299200_n.jpg\" \/>\n\t<meta property=\"og:image:width\" content=\"661\" \/>\n\t<meta property=\"og:image:height\" content=\"960\" \/>\n\t<meta property=\"og:image:type\" content=\"image\/jpeg\" \/>\n<meta name=\"author\" content=\"veronicapastor\" \/>\n<meta name=\"twitter:card\" content=\"summary_large_image\" \/>\n<meta name=\"twitter:creator\" content=\"@SalesianosVSJB\" \/>\n<meta name=\"twitter:site\" content=\"@SalesianosVSJB\" \/>\n<meta name=\"twitter:label1\" content=\"Escrito por\" \/>\n\t<meta name=\"twitter:data1\" content=\"veronicapastor\" \/>\n\t<meta name=\"twitter:label2\" content=\"Tiempo de lectura\" \/>\n\t<meta name=\"twitter:data2\" content=\"2 minutos\" \/>\n<script type=\"application\/ld+json\" class=\"yoast-schema-graph\">{\"@context\":\"https:\\\/\\\/schema.org\",\"@graph\":[{\"@type\":\"Article\",\"@id\":\"https:\\\/\\\/valenciasjb.salesianos.edu\\\/colegio\\\/los-medios-se-hacen-eco-del-concierto-solidario-testigos-de-la-luz\\\/#article\",\"isPartOf\":{\"@id\":\"https:\\\/\\\/valenciasjb.salesianos.edu\\\/colegio\\\/los-medios-se-hacen-eco-del-concierto-solidario-testigos-de-la-luz\\\/\"},\"author\":{\"name\":\"veronicapastor\",\"@id\":\"https:\\\/\\\/valenciasjb.salesianos.edu\\\/colegio\\\/#\\\/schema\\\/person\\\/1f45b67e52b27da175190a574db6bed9\"},\"headline\":\"Los medios se hacen eco del Concierto Solidario \u201cTestigos de la Luz\u201d\",\"datePublished\":\"2018-12-10T09:37:40+00:00\",\"dateModified\":\"2018-12-10T09:41:59+00:00\",\"mainEntityOfPage\":{\"@id\":\"https:\\\/\\\/valenciasjb.salesianos.edu\\\/colegio\\\/los-medios-se-hacen-eco-del-concierto-solidario-testigos-de-la-luz\\\/\"},\"wordCount\":443,\"image\":{\"@id\":\"https:\\\/\\\/valenciasjb.salesianos.edu\\\/colegio\\\/los-medios-se-hacen-eco-del-concierto-solidario-testigos-de-la-luz\\\/#primaryimage\"},\"thumbnailUrl\":\"https:\\\/\\\/valenciasjb.salesianos.edu\\\/colegio\\\/wp-content\\\/uploads\\\/sites\\\/2\\\/2018\\\/12\\\/47685650_2073088499381011_2968196385813299200_n.jpg\",\"articleSection\":[\"Noticia Colegio\"],\"inLanguage\":\"es\"},{\"@type\":\"WebPage\",\"@id\":\"https:\\\/\\\/valenciasjb.salesianos.edu\\\/colegio\\\/los-medios-se-hacen-eco-del-concierto-solidario-testigos-de-la-luz\\\/\",\"url\":\"https:\\\/\\\/valenciasjb.salesianos.edu\\\/colegio\\\/los-medios-se-hacen-eco-del-concierto-solidario-testigos-de-la-luz\\\/\",\"name\":\"Los medios se hacen eco del Concierto Solidario \u201cTestigos de la Luz\u201d - Colegio San Juan Bosco Valencia\",\"isPartOf\":{\"@id\":\"https:\\\/\\\/valenciasjb.salesianos.edu\\\/colegio\\\/#website\"},\"primaryImageOfPage\":{\"@id\":\"https:\\\/\\\/valenciasjb.salesianos.edu\\\/colegio\\\/los-medios-se-hacen-eco-del-concierto-solidario-testigos-de-la-luz\\\/#primaryimage\"},\"image\":{\"@id\":\"https:\\\/\\\/valenciasjb.salesianos.edu\\\/colegio\\\/los-medios-se-hacen-eco-del-concierto-solidario-testigos-de-la-luz\\\/#primaryimage\"},\"thumbnailUrl\":\"https:\\\/\\\/valenciasjb.salesianos.edu\\\/colegio\\\/wp-content\\\/uploads\\\/sites\\\/2\\\/2018\\\/12\\\/47685650_2073088499381011_2968196385813299200_n.jpg\",\"datePublished\":\"2018-12-10T09:37:40+00:00\",\"dateModified\":\"2018-12-10T09:41:59+00:00\",\"author\":{\"@id\":\"https:\\\/\\\/valenciasjb.salesianos.edu\\\/colegio\\\/#\\\/schema\\\/person\\\/1f45b67e52b27da175190a574db6bed9\"},\"breadcrumb\":{\"@id\":\"https:\\\/\\\/valenciasjb.salesianos.edu\\\/colegio\\\/los-medios-se-hacen-eco-del-concierto-solidario-testigos-de-la-luz\\\/#breadcrumb\"},\"inLanguage\":\"es\",\"potentialAction\":[{\"@type\":\"ReadAction\",\"target\":[\"https:\\\/\\\/valenciasjb.salesianos.edu\\\/colegio\\\/los-medios-se-hacen-eco-del-concierto-solidario-testigos-de-la-luz\\\/\"]}]},{\"@type\":\"ImageObject\",\"inLanguage\":\"es\",\"@id\":\"https:\\\/\\\/valenciasjb.salesianos.edu\\\/colegio\\\/los-medios-se-hacen-eco-del-concierto-solidario-testigos-de-la-luz\\\/#primaryimage\",\"url\":\"https:\\\/\\\/valenciasjb.salesianos.edu\\\/colegio\\\/wp-content\\\/uploads\\\/sites\\\/2\\\/2018\\\/12\\\/47685650_2073088499381011_2968196385813299200_n.jpg\",\"contentUrl\":\"https:\\\/\\\/valenciasjb.salesianos.edu\\\/colegio\\\/wp-content\\\/uploads\\\/sites\\\/2\\\/2018\\\/12\\\/47685650_2073088499381011_2968196385813299200_n.jpg\",\"width\":661,\"height\":960},{\"@type\":\"BreadcrumbList\",\"@id\":\"https:\\\/\\\/valenciasjb.salesianos.edu\\\/colegio\\\/los-medios-se-hacen-eco-del-concierto-solidario-testigos-de-la-luz\\\/#breadcrumb\",\"itemListElement\":[{\"@type\":\"ListItem\",\"position\":1,\"name\":\"Portada\",\"item\":\"https:\\\/\\\/valenciasjb.salesianos.edu\\\/colegio\\\/\"},{\"@type\":\"ListItem\",\"position\":2,\"name\":\"Los medios se hacen eco del Concierto Solidario \u201cTestigos de la Luz\u201d\"}]},{\"@type\":\"WebSite\",\"@id\":\"https:\\\/\\\/valenciasjb.salesianos.edu\\\/colegio\\\/#website\",\"url\":\"https:\\\/\\\/valenciasjb.salesianos.edu\\\/colegio\\\/\",\"name\":\"Colegio San Juan Bosco Valencia\",\"description\":\"P\u00e1gina oficial del Colegio Salesianos San Juan Bosco Valencia\",\"alternateName\":\"Salesianos.VSJB\",\"potentialAction\":[{\"@type\":\"SearchAction\",\"target\":{\"@type\":\"EntryPoint\",\"urlTemplate\":\"https:\\\/\\\/valenciasjb.salesianos.edu\\\/colegio\\\/?s={search_term_string}\"},\"query-input\":{\"@type\":\"PropertyValueSpecification\",\"valueRequired\":true,\"valueName\":\"search_term_string\"}}],\"inLanguage\":\"es\"},{\"@type\":\"Person\",\"@id\":\"https:\\\/\\\/valenciasjb.salesianos.edu\\\/colegio\\\/#\\\/schema\\\/person\\\/1f45b67e52b27da175190a574db6bed9\",\"name\":\"veronicapastor\",\"image\":{\"@type\":\"ImageObject\",\"inLanguage\":\"es\",\"@id\":\"https:\\\/\\\/secure.gravatar.com\\\/avatar\\\/e29bd40bace3fd935e1d6fdb7313ffc14628cc037c5e16f4c7369b20a2a6f7f0?s=96&d=mm&r=g\",\"url\":\"https:\\\/\\\/secure.gravatar.com\\\/avatar\\\/e29bd40bace3fd935e1d6fdb7313ffc14628cc037c5e16f4c7369b20a2a6f7f0?s=96&d=mm&r=g\",\"contentUrl\":\"https:\\\/\\\/secure.gravatar.com\\\/avatar\\\/e29bd40bace3fd935e1d6fdb7313ffc14628cc037c5e16f4c7369b20a2a6f7f0?s=96&d=mm&r=g\",\"caption\":\"veronicapastor\"}}]}<\/script>\n<!-- \/ Yoast SEO plugin. -->","yoast_head_json":{"title":"Los medios se hacen eco del Concierto Solidario \u201cTestigos de la Luz\u201d - Colegio San Juan Bosco Valencia","robots":{"index":"index","follow":"follow","max-snippet":"max-snippet:-1","max-image-preview":"max-image-preview:large","max-video-preview":"max-video-preview:-1"},"canonical":"https:\/\/valenciasjb.salesianos.edu\/colegio\/los-medios-se-hacen-eco-del-concierto-solidario-testigos-de-la-luz\/","og_locale":"es_ES","og_type":"article","og_title":"Los medios se hacen eco del Concierto Solidario \u201cTestigos de la Luz\u201d - Colegio San Juan Bosco Valencia","og_description":"El pasado viernes, 7 de diciembre, el peri\u00f3dico La Vanguardia public\u00f3 la noticia en la que anunciaba el pr\u00f3ximo Concierto Solidario del Colegio Salesiano San Juan Bosco de Valencia, edici\u00f3n navide\u00f1a, llamado \u201cTestigo de la Luz\u201d. Redacci\u00f3n El art\u00edculo al completo puede leerse en la siguiente direcci\u00f3n web: https:\/\/www.lavanguardia.com\/vida\/20181207\/453406552793\/la-obra-navidena-solidaria-de-los-salesianos-de-valencia-reune-a-240-personas.html La Vanguardia destaca en su art\u00edculo [&hellip;]","og_url":"https:\/\/valenciasjb.salesianos.edu\/colegio\/los-medios-se-hacen-eco-del-concierto-solidario-testigos-de-la-luz\/","og_site_name":"Colegio San Juan Bosco Valencia","article_publisher":"https:\/\/www.facebook.com\/ColegioSalesianoSanJuanBoscoValencia","article_published_time":"2018-12-10T09:37:40+00:00","article_modified_time":"2018-12-10T09:41:59+00:00","og_image":[{"width":661,"height":960,"url":"https:\/\/valenciasjb.salesianos.edu\/colegio\/wp-content\/uploads\/sites\/2\/2018\/12\/47685650_2073088499381011_2968196385813299200_n.jpg","type":"image\/jpeg"}],"author":"veronicapastor","twitter_card":"summary_large_image","twitter_creator":"@SalesianosVSJB","twitter_site":"@SalesianosVSJB","twitter_misc":{"Escrito por":"veronicapastor","Tiempo de lectura":"2 minutos"},"schema":{"@context":"https:\/\/schema.org","@graph":[{"@type":"Article","@id":"https:\/\/valenciasjb.salesianos.edu\/colegio\/los-medios-se-hacen-eco-del-concierto-solidario-testigos-de-la-luz\/#article","isPartOf":{"@id":"https:\/\/valenciasjb.salesianos.edu\/colegio\/los-medios-se-hacen-eco-del-concierto-solidario-testigos-de-la-luz\/"},"author":{"name":"veronicapastor","@id":"https:\/\/valenciasjb.salesianos.edu\/colegio\/#\/schema\/person\/1f45b67e52b27da175190a574db6bed9"},"headline":"Los medios se hacen eco del Concierto Solidario \u201cTestigos de la Luz\u201d","datePublished":"2018-12-10T09:37:40+00:00","dateModified":"2018-12-10T09:41:59+00:00","mainEntityOfPage":{"@id":"https:\/\/valenciasjb.salesianos.edu\/colegio\/los-medios-se-hacen-eco-del-concierto-solidario-testigos-de-la-luz\/"},"wordCount":443,"image":{"@id":"https:\/\/valenciasjb.salesianos.edu\/colegio\/los-medios-se-hacen-eco-del-concierto-solidario-testigos-de-la-luz\/#primaryimage"},"thumbnailUrl":"https:\/\/valenciasjb.salesianos.edu\/colegio\/wp-content\/uploads\/sites\/2\/2018\/12\/47685650_2073088499381011_2968196385813299200_n.jpg","articleSection":["Noticia Colegio"],"inLanguage":"es"},{"@type":"WebPage","@id":"https:\/\/valenciasjb.salesianos.edu\/colegio\/los-medios-se-hacen-eco-del-concierto-solidario-testigos-de-la-luz\/","url":"https:\/\/valenciasjb.salesianos.edu\/colegio\/los-medios-se-hacen-eco-del-concierto-solidario-testigos-de-la-luz\/","name":"Los medios se hacen eco del Concierto Solidario \u201cTestigos de la Luz\u201d - Colegio San Juan Bosco Valencia","isPartOf":{"@id":"https:\/\/valenciasjb.salesianos.edu\/colegio\/#website"},"primaryImageOfPage":{"@id":"https:\/\/valenciasjb.salesianos.edu\/colegio\/los-medios-se-hacen-eco-del-concierto-solidario-testigos-de-la-luz\/#primaryimage"},"image":{"@id":"https:\/\/valenciasjb.salesianos.edu\/colegio\/los-medios-se-hacen-eco-del-concierto-solidario-testigos-de-la-luz\/#primaryimage"},"thumbnailUrl":"https:\/\/valenciasjb.salesianos.edu\/colegio\/wp-content\/uploads\/sites\/2\/2018\/12\/47685650_2073088499381011_2968196385813299200_n.jpg","datePublished":"2018-12-10T09:37:40+00:00","dateModified":"2018-12-10T09:41:59+00:00","author":{"@id":"https:\/\/valenciasjb.salesianos.edu\/colegio\/#\/schema\/person\/1f45b67e52b27da175190a574db6bed9"},"breadcrumb":{"@id":"https:\/\/valenciasjb.salesianos.edu\/colegio\/los-medios-se-hacen-eco-del-concierto-solidario-testigos-de-la-luz\/#breadcrumb"},"inLanguage":"es","potentialAction":[{"@type":"ReadAction","target":["https:\/\/valenciasjb.salesianos.edu\/colegio\/los-medios-se-hacen-eco-del-concierto-solidario-testigos-de-la-luz\/"]}]},{"@type":"ImageObject","inLanguage":"es","@id":"https:\/\/valenciasjb.salesianos.edu\/colegio\/los-medios-se-hacen-eco-del-concierto-solidario-testigos-de-la-luz\/#primaryimage","url":"https:\/\/valenciasjb.salesianos.edu\/colegio\/wp-content\/uploads\/sites\/2\/2018\/12\/47685650_2073088499381011_2968196385813299200_n.jpg","contentUrl":"https:\/\/valenciasjb.salesianos.edu\/colegio\/wp-content\/uploads\/sites\/2\/2018\/12\/47685650_2073088499381011_2968196385813299200_n.jpg","width":661,"height":960},{"@type":"BreadcrumbList","@id":"https:\/\/valenciasjb.salesianos.edu\/colegio\/los-medios-se-hacen-eco-del-concierto-solidario-testigos-de-la-luz\/#breadcrumb","itemListElement":[{"@type":"ListItem","position":1,"name":"Portada","item":"https:\/\/valenciasjb.salesianos.edu\/colegio\/"},{"@type":"ListItem","position":2,"name":"Los medios se hacen eco del Concierto Solidario \u201cTestigos de la Luz\u201d"}]},{"@type":"WebSite","@id":"https:\/\/valenciasjb.salesianos.edu\/colegio\/#website","url":"https:\/\/valenciasjb.salesianos.edu\/colegio\/","name":"Colegio San Juan Bosco Valencia","description":"P\u00e1gina oficial del Colegio Salesianos San Juan Bosco Valencia","alternateName":"Salesianos.VSJB","potentialAction":[{"@type":"SearchAction","target":{"@type":"EntryPoint","urlTemplate":"https:\/\/valenciasjb.salesianos.edu\/colegio\/?s={search_term_string}"},"query-input":{"@type":"PropertyValueSpecification","valueRequired":true,"valueName":"search_term_string"}}],"inLanguage":"es"},{"@type":"Person","@id":"https:\/\/valenciasjb.salesianos.edu\/colegio\/#\/schema\/person\/1f45b67e52b27da175190a574db6bed9","name":"veronicapastor","image":{"@type":"ImageObject","inLanguage":"es","@id":"https:\/\/secure.gravatar.com\/avatar\/e29bd40bace3fd935e1d6fdb7313ffc14628cc037c5e16f4c7369b20a2a6f7f0?s=96&d=mm&r=g","url":"https:\/\/secure.gravatar.com\/avatar\/e29bd40bace3fd935e1d6fdb7313ffc14628cc037c5e16f4c7369b20a2a6f7f0?s=96&d=mm&r=g","contentUrl":"https:\/\/secure.gravatar.com\/avatar\/e29bd40bace3fd935e1d6fdb7313ffc14628cc037c5e16f4c7369b20a2a6f7f0?s=96&d=mm&r=g","caption":"veronicapastor"}}]}},"_links":{"self":[{"href":"https:\/\/valenciasjb.salesianos.edu\/colegio\/wp-json\/wp\/v2\/posts\/9964","targetHints":{"allow":["GET"]}}],"collection":[{"href":"https:\/\/valenciasjb.salesianos.edu\/colegio\/wp-json\/wp\/v2\/posts"}],"about":[{"href":"https:\/\/valenciasjb.salesianos.edu\/colegio\/wp-json\/wp\/v2\/types\/post"}],"author":[{"embeddable":true,"href":"https:\/\/valenciasjb.salesianos.edu\/colegio\/wp-json\/wp\/v2\/users\/6"}],"replies":[{"embeddable":true,"href":"https:\/\/valenciasjb.salesianos.edu\/colegio\/wp-json\/wp\/v2\/comments?post=9964"}],"version-history":[{"count":2,"href":"https:\/\/valenciasjb.salesianos.edu\/colegio\/wp-json\/wp\/v2\/posts\/9964\/revisions"}],"predecessor-version":[{"id":9967,"href":"https:\/\/valenciasjb.salesianos.edu\/colegio\/wp-json\/wp\/v2\/posts\/9964\/revisions\/9967"}],"wp:featuredmedia":[{"embeddable":true,"href":"https:\/\/valenciasjb.salesianos.edu\/colegio\/wp-json\/wp\/v2\/media\/9965"}],"wp:attachment":[{"href":"https:\/\/valenciasjb.salesianos.edu\/colegio\/wp-json\/wp\/v2\/media?parent=9964"}],"wp:term":[{"taxonomy":"category","embeddable":true,"href":"https:\/\/valenciasjb.salesianos.edu\/colegio\/wp-json\/wp\/v2\/categories?post=9964"},{"taxonomy":"post_tag","embeddable":true,"href":"https:\/\/valenciasjb.salesianos.edu\/colegio\/wp-json\/wp\/v2\/tags?post=9964"}],"curies":[{"name":"wp","href":"https:\/\/api.w.org\/{rel}","templated":true}]}}