{"id":9978,"date":"2018-12-11T12:41:04","date_gmt":"2018-12-11T11:41:04","guid":{"rendered":"https:\/\/valenciasjb.salesianos.edu\/colegio\/?p=9978"},"modified":"2018-12-11T12:43:29","modified_gmt":"2018-12-11T11:43:29","slug":"una-manana-en-la-casqueria-los-alumnos-de-5-anos-han-disfrutado-de-un-taller-muy-curioso","status":"publish","type":"post","link":"https:\/\/valenciasjb.salesianos.edu\/colegio\/una-manana-en-la-casqueria-los-alumnos-de-5-anos-han-disfrutado-de-un-taller-muy-curioso\/","title":{"rendered":"Una ma\u00f1ana en la casquer\u00eda: los alumnos de 5 a\u00f1os han disfrutado de un taller muy curioso"},"content":{"rendered":"<div id=\"fb-root\"><\/div>\n<p>[et_pb_section bb_built=\u00bb1&#8243; admin_label=\u00bbsection\u00bb][et_pb_row admin_label=\u00bbrow\u00bb background_position=\u00bbtop_left\u00bb background_repeat=\u00bbrepeat\u00bb background_size=\u00bbinitial\u00bb][et_pb_column type=\u00bb4_4&#8243;][et_pb_text admin_label=\u00bbEntradilla (Texto)\u00bb _builder_version=\u00bb3.0.105&#8243; background_layout=\u00bblight\u00bb text_orientation=\u00bbjustified\u00bb text_font=\u00bb|on|||\u00bb module_alignment=\u00bbleft\u00bb]<\/p>\n<div id=\"resumen\"><span style=\"font-family: Verdana, serif\"><b>La ma\u00f1ana del mi\u00e9rcoles 5 de diciembre, la <\/b><\/span><span style=\"font-family: Verdana, serif\"><b>b<\/b><\/span><span style=\"font-family: Verdana, serif\"><b>i\u00f3loga Carmen D\u00edaz, mam\u00e1 de una alumna de 5 a\u00f1os, dedic\u00f3 un ratito de su valioso tiempo a ofrecernos un taller que cautiv\u00f3 a todos nuestros alumnos de 5 a\u00f1os e incluso a alguna que otra profesora.<\/b><\/span><\/div>\n<p>[\/et_pb_text][et_pb_text admin_label=\u00bbAutor (Texto)\u00bb _builder_version=\u00bb3.0.105&#8243; background_layout=\u00bblight\u00bb text_font=\u00bb||on||\u00bb]<\/p>\n<p><span style=\"font-family: Verdana, serif\"><span style=\"font-size: small\">Lourdes Muli\u00f3. Maestra Educaci\u00f3n Infantil<\/span><\/span><span style=\"font-family: Verdana, serif\">.<\/span><\/p>\n<p>[\/et_pb_text][et_pb_text admin_label=\u00bbDesarrollo (Texto)\u00bb _builder_version=\u00bb3.0.105&#8243; background_layout=\u00bblight\u00bb text_orientation=\u00bbjustified\u00bb module_alignment=\u00bbleft\u00bb]<\/p>\n<p align=\"justify\"><span style=\"font-family: Verdana, serif\">Nos trajo a la clase diferentes \u00f3rganos internos de animales, los alumnos pudieron ver y palpar en vivo y en directo \u201cun cervell\u201d , \u201cun fetge\u201d, \u201cun cor\u201d, \u201cuns renyons\u201d y \u201cuns pulmons\u201d, lo que m\u00e1s nos impact\u00f3 a todos fue ver c\u00f3mo se hinchaban los pulmones y triplicaban su tama\u00f1o y cambiaban de color.<\/span><\/p>\n<p align=\"justify\"><span style=\"font-family: Verdana, serif\">Una experiencia que algunos no olvidar\u00e1n en su vida. <\/span><span style=\"font-family: Verdana, serif\">P<\/span><span style=\"font-family: Verdana, serif\">udimos poner en pr\u00e1ctica todo lo que hemos aprendido en el proyecto que estamos poniendo punto y final del Cuerpo Humano.<\/span><\/p>\n<p align=\"justify\"><span style=\"font-family: Verdana, serif\">Identificamos cada \u00f3rgano y lo relacionamos con el sistema al que pertenece y recordamos qu<\/span><span style=\"font-family: Verdana, serif\">\u00e9<\/span><span style=\"font-family: Verdana, serif\"> funciones, para qu\u00e9 sirven y la importancia que tienen en nuestro cuerpo.<\/span><\/p>\n<p align=\"justify\"><span style=\"font-family: Verdana, serif\">En fin, una ma\u00f1ana inolvidable y muy productiva.\u00a0<\/span><span style=\"font-family: Verdana, serif\">Muchas gracias por <\/span><span style=\"font-family: Verdana, serif\">v<\/span><span style=\"font-family: Verdana, serif\">uestra colaboraci\u00f3n e implicaci\u00f3n, \u00a1Sin vosotros, no ser\u00eda posible!<\/span><\/p>\n<p>[\/et_pb_text][et_pb_text admin_label=\u00bbT\u00edtulo: Galer\u00eda de fotos (Texto)\u00bb _builder_version=\u00bb3.0.76&#8243; background_layout=\u00bblight\u00bb text_font=\u00bb|on|||\u00bb text_text_color=\u00bb#dc001b\u00bb border_style=\u00bbsolid\u00bb disabled=\u00bboff\u00bb disabled_on=\u00bboff|on|on\u00bb]<\/p>\n<p>Galer\u00eda de im\u00e1genes<\/p>\n<p>[\/et_pb_text][et_pb_gallery _builder_version=\u00bb3.0.105&#8243; posts_number=\u00bb8&#8243; show_title_and_caption=\u00bboff\u00bb show_pagination=\u00bbon\u00bb fullwidth=\u00bboff\u00bb orientation=\u00bblandscape\u00bb zoom_icon_color=\u00bb#dc001b\u00bb hover_overlay_color=\u00bbrgba(255,255,255,0.9)\u00bb hover_icon=\u00bb%%51%%\u00bb background_layout=\u00bblight\u00bb disabled=\u00bboff\u00bb disabled_on=\u00bboff|off|off\u00bb gallery_ids=\u00bb9979,9980,9981,9982,9983,9984,9985&#8243; pagination_font_size_tablet=\u00bb51&#8243; pagination_line_height_tablet=\u00bb2&#8243; \/][et_pb_video _builder_version=\u00bb3.0.51&#8243; disabled=\u00bbon\u00bb disabled_on=\u00bbon|on|on\u00bb \/][\/et_pb_column][\/et_pb_row][\/et_pb_section]<\/p>\n<!-- AddThis Advanced Settings generic via filter on the_content --><!-- AddThis Share Buttons generic via filter on the_content -->","protected":false},"excerpt":{"rendered":"<p>La ma\u00f1ana del mi\u00e9rcoles 5 de diciembre, la bi\u00f3loga Carmen D\u00edaz, mam\u00e1 de una alumna de 5 a\u00f1os, dedic\u00f3 un ratito de su valioso tiempo a ofrecernos un taller que cautiv\u00f3 a todos nuestros alumnos de 5 a\u00f1os e incluso a alguna que otra profesora. Lourdes Muli\u00f3. Maestra Educaci\u00f3n Infantil. Nos trajo a la clase [&hellip;]<\/p>\n<p><!-- AddThis Advanced Settings generic via filter on get_the_excerpt --><!-- AddThis Share Buttons generic via filter on get_the_excerpt --><\/p>\n","protected":false},"author":6,"featured_media":9983,"comment_status":"closed","ping_status":"open","sticky":false,"template":"","format":"standard","meta":{"_et_pb_use_builder":"on","_et_pb_old_content":"","_et_gb_content_width":"","footnotes":""},"categories":[14],"tags":[],"class_list":["post-9978","post","type-post","status-publish","format-standard","has-post-thumbnail","hentry","category-noticia_colegio"],"yoast_head":"<!-- This site is optimized with the Yoast SEO plugin v28.4 - https:\/\/yoast.com\/product\/yoast-seo-wordpress\/ -->\n<title>Una ma\u00f1ana en la casquer\u00eda: los alumnos de 5 a\u00f1os han disfrutado de un taller muy curioso - Colegio San Juan Bosco Valencia<\/title>\n<meta name=\"robots\" content=\"index, follow, max-snippet:-1, max-image-preview:large, max-video-preview:-1\" \/>\n<link rel=\"canonical\" href=\"https:\/\/valenciasjb.salesianos.edu\/colegio\/una-manana-en-la-casqueria-los-alumnos-de-5-anos-han-disfrutado-de-un-taller-muy-curioso\/\" \/>\n<meta property=\"og:locale\" content=\"es_ES\" \/>\n<meta property=\"og:type\" content=\"article\" \/>\n<meta property=\"og:title\" content=\"Una ma\u00f1ana en la casquer\u00eda: los alumnos de 5 a\u00f1os han disfrutado de un taller muy curioso - Colegio San Juan Bosco Valencia\" \/>\n<meta property=\"og:description\" content=\"La ma\u00f1ana del mi\u00e9rcoles 5 de diciembre, la bi\u00f3loga Carmen D\u00edaz, mam\u00e1 de una alumna de 5 a\u00f1os, dedic\u00f3 un ratito de su valioso tiempo a ofrecernos un taller que cautiv\u00f3 a todos nuestros alumnos de 5 a\u00f1os e incluso a alguna que otra profesora. Lourdes Muli\u00f3. Maestra Educaci\u00f3n Infantil. Nos trajo a la clase [&hellip;]\" \/>\n<meta property=\"og:url\" content=\"https:\/\/valenciasjb.salesianos.edu\/colegio\/una-manana-en-la-casqueria-los-alumnos-de-5-anos-han-disfrutado-de-un-taller-muy-curioso\/\" \/>\n<meta property=\"og:site_name\" content=\"Colegio San Juan Bosco Valencia\" \/>\n<meta property=\"article:publisher\" content=\"https:\/\/www.facebook.com\/ColegioSalesianoSanJuanBoscoValencia\" \/>\n<meta property=\"article:published_time\" content=\"2018-12-11T11:41:04+00:00\" \/>\n<meta property=\"article:modified_time\" content=\"2018-12-11T11:43:29+00:00\" \/>\n<meta property=\"og:image\" content=\"https:\/\/valenciasjb.salesianos.edu\/colegio\/wp-content\/uploads\/sites\/2\/2018\/12\/IMG-20181205-WA0019.jpg\" \/>\n\t<meta property=\"og:image:width\" content=\"1024\" \/>\n\t<meta property=\"og:image:height\" content=\"768\" \/>\n\t<meta property=\"og:image:type\" content=\"image\/jpeg\" \/>\n<meta name=\"author\" content=\"veronicapastor\" \/>\n<meta name=\"twitter:card\" content=\"summary_large_image\" \/>\n<meta name=\"twitter:creator\" content=\"@SalesianosVSJB\" \/>\n<meta name=\"twitter:site\" content=\"@SalesianosVSJB\" \/>\n<meta name=\"twitter:label1\" content=\"Escrito por\" \/>\n\t<meta name=\"twitter:data1\" content=\"veronicapastor\" \/>\n\t<meta name=\"twitter:label2\" content=\"Tiempo de lectura\" \/>\n\t<meta name=\"twitter:data2\" content=\"2 minutos\" \/>\n<script type=\"application\/ld+json\" class=\"yoast-schema-graph\">{\"@context\":\"https:\\\/\\\/schema.org\",\"@graph\":[{\"@type\":\"Article\",\"@id\":\"https:\\\/\\\/valenciasjb.salesianos.edu\\\/colegio\\\/una-manana-en-la-casqueria-los-alumnos-de-5-anos-han-disfrutado-de-un-taller-muy-curioso\\\/#article\",\"isPartOf\":{\"@id\":\"https:\\\/\\\/valenciasjb.salesianos.edu\\\/colegio\\\/una-manana-en-la-casqueria-los-alumnos-de-5-anos-han-disfrutado-de-un-taller-muy-curioso\\\/\"},\"author\":{\"name\":\"veronicapastor\",\"@id\":\"https:\\\/\\\/valenciasjb.salesianos.edu\\\/colegio\\\/#\\\/schema\\\/person\\\/1f45b67e52b27da175190a574db6bed9\"},\"headline\":\"Una ma\u00f1ana en la casquer\u00eda: los alumnos de 5 a\u00f1os han disfrutado de un taller muy curioso\",\"datePublished\":\"2018-12-11T11:41:04+00:00\",\"dateModified\":\"2018-12-11T11:43:29+00:00\",\"mainEntityOfPage\":{\"@id\":\"https:\\\/\\\/valenciasjb.salesianos.edu\\\/colegio\\\/una-manana-en-la-casqueria-los-alumnos-de-5-anos-han-disfrutado-de-un-taller-muy-curioso\\\/\"},\"wordCount\":421,\"image\":{\"@id\":\"https:\\\/\\\/valenciasjb.salesianos.edu\\\/colegio\\\/una-manana-en-la-casqueria-los-alumnos-de-5-anos-han-disfrutado-de-un-taller-muy-curioso\\\/#primaryimage\"},\"thumbnailUrl\":\"https:\\\/\\\/valenciasjb.salesianos.edu\\\/colegio\\\/wp-content\\\/uploads\\\/sites\\\/2\\\/2018\\\/12\\\/IMG-20181205-WA0019.jpg\",\"articleSection\":[\"Noticia Colegio\"],\"inLanguage\":\"es\"},{\"@type\":\"WebPage\",\"@id\":\"https:\\\/\\\/valenciasjb.salesianos.edu\\\/colegio\\\/una-manana-en-la-casqueria-los-alumnos-de-5-anos-han-disfrutado-de-un-taller-muy-curioso\\\/\",\"url\":\"https:\\\/\\\/valenciasjb.salesianos.edu\\\/colegio\\\/una-manana-en-la-casqueria-los-alumnos-de-5-anos-han-disfrutado-de-un-taller-muy-curioso\\\/\",\"name\":\"Una ma\u00f1ana en la casquer\u00eda: los alumnos de 5 a\u00f1os han disfrutado de un taller muy curioso - Colegio San Juan Bosco Valencia\",\"isPartOf\":{\"@id\":\"https:\\\/\\\/valenciasjb.salesianos.edu\\\/colegio\\\/#website\"},\"primaryImageOfPage\":{\"@id\":\"https:\\\/\\\/valenciasjb.salesianos.edu\\\/colegio\\\/una-manana-en-la-casqueria-los-alumnos-de-5-anos-han-disfrutado-de-un-taller-muy-curioso\\\/#primaryimage\"},\"image\":{\"@id\":\"https:\\\/\\\/valenciasjb.salesianos.edu\\\/colegio\\\/una-manana-en-la-casqueria-los-alumnos-de-5-anos-han-disfrutado-de-un-taller-muy-curioso\\\/#primaryimage\"},\"thumbnailUrl\":\"https:\\\/\\\/valenciasjb.salesianos.edu\\\/colegio\\\/wp-content\\\/uploads\\\/sites\\\/2\\\/2018\\\/12\\\/IMG-20181205-WA0019.jpg\",\"datePublished\":\"2018-12-11T11:41:04+00:00\",\"dateModified\":\"2018-12-11T11:43:29+00:00\",\"author\":{\"@id\":\"https:\\\/\\\/valenciasjb.salesianos.edu\\\/colegio\\\/#\\\/schema\\\/person\\\/1f45b67e52b27da175190a574db6bed9\"},\"breadcrumb\":{\"@id\":\"https:\\\/\\\/valenciasjb.salesianos.edu\\\/colegio\\\/una-manana-en-la-casqueria-los-alumnos-de-5-anos-han-disfrutado-de-un-taller-muy-curioso\\\/#breadcrumb\"},\"inLanguage\":\"es\",\"potentialAction\":[{\"@type\":\"ReadAction\",\"target\":[\"https:\\\/\\\/valenciasjb.salesianos.edu\\\/colegio\\\/una-manana-en-la-casqueria-los-alumnos-de-5-anos-han-disfrutado-de-un-taller-muy-curioso\\\/\"]}]},{\"@type\":\"ImageObject\",\"inLanguage\":\"es\",\"@id\":\"https:\\\/\\\/valenciasjb.salesianos.edu\\\/colegio\\\/una-manana-en-la-casqueria-los-alumnos-de-5-anos-han-disfrutado-de-un-taller-muy-curioso\\\/#primaryimage\",\"url\":\"https:\\\/\\\/valenciasjb.salesianos.edu\\\/colegio\\\/wp-content\\\/uploads\\\/sites\\\/2\\\/2018\\\/12\\\/IMG-20181205-WA0019.jpg\",\"contentUrl\":\"https:\\\/\\\/valenciasjb.salesianos.edu\\\/colegio\\\/wp-content\\\/uploads\\\/sites\\\/2\\\/2018\\\/12\\\/IMG-20181205-WA0019.jpg\",\"width\":1024,\"height\":768},{\"@type\":\"BreadcrumbList\",\"@id\":\"https:\\\/\\\/valenciasjb.salesianos.edu\\\/colegio\\\/una-manana-en-la-casqueria-los-alumnos-de-5-anos-han-disfrutado-de-un-taller-muy-curioso\\\/#breadcrumb\",\"itemListElement\":[{\"@type\":\"ListItem\",\"position\":1,\"name\":\"Portada\",\"item\":\"https:\\\/\\\/valenciasjb.salesianos.edu\\\/colegio\\\/\"},{\"@type\":\"ListItem\",\"position\":2,\"name\":\"Una ma\u00f1ana en la casquer\u00eda: los alumnos de 5 a\u00f1os han disfrutado de un taller muy curioso\"}]},{\"@type\":\"WebSite\",\"@id\":\"https:\\\/\\\/valenciasjb.salesianos.edu\\\/colegio\\\/#website\",\"url\":\"https:\\\/\\\/valenciasjb.salesianos.edu\\\/colegio\\\/\",\"name\":\"Colegio San Juan Bosco Valencia\",\"description\":\"P\u00e1gina oficial del Colegio Salesianos San Juan Bosco Valencia\",\"alternateName\":\"Salesianos.VSJB\",\"potentialAction\":[{\"@type\":\"SearchAction\",\"target\":{\"@type\":\"EntryPoint\",\"urlTemplate\":\"https:\\\/\\\/valenciasjb.salesianos.edu\\\/colegio\\\/?s={search_term_string}\"},\"query-input\":{\"@type\":\"PropertyValueSpecification\",\"valueRequired\":true,\"valueName\":\"search_term_string\"}}],\"inLanguage\":\"es\"},{\"@type\":\"Person\",\"@id\":\"https:\\\/\\\/valenciasjb.salesianos.edu\\\/colegio\\\/#\\\/schema\\\/person\\\/1f45b67e52b27da175190a574db6bed9\",\"name\":\"veronicapastor\",\"image\":{\"@type\":\"ImageObject\",\"inLanguage\":\"es\",\"@id\":\"https:\\\/\\\/secure.gravatar.com\\\/avatar\\\/e29bd40bace3fd935e1d6fdb7313ffc14628cc037c5e16f4c7369b20a2a6f7f0?s=96&d=mm&r=g\",\"url\":\"https:\\\/\\\/secure.gravatar.com\\\/avatar\\\/e29bd40bace3fd935e1d6fdb7313ffc14628cc037c5e16f4c7369b20a2a6f7f0?s=96&d=mm&r=g\",\"contentUrl\":\"https:\\\/\\\/secure.gravatar.com\\\/avatar\\\/e29bd40bace3fd935e1d6fdb7313ffc14628cc037c5e16f4c7369b20a2a6f7f0?s=96&d=mm&r=g\",\"caption\":\"veronicapastor\"}}]}<\/script>\n<!-- \/ Yoast SEO plugin. -->","yoast_head_json":{"title":"Una ma\u00f1ana en la casquer\u00eda: los alumnos de 5 a\u00f1os han disfrutado de un taller muy curioso - Colegio San Juan Bosco Valencia","robots":{"index":"index","follow":"follow","max-snippet":"max-snippet:-1","max-image-preview":"max-image-preview:large","max-video-preview":"max-video-preview:-1"},"canonical":"https:\/\/valenciasjb.salesianos.edu\/colegio\/una-manana-en-la-casqueria-los-alumnos-de-5-anos-han-disfrutado-de-un-taller-muy-curioso\/","og_locale":"es_ES","og_type":"article","og_title":"Una ma\u00f1ana en la casquer\u00eda: los alumnos de 5 a\u00f1os han disfrutado de un taller muy curioso - Colegio San Juan Bosco Valencia","og_description":"La ma\u00f1ana del mi\u00e9rcoles 5 de diciembre, la bi\u00f3loga Carmen D\u00edaz, mam\u00e1 de una alumna de 5 a\u00f1os, dedic\u00f3 un ratito de su valioso tiempo a ofrecernos un taller que cautiv\u00f3 a todos nuestros alumnos de 5 a\u00f1os e incluso a alguna que otra profesora. Lourdes Muli\u00f3. Maestra Educaci\u00f3n Infantil. Nos trajo a la clase [&hellip;]","og_url":"https:\/\/valenciasjb.salesianos.edu\/colegio\/una-manana-en-la-casqueria-los-alumnos-de-5-anos-han-disfrutado-de-un-taller-muy-curioso\/","og_site_name":"Colegio San Juan Bosco Valencia","article_publisher":"https:\/\/www.facebook.com\/ColegioSalesianoSanJuanBoscoValencia","article_published_time":"2018-12-11T11:41:04+00:00","article_modified_time":"2018-12-11T11:43:29+00:00","og_image":[{"width":1024,"height":768,"url":"https:\/\/valenciasjb.salesianos.edu\/colegio\/wp-content\/uploads\/sites\/2\/2018\/12\/IMG-20181205-WA0019.jpg","type":"image\/jpeg"}],"author":"veronicapastor","twitter_card":"summary_large_image","twitter_creator":"@SalesianosVSJB","twitter_site":"@SalesianosVSJB","twitter_misc":{"Escrito por":"veronicapastor","Tiempo de lectura":"2 minutos"},"schema":{"@context":"https:\/\/schema.org","@graph":[{"@type":"Article","@id":"https:\/\/valenciasjb.salesianos.edu\/colegio\/una-manana-en-la-casqueria-los-alumnos-de-5-anos-han-disfrutado-de-un-taller-muy-curioso\/#article","isPartOf":{"@id":"https:\/\/valenciasjb.salesianos.edu\/colegio\/una-manana-en-la-casqueria-los-alumnos-de-5-anos-han-disfrutado-de-un-taller-muy-curioso\/"},"author":{"name":"veronicapastor","@id":"https:\/\/valenciasjb.salesianos.edu\/colegio\/#\/schema\/person\/1f45b67e52b27da175190a574db6bed9"},"headline":"Una ma\u00f1ana en la casquer\u00eda: los alumnos de 5 a\u00f1os han disfrutado de un taller muy curioso","datePublished":"2018-12-11T11:41:04+00:00","dateModified":"2018-12-11T11:43:29+00:00","mainEntityOfPage":{"@id":"https:\/\/valenciasjb.salesianos.edu\/colegio\/una-manana-en-la-casqueria-los-alumnos-de-5-anos-han-disfrutado-de-un-taller-muy-curioso\/"},"wordCount":421,"image":{"@id":"https:\/\/valenciasjb.salesianos.edu\/colegio\/una-manana-en-la-casqueria-los-alumnos-de-5-anos-han-disfrutado-de-un-taller-muy-curioso\/#primaryimage"},"thumbnailUrl":"https:\/\/valenciasjb.salesianos.edu\/colegio\/wp-content\/uploads\/sites\/2\/2018\/12\/IMG-20181205-WA0019.jpg","articleSection":["Noticia Colegio"],"inLanguage":"es"},{"@type":"WebPage","@id":"https:\/\/valenciasjb.salesianos.edu\/colegio\/una-manana-en-la-casqueria-los-alumnos-de-5-anos-han-disfrutado-de-un-taller-muy-curioso\/","url":"https:\/\/valenciasjb.salesianos.edu\/colegio\/una-manana-en-la-casqueria-los-alumnos-de-5-anos-han-disfrutado-de-un-taller-muy-curioso\/","name":"Una ma\u00f1ana en la casquer\u00eda: los alumnos de 5 a\u00f1os han disfrutado de un taller muy curioso - Colegio San Juan Bosco Valencia","isPartOf":{"@id":"https:\/\/valenciasjb.salesianos.edu\/colegio\/#website"},"primaryImageOfPage":{"@id":"https:\/\/valenciasjb.salesianos.edu\/colegio\/una-manana-en-la-casqueria-los-alumnos-de-5-anos-han-disfrutado-de-un-taller-muy-curioso\/#primaryimage"},"image":{"@id":"https:\/\/valenciasjb.salesianos.edu\/colegio\/una-manana-en-la-casqueria-los-alumnos-de-5-anos-han-disfrutado-de-un-taller-muy-curioso\/#primaryimage"},"thumbnailUrl":"https:\/\/valenciasjb.salesianos.edu\/colegio\/wp-content\/uploads\/sites\/2\/2018\/12\/IMG-20181205-WA0019.jpg","datePublished":"2018-12-11T11:41:04+00:00","dateModified":"2018-12-11T11:43:29+00:00","author":{"@id":"https:\/\/valenciasjb.salesianos.edu\/colegio\/#\/schema\/person\/1f45b67e52b27da175190a574db6bed9"},"breadcrumb":{"@id":"https:\/\/valenciasjb.salesianos.edu\/colegio\/una-manana-en-la-casqueria-los-alumnos-de-5-anos-han-disfrutado-de-un-taller-muy-curioso\/#breadcrumb"},"inLanguage":"es","potentialAction":[{"@type":"ReadAction","target":["https:\/\/valenciasjb.salesianos.edu\/colegio\/una-manana-en-la-casqueria-los-alumnos-de-5-anos-han-disfrutado-de-un-taller-muy-curioso\/"]}]},{"@type":"ImageObject","inLanguage":"es","@id":"https:\/\/valenciasjb.salesianos.edu\/colegio\/una-manana-en-la-casqueria-los-alumnos-de-5-anos-han-disfrutado-de-un-taller-muy-curioso\/#primaryimage","url":"https:\/\/valenciasjb.salesianos.edu\/colegio\/wp-content\/uploads\/sites\/2\/2018\/12\/IMG-20181205-WA0019.jpg","contentUrl":"https:\/\/valenciasjb.salesianos.edu\/colegio\/wp-content\/uploads\/sites\/2\/2018\/12\/IMG-20181205-WA0019.jpg","width":1024,"height":768},{"@type":"BreadcrumbList","@id":"https:\/\/valenciasjb.salesianos.edu\/colegio\/una-manana-en-la-casqueria-los-alumnos-de-5-anos-han-disfrutado-de-un-taller-muy-curioso\/#breadcrumb","itemListElement":[{"@type":"ListItem","position":1,"name":"Portada","item":"https:\/\/valenciasjb.salesianos.edu\/colegio\/"},{"@type":"ListItem","position":2,"name":"Una ma\u00f1ana en la casquer\u00eda: los alumnos de 5 a\u00f1os han disfrutado de un taller muy curioso"}]},{"@type":"WebSite","@id":"https:\/\/valenciasjb.salesianos.edu\/colegio\/#website","url":"https:\/\/valenciasjb.salesianos.edu\/colegio\/","name":"Colegio San Juan Bosco Valencia","description":"P\u00e1gina oficial del Colegio Salesianos San Juan Bosco Valencia","alternateName":"Salesianos.VSJB","potentialAction":[{"@type":"SearchAction","target":{"@type":"EntryPoint","urlTemplate":"https:\/\/valenciasjb.salesianos.edu\/colegio\/?s={search_term_string}"},"query-input":{"@type":"PropertyValueSpecification","valueRequired":true,"valueName":"search_term_string"}}],"inLanguage":"es"},{"@type":"Person","@id":"https:\/\/valenciasjb.salesianos.edu\/colegio\/#\/schema\/person\/1f45b67e52b27da175190a574db6bed9","name":"veronicapastor","image":{"@type":"ImageObject","inLanguage":"es","@id":"https:\/\/secure.gravatar.com\/avatar\/e29bd40bace3fd935e1d6fdb7313ffc14628cc037c5e16f4c7369b20a2a6f7f0?s=96&d=mm&r=g","url":"https:\/\/secure.gravatar.com\/avatar\/e29bd40bace3fd935e1d6fdb7313ffc14628cc037c5e16f4c7369b20a2a6f7f0?s=96&d=mm&r=g","contentUrl":"https:\/\/secure.gravatar.com\/avatar\/e29bd40bace3fd935e1d6fdb7313ffc14628cc037c5e16f4c7369b20a2a6f7f0?s=96&d=mm&r=g","caption":"veronicapastor"}}]}},"_links":{"self":[{"href":"https:\/\/valenciasjb.salesianos.edu\/colegio\/wp-json\/wp\/v2\/posts\/9978","targetHints":{"allow":["GET"]}}],"collection":[{"href":"https:\/\/valenciasjb.salesianos.edu\/colegio\/wp-json\/wp\/v2\/posts"}],"about":[{"href":"https:\/\/valenciasjb.salesianos.edu\/colegio\/wp-json\/wp\/v2\/types\/post"}],"author":[{"embeddable":true,"href":"https:\/\/valenciasjb.salesianos.edu\/colegio\/wp-json\/wp\/v2\/users\/6"}],"replies":[{"embeddable":true,"href":"https:\/\/valenciasjb.salesianos.edu\/colegio\/wp-json\/wp\/v2\/comments?post=9978"}],"version-history":[{"count":3,"href":"https:\/\/valenciasjb.salesianos.edu\/colegio\/wp-json\/wp\/v2\/posts\/9978\/revisions"}],"predecessor-version":[{"id":9988,"href":"https:\/\/valenciasjb.salesianos.edu\/colegio\/wp-json\/wp\/v2\/posts\/9978\/revisions\/9988"}],"wp:featuredmedia":[{"embeddable":true,"href":"https:\/\/valenciasjb.salesianos.edu\/colegio\/wp-json\/wp\/v2\/media\/9983"}],"wp:attachment":[{"href":"https:\/\/valenciasjb.salesianos.edu\/colegio\/wp-json\/wp\/v2\/media?parent=9978"}],"wp:term":[{"taxonomy":"category","embeddable":true,"href":"https:\/\/valenciasjb.salesianos.edu\/colegio\/wp-json\/wp\/v2\/categories?post=9978"},{"taxonomy":"post_tag","embeddable":true,"href":"https:\/\/valenciasjb.salesianos.edu\/colegio\/wp-json\/wp\/v2\/tags?post=9978"}],"curies":[{"name":"wp","href":"https:\/\/api.w.org\/{rel}","templated":true}]}}