{"id":9990,"date":"2018-12-11T22:11:15","date_gmt":"2018-12-11T21:11:15","guid":{"rendered":"https:\/\/valenciasjb.salesianos.edu\/colegio\/?p=9990"},"modified":"2018-12-11T22:11:15","modified_gmt":"2018-12-11T21:11:15","slug":"liderazgo-etico-en-profesores-y-alumnos-primera-ponencia-del-ciclo-de-conferencias-la-vida-con-filosofia-en-coordinacion-entre-el-colegio-salesiano-san-juan-bosco","status":"publish","type":"post","link":"https:\/\/valenciasjb.salesianos.edu\/colegio\/liderazgo-etico-en-profesores-y-alumnos-primera-ponencia-del-ciclo-de-conferencias-la-vida-con-filosofia-en-coordinacion-entre-el-colegio-salesiano-san-juan-bosco\/","title":{"rendered":"\u201cLiderazgo \u00e9tico en profesores y alumnos\u201d, primera ponencia del Ciclo de Conferencias \u201cLa vida con filosof\u00eda\u201d en coordinaci\u00f3n entre el Colegio Salesiano San Juan Bosco y la Universidad Cat\u00f3lica de Valencia"},"content":{"rendered":"<div id=\"fb-root\"><\/div>\n<p>[et_pb_section bb_built=\u00bb1&#8243; admin_label=\u00bbsection\u00bb][et_pb_row admin_label=\u00bbrow\u00bb background_position=\u00bbtop_left\u00bb background_repeat=\u00bbrepeat\u00bb background_size=\u00bbinitial\u00bb][et_pb_column type=\u00bb4_4&#8243;][et_pb_text admin_label=\u00bbEntradilla (Texto)\u00bb _builder_version=\u00bb3.0.105&#8243; background_layout=\u00bblight\u00bb text_orientation=\u00bbjustified\u00bb text_font=\u00bb|on|||\u00bb module_alignment=\u00bbleft\u00bb]<\/p>\n<div id=\"resumen\">\n<p><span style=\"font-weight: 400\">El Colegio Salesiano San Juan Bosco de Valencia ha organizado en colaboraci\u00f3n con la Facultad de Filosof\u00eda, Antropolog\u00eda y Trabajo Social de la Universidad Cat\u00f3lica de Valencia un ciclo de conferencias que, en su primera ponencia, ha analizado el liderazgo \u00e9tico en profesores y alumnos. Dicha conferencia ha tenido lugar en la tarde del martes 11 de diciembre, a cargo de D. Gin\u00e9s Marco, Decano de la Facultad de Filosof\u00eda de la UCV.<\/span><\/p>\n<\/div>\n<div><\/div>\n<p>[\/et_pb_text][et_pb_text admin_label=\u00bbAutor (Texto)\u00bb _builder_version=\u00bb3.0.105&#8243; background_layout=\u00bblight\u00bb text_font=\u00bb||on||\u00bb]<\/p>\n<p>Redacci\u00f3n.<\/p>\n<p>[\/et_pb_text][et_pb_text admin_label=\u00bbDesarrollo (Texto)\u00bb _builder_version=\u00bb3.0.105&#8243; background_layout=\u00bblight\u00bb text_orientation=\u00bbjustified\u00bb module_alignment=\u00bbleft\u00bb]<\/p>\n<p><span style=\"font-weight: 400\">Esta primera sesi\u00f3n ha tenido una muy buena acogida, con la sala 200 al completo, cuyo p\u00fablico ha sido mayoritariamente el alumnado de Bachillerato, aunque tambi\u00e9n algunas familias y miembros del claustro de profesores de las diferentes etapas.<\/span><\/p>\n<p><span style=\"font-weight: 400\">El ciclo, que lleva por t\u00edtulo \u201cLa vida con filosof\u00eda\u201d se prolongar\u00e1 hasta el pr\u00f3ximo mes de junio. De este modo, el ciclo ofrecer\u00e1 en pr\u00f3ximas sesiones las conferencias \u201cLa realidad allende lo dado\u201d, a cargo de Alfredo Esteve, docente del Grado en Filosof\u00eda de la UCV, el 5 de marzo; \u201cTranshumanismo: la muerte de la muerte\u201d, por el ponente Rafael Monterde, becario doctoral adscrito a la Facultad de Filosof\u00eda de la UCV, el d\u00eda 9 de abril; y \u201cLa persona como ser trascendente\u201d, que pronunciar\u00e1n Jos\u00e9 G\u00f3mez Palacios y Juan Bautista Peris, directores de la casa y del colegio, el 21 de mayo.<\/span><\/p>\n<p><span style=\"font-weight: 400\">El Departamento de Ciencias Sociales y Humanidades del colegio organiza esta iniciativa, pues \u201cse trata de una buena oportunidad para comprobar de primera mano c\u00f3mo el pensamiento y la filosof\u00eda forman parte importante de nuestro d\u00eda a d\u00eda\u201d.<\/span><\/p>\n<p>[\/et_pb_text][et_pb_text admin_label=\u00bbT\u00edtulo: Galer\u00eda de fotos (Texto)\u00bb _builder_version=\u00bb3.0.76&#8243; background_layout=\u00bblight\u00bb text_font=\u00bb|on|||\u00bb text_text_color=\u00bb#dc001b\u00bb border_style=\u00bbsolid\u00bb disabled=\u00bboff\u00bb disabled_on=\u00bboff|on|on\u00bb]<\/p>\n<p>Galer\u00eda de im\u00e1genes<\/p>\n<p>[\/et_pb_text][et_pb_gallery _builder_version=\u00bb3.0.105&#8243; posts_number=\u00bb8&#8243; show_title_and_caption=\u00bboff\u00bb show_pagination=\u00bbon\u00bb fullwidth=\u00bboff\u00bb orientation=\u00bblandscape\u00bb zoom_icon_color=\u00bb#dc001b\u00bb hover_overlay_color=\u00bbrgba(255,255,255,0.9)\u00bb hover_icon=\u00bb%%51%%\u00bb background_layout=\u00bblight\u00bb disabled=\u00bboff\u00bb disabled_on=\u00bboff|off|off\u00bb gallery_ids=\u00bb9992,9993,9994,9995,9996,9997,9998,9991&#8243; pagination_font_size_tablet=\u00bb51&#8243; pagination_line_height_tablet=\u00bb2&#8243; \/][et_pb_video _builder_version=\u00bb3.0.51&#8243; disabled=\u00bbon\u00bb disabled_on=\u00bbon|on|on\u00bb \/][\/et_pb_column][\/et_pb_row][\/et_pb_section]<\/p>\n<!-- AddThis Advanced Settings generic via filter on the_content --><!-- AddThis Share Buttons generic via filter on the_content -->","protected":false},"excerpt":{"rendered":"<p>El Colegio Salesiano San Juan Bosco de Valencia ha organizado en colaboraci\u00f3n con la Facultad de Filosof\u00eda, Antropolog\u00eda y Trabajo Social de la Universidad Cat\u00f3lica de Valencia un ciclo de conferencias que, en su primera ponencia, ha analizado el liderazgo \u00e9tico en profesores y alumnos. Dicha conferencia ha tenido lugar en la tarde del martes [&hellip;]<\/p>\n<p><!-- AddThis Advanced Settings generic via filter on get_the_excerpt --><!-- AddThis Share Buttons generic via filter on get_the_excerpt --><\/p>\n","protected":false},"author":6,"featured_media":9991,"comment_status":"closed","ping_status":"open","sticky":false,"template":"","format":"standard","meta":{"_et_pb_use_builder":"on","_et_pb_old_content":"","_et_gb_content_width":"","footnotes":""},"categories":[14],"tags":[],"class_list":["post-9990","post","type-post","status-publish","format-standard","has-post-thumbnail","hentry","category-noticia_colegio"],"yoast_head":"<!-- This site is optimized with the Yoast SEO plugin v28.4 - https:\/\/yoast.com\/product\/yoast-seo-wordpress\/ -->\n<title>\u201cLiderazgo \u00e9tico en profesores y alumnos\u201d, primera ponencia del Ciclo de Conferencias \u201cLa vida con filosof\u00eda\u201d en coordinaci\u00f3n entre el Colegio Salesiano San Juan Bosco y la Universidad Cat\u00f3lica de Valencia - Colegio San Juan Bosco Valencia<\/title>\n<meta name=\"robots\" content=\"index, follow, max-snippet:-1, max-image-preview:large, max-video-preview:-1\" \/>\n<link rel=\"canonical\" href=\"https:\/\/valenciasjb.salesianos.edu\/colegio\/liderazgo-etico-en-profesores-y-alumnos-primera-ponencia-del-ciclo-de-conferencias-la-vida-con-filosofia-en-coordinacion-entre-el-colegio-salesiano-san-juan-bosco\/\" \/>\n<meta property=\"og:locale\" content=\"es_ES\" \/>\n<meta property=\"og:type\" content=\"article\" \/>\n<meta property=\"og:title\" content=\"\u201cLiderazgo \u00e9tico en profesores y alumnos\u201d, primera ponencia del Ciclo de Conferencias \u201cLa vida con filosof\u00eda\u201d en coordinaci\u00f3n entre el Colegio Salesiano San Juan Bosco y la Universidad Cat\u00f3lica de Valencia - Colegio San Juan Bosco Valencia\" \/>\n<meta property=\"og:description\" content=\"El Colegio Salesiano San Juan Bosco de Valencia ha organizado en colaboraci\u00f3n con la Facultad de Filosof\u00eda, Antropolog\u00eda y Trabajo Social de la Universidad Cat\u00f3lica de Valencia un ciclo de conferencias que, en su primera ponencia, ha analizado el liderazgo \u00e9tico en profesores y alumnos. Dicha conferencia ha tenido lugar en la tarde del martes [&hellip;]\" \/>\n<meta property=\"og:url\" content=\"https:\/\/valenciasjb.salesianos.edu\/colegio\/liderazgo-etico-en-profesores-y-alumnos-primera-ponencia-del-ciclo-de-conferencias-la-vida-con-filosofia-en-coordinacion-entre-el-colegio-salesiano-san-juan-bosco\/\" \/>\n<meta property=\"og:site_name\" content=\"Colegio San Juan Bosco Valencia\" \/>\n<meta property=\"article:publisher\" content=\"https:\/\/www.facebook.com\/ColegioSalesianoSanJuanBoscoValencia\" \/>\n<meta property=\"article:published_time\" content=\"2018-12-11T21:11:15+00:00\" \/>\n<meta property=\"og:image\" content=\"https:\/\/valenciasjb.salesianos.edu\/colegio\/wp-content\/uploads\/sites\/2\/2018\/12\/grupo-buena-1024x683.jpg\" \/>\n\t<meta property=\"og:image:width\" content=\"1024\" \/>\n\t<meta property=\"og:image:height\" content=\"683\" \/>\n\t<meta property=\"og:image:type\" content=\"image\/jpeg\" \/>\n<meta name=\"author\" content=\"veronicapastor\" \/>\n<meta name=\"twitter:card\" content=\"summary_large_image\" \/>\n<meta name=\"twitter:creator\" content=\"@SalesianosVSJB\" \/>\n<meta name=\"twitter:site\" content=\"@SalesianosVSJB\" \/>\n<meta name=\"twitter:label1\" content=\"Escrito por\" \/>\n\t<meta name=\"twitter:data1\" content=\"veronicapastor\" \/>\n\t<meta name=\"twitter:label2\" content=\"Tiempo de lectura\" \/>\n\t<meta name=\"twitter:data2\" content=\"2 minutos\" \/>\n<script type=\"application\/ld+json\" class=\"yoast-schema-graph\">{\"@context\":\"https:\\\/\\\/schema.org\",\"@graph\":[{\"@type\":\"Article\",\"@id\":\"https:\\\/\\\/valenciasjb.salesianos.edu\\\/colegio\\\/liderazgo-etico-en-profesores-y-alumnos-primera-ponencia-del-ciclo-de-conferencias-la-vida-con-filosofia-en-coordinacion-entre-el-colegio-salesiano-san-juan-bosco\\\/#article\",\"isPartOf\":{\"@id\":\"https:\\\/\\\/valenciasjb.salesianos.edu\\\/colegio\\\/liderazgo-etico-en-profesores-y-alumnos-primera-ponencia-del-ciclo-de-conferencias-la-vida-con-filosofia-en-coordinacion-entre-el-colegio-salesiano-san-juan-bosco\\\/\"},\"author\":{\"name\":\"veronicapastor\",\"@id\":\"https:\\\/\\\/valenciasjb.salesianos.edu\\\/colegio\\\/#\\\/schema\\\/person\\\/1f45b67e52b27da175190a574db6bed9\"},\"headline\":\"\u201cLiderazgo \u00e9tico en profesores y alumnos\u201d, primera ponencia del Ciclo de Conferencias \u201cLa vida con filosof\u00eda\u201d en coordinaci\u00f3n entre el Colegio Salesiano San Juan Bosco y la Universidad Cat\u00f3lica de Valencia\",\"datePublished\":\"2018-12-11T21:11:15+00:00\",\"mainEntityOfPage\":{\"@id\":\"https:\\\/\\\/valenciasjb.salesianos.edu\\\/colegio\\\/liderazgo-etico-en-profesores-y-alumnos-primera-ponencia-del-ciclo-de-conferencias-la-vida-con-filosofia-en-coordinacion-entre-el-colegio-salesiano-san-juan-bosco\\\/\"},\"wordCount\":511,\"image\":{\"@id\":\"https:\\\/\\\/valenciasjb.salesianos.edu\\\/colegio\\\/liderazgo-etico-en-profesores-y-alumnos-primera-ponencia-del-ciclo-de-conferencias-la-vida-con-filosofia-en-coordinacion-entre-el-colegio-salesiano-san-juan-bosco\\\/#primaryimage\"},\"thumbnailUrl\":\"https:\\\/\\\/valenciasjb.salesianos.edu\\\/colegio\\\/wp-content\\\/uploads\\\/sites\\\/2\\\/2018\\\/12\\\/grupo-buena.jpg\",\"articleSection\":[\"Noticia Colegio\"],\"inLanguage\":\"es\"},{\"@type\":\"WebPage\",\"@id\":\"https:\\\/\\\/valenciasjb.salesianos.edu\\\/colegio\\\/liderazgo-etico-en-profesores-y-alumnos-primera-ponencia-del-ciclo-de-conferencias-la-vida-con-filosofia-en-coordinacion-entre-el-colegio-salesiano-san-juan-bosco\\\/\",\"url\":\"https:\\\/\\\/valenciasjb.salesianos.edu\\\/colegio\\\/liderazgo-etico-en-profesores-y-alumnos-primera-ponencia-del-ciclo-de-conferencias-la-vida-con-filosofia-en-coordinacion-entre-el-colegio-salesiano-san-juan-bosco\\\/\",\"name\":\"\u201cLiderazgo \u00e9tico en profesores y alumnos\u201d, primera ponencia del Ciclo de Conferencias \u201cLa vida con filosof\u00eda\u201d en coordinaci\u00f3n entre el Colegio Salesiano San Juan Bosco y la Universidad Cat\u00f3lica de Valencia - Colegio San Juan Bosco Valencia\",\"isPartOf\":{\"@id\":\"https:\\\/\\\/valenciasjb.salesianos.edu\\\/colegio\\\/#website\"},\"primaryImageOfPage\":{\"@id\":\"https:\\\/\\\/valenciasjb.salesianos.edu\\\/colegio\\\/liderazgo-etico-en-profesores-y-alumnos-primera-ponencia-del-ciclo-de-conferencias-la-vida-con-filosofia-en-coordinacion-entre-el-colegio-salesiano-san-juan-bosco\\\/#primaryimage\"},\"image\":{\"@id\":\"https:\\\/\\\/valenciasjb.salesianos.edu\\\/colegio\\\/liderazgo-etico-en-profesores-y-alumnos-primera-ponencia-del-ciclo-de-conferencias-la-vida-con-filosofia-en-coordinacion-entre-el-colegio-salesiano-san-juan-bosco\\\/#primaryimage\"},\"thumbnailUrl\":\"https:\\\/\\\/valenciasjb.salesianos.edu\\\/colegio\\\/wp-content\\\/uploads\\\/sites\\\/2\\\/2018\\\/12\\\/grupo-buena.jpg\",\"datePublished\":\"2018-12-11T21:11:15+00:00\",\"author\":{\"@id\":\"https:\\\/\\\/valenciasjb.salesianos.edu\\\/colegio\\\/#\\\/schema\\\/person\\\/1f45b67e52b27da175190a574db6bed9\"},\"breadcrumb\":{\"@id\":\"https:\\\/\\\/valenciasjb.salesianos.edu\\\/colegio\\\/liderazgo-etico-en-profesores-y-alumnos-primera-ponencia-del-ciclo-de-conferencias-la-vida-con-filosofia-en-coordinacion-entre-el-colegio-salesiano-san-juan-bosco\\\/#breadcrumb\"},\"inLanguage\":\"es\",\"potentialAction\":[{\"@type\":\"ReadAction\",\"target\":[\"https:\\\/\\\/valenciasjb.salesianos.edu\\\/colegio\\\/liderazgo-etico-en-profesores-y-alumnos-primera-ponencia-del-ciclo-de-conferencias-la-vida-con-filosofia-en-coordinacion-entre-el-colegio-salesiano-san-juan-bosco\\\/\"]}]},{\"@type\":\"ImageObject\",\"inLanguage\":\"es\",\"@id\":\"https:\\\/\\\/valenciasjb.salesianos.edu\\\/colegio\\\/liderazgo-etico-en-profesores-y-alumnos-primera-ponencia-del-ciclo-de-conferencias-la-vida-con-filosofia-en-coordinacion-entre-el-colegio-salesiano-san-juan-bosco\\\/#primaryimage\",\"url\":\"https:\\\/\\\/valenciasjb.salesianos.edu\\\/colegio\\\/wp-content\\\/uploads\\\/sites\\\/2\\\/2018\\\/12\\\/grupo-buena.jpg\",\"contentUrl\":\"https:\\\/\\\/valenciasjb.salesianos.edu\\\/colegio\\\/wp-content\\\/uploads\\\/sites\\\/2\\\/2018\\\/12\\\/grupo-buena.jpg\",\"width\":3984,\"height\":2656},{\"@type\":\"BreadcrumbList\",\"@id\":\"https:\\\/\\\/valenciasjb.salesianos.edu\\\/colegio\\\/liderazgo-etico-en-profesores-y-alumnos-primera-ponencia-del-ciclo-de-conferencias-la-vida-con-filosofia-en-coordinacion-entre-el-colegio-salesiano-san-juan-bosco\\\/#breadcrumb\",\"itemListElement\":[{\"@type\":\"ListItem\",\"position\":1,\"name\":\"Portada\",\"item\":\"https:\\\/\\\/valenciasjb.salesianos.edu\\\/colegio\\\/\"},{\"@type\":\"ListItem\",\"position\":2,\"name\":\"\u201cLiderazgo \u00e9tico en profesores y alumnos\u201d, primera ponencia del Ciclo de Conferencias \u201cLa vida con filosof\u00eda\u201d en coordinaci\u00f3n entre el Colegio Salesiano San Juan Bosco y la Universidad Cat\u00f3lica de Valencia\"}]},{\"@type\":\"WebSite\",\"@id\":\"https:\\\/\\\/valenciasjb.salesianos.edu\\\/colegio\\\/#website\",\"url\":\"https:\\\/\\\/valenciasjb.salesianos.edu\\\/colegio\\\/\",\"name\":\"Colegio San Juan Bosco Valencia\",\"description\":\"P\u00e1gina oficial del Colegio Salesianos San Juan Bosco Valencia\",\"alternateName\":\"Salesianos.VSJB\",\"potentialAction\":[{\"@type\":\"SearchAction\",\"target\":{\"@type\":\"EntryPoint\",\"urlTemplate\":\"https:\\\/\\\/valenciasjb.salesianos.edu\\\/colegio\\\/?s={search_term_string}\"},\"query-input\":{\"@type\":\"PropertyValueSpecification\",\"valueRequired\":true,\"valueName\":\"search_term_string\"}}],\"inLanguage\":\"es\"},{\"@type\":\"Person\",\"@id\":\"https:\\\/\\\/valenciasjb.salesianos.edu\\\/colegio\\\/#\\\/schema\\\/person\\\/1f45b67e52b27da175190a574db6bed9\",\"name\":\"veronicapastor\",\"image\":{\"@type\":\"ImageObject\",\"inLanguage\":\"es\",\"@id\":\"https:\\\/\\\/secure.gravatar.com\\\/avatar\\\/e29bd40bace3fd935e1d6fdb7313ffc14628cc037c5e16f4c7369b20a2a6f7f0?s=96&d=mm&r=g\",\"url\":\"https:\\\/\\\/secure.gravatar.com\\\/avatar\\\/e29bd40bace3fd935e1d6fdb7313ffc14628cc037c5e16f4c7369b20a2a6f7f0?s=96&d=mm&r=g\",\"contentUrl\":\"https:\\\/\\\/secure.gravatar.com\\\/avatar\\\/e29bd40bace3fd935e1d6fdb7313ffc14628cc037c5e16f4c7369b20a2a6f7f0?s=96&d=mm&r=g\",\"caption\":\"veronicapastor\"}}]}<\/script>\n<!-- \/ Yoast SEO plugin. -->","yoast_head_json":{"title":"\u201cLiderazgo \u00e9tico en profesores y alumnos\u201d, primera ponencia del Ciclo de Conferencias \u201cLa vida con filosof\u00eda\u201d en coordinaci\u00f3n entre el Colegio Salesiano San Juan Bosco y la Universidad Cat\u00f3lica de Valencia - Colegio San Juan Bosco Valencia","robots":{"index":"index","follow":"follow","max-snippet":"max-snippet:-1","max-image-preview":"max-image-preview:large","max-video-preview":"max-video-preview:-1"},"canonical":"https:\/\/valenciasjb.salesianos.edu\/colegio\/liderazgo-etico-en-profesores-y-alumnos-primera-ponencia-del-ciclo-de-conferencias-la-vida-con-filosofia-en-coordinacion-entre-el-colegio-salesiano-san-juan-bosco\/","og_locale":"es_ES","og_type":"article","og_title":"\u201cLiderazgo \u00e9tico en profesores y alumnos\u201d, primera ponencia del Ciclo de Conferencias \u201cLa vida con filosof\u00eda\u201d en coordinaci\u00f3n entre el Colegio Salesiano San Juan Bosco y la Universidad Cat\u00f3lica de Valencia - Colegio San Juan Bosco Valencia","og_description":"El Colegio Salesiano San Juan Bosco de Valencia ha organizado en colaboraci\u00f3n con la Facultad de Filosof\u00eda, Antropolog\u00eda y Trabajo Social de la Universidad Cat\u00f3lica de Valencia un ciclo de conferencias que, en su primera ponencia, ha analizado el liderazgo \u00e9tico en profesores y alumnos. Dicha conferencia ha tenido lugar en la tarde del martes [&hellip;]","og_url":"https:\/\/valenciasjb.salesianos.edu\/colegio\/liderazgo-etico-en-profesores-y-alumnos-primera-ponencia-del-ciclo-de-conferencias-la-vida-con-filosofia-en-coordinacion-entre-el-colegio-salesiano-san-juan-bosco\/","og_site_name":"Colegio San Juan Bosco Valencia","article_publisher":"https:\/\/www.facebook.com\/ColegioSalesianoSanJuanBoscoValencia","article_published_time":"2018-12-11T21:11:15+00:00","og_image":[{"width":1024,"height":683,"url":"https:\/\/valenciasjb.salesianos.edu\/colegio\/wp-content\/uploads\/sites\/2\/2018\/12\/grupo-buena-1024x683.jpg","type":"image\/jpeg"}],"author":"veronicapastor","twitter_card":"summary_large_image","twitter_creator":"@SalesianosVSJB","twitter_site":"@SalesianosVSJB","twitter_misc":{"Escrito por":"veronicapastor","Tiempo de lectura":"2 minutos"},"schema":{"@context":"https:\/\/schema.org","@graph":[{"@type":"Article","@id":"https:\/\/valenciasjb.salesianos.edu\/colegio\/liderazgo-etico-en-profesores-y-alumnos-primera-ponencia-del-ciclo-de-conferencias-la-vida-con-filosofia-en-coordinacion-entre-el-colegio-salesiano-san-juan-bosco\/#article","isPartOf":{"@id":"https:\/\/valenciasjb.salesianos.edu\/colegio\/liderazgo-etico-en-profesores-y-alumnos-primera-ponencia-del-ciclo-de-conferencias-la-vida-con-filosofia-en-coordinacion-entre-el-colegio-salesiano-san-juan-bosco\/"},"author":{"name":"veronicapastor","@id":"https:\/\/valenciasjb.salesianos.edu\/colegio\/#\/schema\/person\/1f45b67e52b27da175190a574db6bed9"},"headline":"\u201cLiderazgo \u00e9tico en profesores y alumnos\u201d, primera ponencia del Ciclo de Conferencias \u201cLa vida con filosof\u00eda\u201d en coordinaci\u00f3n entre el Colegio Salesiano San Juan Bosco y la Universidad Cat\u00f3lica de Valencia","datePublished":"2018-12-11T21:11:15+00:00","mainEntityOfPage":{"@id":"https:\/\/valenciasjb.salesianos.edu\/colegio\/liderazgo-etico-en-profesores-y-alumnos-primera-ponencia-del-ciclo-de-conferencias-la-vida-con-filosofia-en-coordinacion-entre-el-colegio-salesiano-san-juan-bosco\/"},"wordCount":511,"image":{"@id":"https:\/\/valenciasjb.salesianos.edu\/colegio\/liderazgo-etico-en-profesores-y-alumnos-primera-ponencia-del-ciclo-de-conferencias-la-vida-con-filosofia-en-coordinacion-entre-el-colegio-salesiano-san-juan-bosco\/#primaryimage"},"thumbnailUrl":"https:\/\/valenciasjb.salesianos.edu\/colegio\/wp-content\/uploads\/sites\/2\/2018\/12\/grupo-buena.jpg","articleSection":["Noticia Colegio"],"inLanguage":"es"},{"@type":"WebPage","@id":"https:\/\/valenciasjb.salesianos.edu\/colegio\/liderazgo-etico-en-profesores-y-alumnos-primera-ponencia-del-ciclo-de-conferencias-la-vida-con-filosofia-en-coordinacion-entre-el-colegio-salesiano-san-juan-bosco\/","url":"https:\/\/valenciasjb.salesianos.edu\/colegio\/liderazgo-etico-en-profesores-y-alumnos-primera-ponencia-del-ciclo-de-conferencias-la-vida-con-filosofia-en-coordinacion-entre-el-colegio-salesiano-san-juan-bosco\/","name":"\u201cLiderazgo \u00e9tico en profesores y alumnos\u201d, primera ponencia del Ciclo de Conferencias \u201cLa vida con filosof\u00eda\u201d en coordinaci\u00f3n entre el Colegio Salesiano San Juan Bosco y la Universidad Cat\u00f3lica de Valencia - Colegio San Juan Bosco Valencia","isPartOf":{"@id":"https:\/\/valenciasjb.salesianos.edu\/colegio\/#website"},"primaryImageOfPage":{"@id":"https:\/\/valenciasjb.salesianos.edu\/colegio\/liderazgo-etico-en-profesores-y-alumnos-primera-ponencia-del-ciclo-de-conferencias-la-vida-con-filosofia-en-coordinacion-entre-el-colegio-salesiano-san-juan-bosco\/#primaryimage"},"image":{"@id":"https:\/\/valenciasjb.salesianos.edu\/colegio\/liderazgo-etico-en-profesores-y-alumnos-primera-ponencia-del-ciclo-de-conferencias-la-vida-con-filosofia-en-coordinacion-entre-el-colegio-salesiano-san-juan-bosco\/#primaryimage"},"thumbnailUrl":"https:\/\/valenciasjb.salesianos.edu\/colegio\/wp-content\/uploads\/sites\/2\/2018\/12\/grupo-buena.jpg","datePublished":"2018-12-11T21:11:15+00:00","author":{"@id":"https:\/\/valenciasjb.salesianos.edu\/colegio\/#\/schema\/person\/1f45b67e52b27da175190a574db6bed9"},"breadcrumb":{"@id":"https:\/\/valenciasjb.salesianos.edu\/colegio\/liderazgo-etico-en-profesores-y-alumnos-primera-ponencia-del-ciclo-de-conferencias-la-vida-con-filosofia-en-coordinacion-entre-el-colegio-salesiano-san-juan-bosco\/#breadcrumb"},"inLanguage":"es","potentialAction":[{"@type":"ReadAction","target":["https:\/\/valenciasjb.salesianos.edu\/colegio\/liderazgo-etico-en-profesores-y-alumnos-primera-ponencia-del-ciclo-de-conferencias-la-vida-con-filosofia-en-coordinacion-entre-el-colegio-salesiano-san-juan-bosco\/"]}]},{"@type":"ImageObject","inLanguage":"es","@id":"https:\/\/valenciasjb.salesianos.edu\/colegio\/liderazgo-etico-en-profesores-y-alumnos-primera-ponencia-del-ciclo-de-conferencias-la-vida-con-filosofia-en-coordinacion-entre-el-colegio-salesiano-san-juan-bosco\/#primaryimage","url":"https:\/\/valenciasjb.salesianos.edu\/colegio\/wp-content\/uploads\/sites\/2\/2018\/12\/grupo-buena.jpg","contentUrl":"https:\/\/valenciasjb.salesianos.edu\/colegio\/wp-content\/uploads\/sites\/2\/2018\/12\/grupo-buena.jpg","width":3984,"height":2656},{"@type":"BreadcrumbList","@id":"https:\/\/valenciasjb.salesianos.edu\/colegio\/liderazgo-etico-en-profesores-y-alumnos-primera-ponencia-del-ciclo-de-conferencias-la-vida-con-filosofia-en-coordinacion-entre-el-colegio-salesiano-san-juan-bosco\/#breadcrumb","itemListElement":[{"@type":"ListItem","position":1,"name":"Portada","item":"https:\/\/valenciasjb.salesianos.edu\/colegio\/"},{"@type":"ListItem","position":2,"name":"\u201cLiderazgo \u00e9tico en profesores y alumnos\u201d, primera ponencia del Ciclo de Conferencias \u201cLa vida con filosof\u00eda\u201d en coordinaci\u00f3n entre el Colegio Salesiano San Juan Bosco y la Universidad Cat\u00f3lica de Valencia"}]},{"@type":"WebSite","@id":"https:\/\/valenciasjb.salesianos.edu\/colegio\/#website","url":"https:\/\/valenciasjb.salesianos.edu\/colegio\/","name":"Colegio San Juan Bosco Valencia","description":"P\u00e1gina oficial del Colegio Salesianos San Juan Bosco Valencia","alternateName":"Salesianos.VSJB","potentialAction":[{"@type":"SearchAction","target":{"@type":"EntryPoint","urlTemplate":"https:\/\/valenciasjb.salesianos.edu\/colegio\/?s={search_term_string}"},"query-input":{"@type":"PropertyValueSpecification","valueRequired":true,"valueName":"search_term_string"}}],"inLanguage":"es"},{"@type":"Person","@id":"https:\/\/valenciasjb.salesianos.edu\/colegio\/#\/schema\/person\/1f45b67e52b27da175190a574db6bed9","name":"veronicapastor","image":{"@type":"ImageObject","inLanguage":"es","@id":"https:\/\/secure.gravatar.com\/avatar\/e29bd40bace3fd935e1d6fdb7313ffc14628cc037c5e16f4c7369b20a2a6f7f0?s=96&d=mm&r=g","url":"https:\/\/secure.gravatar.com\/avatar\/e29bd40bace3fd935e1d6fdb7313ffc14628cc037c5e16f4c7369b20a2a6f7f0?s=96&d=mm&r=g","contentUrl":"https:\/\/secure.gravatar.com\/avatar\/e29bd40bace3fd935e1d6fdb7313ffc14628cc037c5e16f4c7369b20a2a6f7f0?s=96&d=mm&r=g","caption":"veronicapastor"}}]}},"_links":{"self":[{"href":"https:\/\/valenciasjb.salesianos.edu\/colegio\/wp-json\/wp\/v2\/posts\/9990","targetHints":{"allow":["GET"]}}],"collection":[{"href":"https:\/\/valenciasjb.salesianos.edu\/colegio\/wp-json\/wp\/v2\/posts"}],"about":[{"href":"https:\/\/valenciasjb.salesianos.edu\/colegio\/wp-json\/wp\/v2\/types\/post"}],"author":[{"embeddable":true,"href":"https:\/\/valenciasjb.salesianos.edu\/colegio\/wp-json\/wp\/v2\/users\/6"}],"replies":[{"embeddable":true,"href":"https:\/\/valenciasjb.salesianos.edu\/colegio\/wp-json\/wp\/v2\/comments?post=9990"}],"version-history":[{"count":2,"href":"https:\/\/valenciasjb.salesianos.edu\/colegio\/wp-json\/wp\/v2\/posts\/9990\/revisions"}],"predecessor-version":[{"id":10000,"href":"https:\/\/valenciasjb.salesianos.edu\/colegio\/wp-json\/wp\/v2\/posts\/9990\/revisions\/10000"}],"wp:featuredmedia":[{"embeddable":true,"href":"https:\/\/valenciasjb.salesianos.edu\/colegio\/wp-json\/wp\/v2\/media\/9991"}],"wp:attachment":[{"href":"https:\/\/valenciasjb.salesianos.edu\/colegio\/wp-json\/wp\/v2\/media?parent=9990"}],"wp:term":[{"taxonomy":"category","embeddable":true,"href":"https:\/\/valenciasjb.salesianos.edu\/colegio\/wp-json\/wp\/v2\/categories?post=9990"},{"taxonomy":"post_tag","embeddable":true,"href":"https:\/\/valenciasjb.salesianos.edu\/colegio\/wp-json\/wp\/v2\/tags?post=9990"}],"curies":[{"name":"wp","href":"https:\/\/api.w.org\/{rel}","templated":true}]}}